{"id":35091,"date":"2020-11-18T00:00:00","date_gmt":"2020-11-17T23:00:00","guid":{"rendered":"https:\/\/imagazine.it\/?p=35091"},"modified":"2020-11-18T00:00:00","modified_gmt":"2020-11-17T23:00:00","slug":"emergenza-covid-in-fvg-siglato-accordo-con-i-medici-di-base","status":"publish","type":"post","link":"https:\/\/imagazine.it\/home_desk\/emergenza-covid-in-fvg-siglato-accordo-con-i-medici-di-base\/","title":{"rendered":"Emergenza Covid, in FVG siglato accordo con i Medici di base"},"content":{"rendered":"<p>Firmate oggi a <strong>Trieste<\/strong> due intese finalizzate al rafforzamento delle attivit\u00e0 territoriali di diagnostica di primo livello e di prevenzione della trasmissione di Sars-Cov-2 e per la disciplina dei rapporti nel biennio 2020-2021 e delle attivit\u00e0 connesse all&#39;emergenza epidemiologica da Covid-19.<\/p>\n<p>&#8220;Il fenomeno &#8211; ha dichiarato il vicegovernatore del FVG, <strong>Riccardo Riccardi<\/strong> &#8211; si presenta con caratteristiche diverse rispetto alla prima ondata. Ha innanzitutto una dimensione molto pi\u00f9 ampia. Una delle curve della diffusione del Coronavirus riguarda infatti le persone che sono in isolamento che hanno raggiunto il numero di 10 mila. \u00c8 evidente che avere la Medicina generale in campo per affrontare questa situazione alleggerisce di molto le attivit\u00e0 dei Dipartimenti di prevenzione, appesantiti dal lavoro straordinario che stanno portando avanti nella lotta al Covid-19&#8243;.<\/p>\n<p>Scopo dell&#39;intesa siglata oggi \u00e8 soprattutto quella di disciplinare il coinvolgimento dei medici di medicina generale nel rafforzamento dell&#39;attivit\u00e0 di indagine epidemiologica attraverso l&#39;accertamento diagnostico. L&#39;obiettivo primario resta l&#39;identificazione rapida dei focolai e l&#39;isolamento dei casi per fornire alla popolazione una risposta e una tempestiva presa in carico rispetto alla diagnosi qualora si presentino sospetti contagi da Covid-19. Inoltre, per proseguire lo sforzo volto a contenere la diffusione dell&#39;epidemia, si vogliono individuare le misure necessarie a mantenere le strutture sanitarie &#8211; comprese quelle ambulatoriali &#8211; &#8220;Covid free&#8221;.<\/p>\n<p><a href=\"http:\/\/imagazinevideotruck.it\/outlet\/relink_euro.html\" target=\"_top\" rel=\"noopener\"><img loading=\"lazy\" decoding=\"async\" align=\"LEFT\" height=\"250\" src=\"http:\/\/imagazinevideotruck.it\/outlet\/euromobili_banner_art.jpg\" width=\"300\" alt=\"\" title=\"\"><\/a><\/p>\n<p>\u00a0<\/p>\n<p>\u00a0<\/p>\n<p>\u00a0<\/p>\n<p>\u00a0<\/p>\n<p>\u00a0<\/p>\n<p>\u00a0<\/p>\n<p>\u00a0<\/p>\n<p>\u00a0<\/p>\n<p>\u00a0<\/p>\n<p>L&#39;effettuazione dei tamponi antigenici rapidi, operata di concerto e in collaborazione con i Dipartimenti di Prevenzione, sar\u00e0 erogata nel rispetto delle indicazioni di sicurezza e di tutela degli operatori e dei pazienti, definite dagli organi di sanit\u00e0 pubblica.<\/p>\n<p>La fornitura dei tamponi \u00e8 assicurata ai medici dal Commissario per l&#39;emergenza Covid-19 unitamente ai necessari dispositivi di protezione individuale come le mascherine, le visiere e i camici. Sulla base delle autorizzazioni delle competenti autorit\u00e0 sanitarie, i test saranno effettuati negli studi personali dei medici di medicina generale, presso strutture fisse o mobili rese disponibili, in accordo con il Distretto di riferimento, dai Comuni e dalla Protezione civile e nelle sedi messe a disposizione dalle Aziende sanitarie.<\/p>\n<p>I tamponi saranno eseguiti anche in modalit\u00e0 di erogazione &#8220;drive through&#8221;, secondo un criterio di prossimit\u00e0 al bacino di utenza e al domicilio del paziente, in caso di disponibilit\u00e0 da parte del singolo medico di medicina generale, tenendo conto dell&#39;attivit\u00e0 gi\u00e0 prevista dalle Unit\u00e0 speciali di continuit\u00e0 assistenziale (Usca).<\/p>\n","protected":false},"excerpt":{"rendered":"<p>Due intese firmate a Trieste<\/p>\n","protected":false},"author":28,"featured_media":35092,"comment_status":"closed","ping_status":"closed","sticky":false,"template":"","format":"standard","meta":{"dwc-title":[],"dwc-content":[],"footnotes":""},"categories":[5],"tags":[],"class_list":["post-35091","post","type-post","status-publish","format-standard","has-post-thumbnail","hentry","category-attualita"],"rttpg_featured_image_url":{"full":["https:\/\/imagazine.it\/wp-content\/uploads\/2024\/01\/37004-1.webp",1000,669,false],"landscape":["https:\/\/imagazine.it\/wp-content\/uploads\/2024\/01\/37004-1.webp",1000,669,false],"portraits":["https:\/\/imagazine.it\/wp-content\/uploads\/2024\/01\/37004-1.webp",1000,669,false],"thumbnail":["https:\/\/imagazine.it\/wp-content\/uploads\/2024\/01\/37004-1-150x150.webp",150,150,true],"medium":["https:\/\/imagazine.it\/wp-content\/uploads\/2024\/01\/37004-1-300x201.webp",300,201,true],"large":["https:\/\/imagazine.it\/wp-content\/uploads\/2024\/01\/37004-1.webp",640,428,false],"thumblist":["https:\/\/imagazine.it\/wp-content\/uploads\/2024\/01\/37004-1.webp",300,201,false],"thumbrelated":["https:\/\/imagazine.it\/wp-content\/uploads\/2024\/01\/37004-1.webp",500,335,false],"meccarouselthumb":["https:\/\/imagazine.it\/wp-content\/uploads\/2024\/01\/37004-1.webp",474,317,false],"gridsquare":["https:\/\/imagazine.it\/wp-content\/uploads\/2024\/01\/37004-1.webp",389,260,false],"tileview":["https:\/\/imagazine.it\/wp-content\/uploads\/2024\/01\/37004-1.webp",300,201,false],"1536x1536":["https:\/\/imagazine.it\/wp-content\/uploads\/2024\/01\/37004-1.webp",1000,669,false],"2048x2048":["https:\/\/imagazine.it\/wp-content\/uploads\/2024\/01\/37004-1.webp",1000,669,false],"newsup-slider-full":["https:\/\/imagazine.it\/wp-content\/uploads\/2024\/01\/37004-1.webp",1000,669,false],"newsup-featured":["https:\/\/imagazine.it\/wp-content\/uploads\/2024\/01\/37004-1.webp",1000,669,false],"newsup-medium":["https:\/\/imagazine.it\/wp-content\/uploads\/2024\/01\/37004-1-720x380.webp",720,380,true],"tptn_thumbnail":["https:\/\/imagazine.it\/wp-content\/uploads\/2024\/01\/37004-1.webp",250,167,false],"sow-carousel-default":["https:\/\/imagazine.it\/wp-content\/uploads\/2024\/01\/37004-1-272x182.webp",272,182,true]},"rttpg_author":{"display_name":"redazione","author_link":"https:\/\/imagazine.it\/home_desk\/author\/redazione\/"},"rttpg_comment":0,"rttpg_category":"<a href=\"https:\/\/imagazine.it\/home_desk\/category\/attualita\/\" rel=\"category tag\">ATTUALIT\u00c0<\/a>","rttpg_excerpt":"Due intese firmate a Trieste","_links":{"self":[{"href":"https:\/\/imagazine.it\/home_desk\/wp-json\/wp\/v2\/posts\/35091","targetHints":{"allow":["GET"]}}],"collection":[{"href":"https:\/\/imagazine.it\/home_desk\/wp-json\/wp\/v2\/posts"}],"about":[{"href":"https:\/\/imagazine.it\/home_desk\/wp-json\/wp\/v2\/types\/post"}],"author":[{"embeddable":true,"href":"https:\/\/imagazine.it\/home_desk\/wp-json\/wp\/v2\/users\/28"}],"replies":[{"embeddable":true,"href":"https:\/\/imagazine.it\/home_desk\/wp-json\/wp\/v2\/comments?post=35091"}],"version-history":[{"count":0,"href":"https:\/\/imagazine.it\/home_desk\/wp-json\/wp\/v2\/posts\/35091\/revisions"}],"wp:featuredmedia":[{"embeddable":true,"href":"https:\/\/imagazine.it\/home_desk\/wp-json\/wp\/v2\/media\/35092"}],"wp:attachment":[{"href":"https:\/\/imagazine.it\/home_desk\/wp-json\/wp\/v2\/media?parent=35091"}],"wp:term":[{"taxonomy":"category","embeddable":true,"href":"https:\/\/imagazine.it\/home_desk\/wp-json\/wp\/v2\/categories?post=35091"},{"taxonomy":"post_tag","embeddable":true,"href":"https:\/\/imagazine.it\/home_desk\/wp-json\/wp\/v2\/tags?post=35091"}],"curies":[{"name":"wp","href":"https:\/\/api.w.org\/{rel}","templated":true}]}}