{"id":35089,"date":"2020-11-18T00:00:00","date_gmt":"2020-11-17T23:00:00","guid":{"rendered":"https:\/\/imagazine.it\/?p=35089"},"modified":"2020-11-18T00:00:00","modified_gmt":"2020-11-17T23:00:00","slug":"gorizia-si-mobilita-contro-la-violenza-sulle-donne","status":"publish","type":"post","link":"https:\/\/imagazine.it\/home_desk\/gorizia-si-mobilita-contro-la-violenza-sulle-donne\/","title":{"rendered":"Gorizia si mobilita contro la violenza sulle donne"},"content":{"rendered":"<p>In occasione della Giornata internazionale contro la violenza sulle donne, il 25 novembre, Sos Rosa di Gorizia, insieme all\u2019assessorato alle pari opportunit\u00e0 del Comune, hanno realizzato il progetto \u201cGorizia al femminile\u201d con una serie di iniziative, fra cui video spettacoli e due convegni on line, che vedranno come ospite anche l\u2019assessore regionale <strong>Alessia Rosolen<\/strong>.<\/p>\n<p>Il\u00a0primo incontro, il <strong>24 novembre<\/strong>,\u00a0dalle\u00a017 alle ore 19,\u00a0verter\u00e0 sul tema &#8220;Conciliazione dei tempi di cura e lavoro: punti di forza e di criticit\u00e0 della modalit\u00e0 del\u00a0Lavoro Agile nella sua applicazione a regime e di quella che \u00e8 stata l&#39;applicazione in emergenza&#8221;. Interverranno <strong>Marcella Chiesi<\/strong>, sociologa e consulente e formatrice per la valorizzazione del capitale umano nelle organizzazioni e direttrice dello studio D.U.O (donne e uomini nelle organizzazioni) di Roma, e <strong>Maura de Bon<\/strong>, sociologa e docente a contratto presso l&#39;Universit\u00e0 di Trento.<\/p>\n<p>Il secondo appuntamento,\u00a0il <strong>25 novembre<\/strong> dalle 17\u00a0alle ore 19, verter\u00e0 sul tema &#8220;Lavoro e conciliazione dei tempi di vita: un approccio di genere alla misura delle disuguaglianze&#8221; e sar\u00e0 trattato da <strong>Elena Marches<\/strong> dell&#39;ISTAT e da <strong>Roberto Samar<\/strong> dell&#39;Ufficio censimenti e statistica del Comune di Gorizia e vicepresidente dell&#39;USCI (unione statistica comuni italiani).<\/p>\n<p>Durante le videoconferenze, condotte da <strong>Maura Clementi<\/strong>, dirigente dei settori welfare, servizi educativi e pari opportunit\u00e0, \u00e8 prevista l&#39;interazione con il pubblico iscritto al convegno.<\/p>\n<p>Per iscriversi ai due convegni promossi\u00a0 in modalit\u00e0 smart, scrivere una email a\u00a0<a href=\"mailto:GOinROSA@minerva.it\" target=\"_blank\" rel=\"noopener\">GOinROSA@minerva.it<\/a><\/p>\n<p>Un\u2019altra iniziativa andr\u00e0 in \u201cscena\u201d il 28 novembre in cui si assister\u00e0 a\u00a0 \u201cLibrilliamo: molto D+ del rispetto\u201d: Verr\u00e0 reso disponibile un video spettacolo di letture musiche e interviste sul tema del rispetto e dell&#39;educazione di genere animato dai giovani studenti dell&#39;Associazione &#8220;Centro studium progetto librilliamo&#8221; sui\u00a0 siti:\u00a0<u><a href=\"http:\/\/www.comune.gorizia.it\/\" target=\"_blank\" rel=\"noopener\">www.comune.gorizia.it<\/a><\/u>;\u00a0<u><a href=\"http:\/\/www.sosrosagorizia.it\/\" target=\"_blank\" rel=\"noopener\">www.sosrosagorizia.it<\/a><\/u>;\u00a0<u><a href=\"https:\/\/educaregoriza.2001agsoc.it\/\" target=\"_blank\" rel=\"noopener\">https:\/\/educaregoriza.2001agsoc.it\/<\/a><\/u>;\u00a0<u><a href=\"http:\/\/www.librilliamo.it\/\" target=\"_blank\" rel=\"noopener\">www.librilliamo.it<\/a><\/u>;\u00a0<u><a href=\"http:\/\/www.minerva.it\/\" target=\"_blank\" rel=\"noopener\">www.minerva.it<\/a><\/u><\/p>\n<p><a href=\"http:\/\/imagazinevideotruck.it\/outlet\/relink.html\" target=\"_top\" rel=\"noopener\"><img loading=\"lazy\" decoding=\"async\" align=\"LEFT\" height=\"250\" src=\"http:\/\/imagazinevideotruck.it\/outlet\/outlet30.gif\" width=\"300\" alt=\"\" title=\"\"><\/a><\/p>\n<p>\u00a0<\/p>\n<p>\u00a0<\/p>\n<p>\u00a0<\/p>\n<p>\u00a0<\/p>\n<p>\u00a0<\/p>\n<p>\u00a0<\/p>\n<p>\u00a0<\/p>\n<p>\u00a0<\/p>\n<p>\u00a0<\/p>\n<p>\u201cAnche quest&#39;anno, nonostante la difficile situazione determinata dallo stato di emergenza sanitaria, abbiamo voluto essere presenti e incidere sulla necessit\u00e0 di mettere in campo il nostro impegno contro la violenza sulle donne \u2013 rimarca l\u2019assessore alle pari opportunit\u00e0, <strong>Marilena Bernobich <\/strong>\u2013\u00a0aderendo a un bando per l&#39;accesso ai contributi della Regione Friuli Venezia Giulia. In qualit\u00e0 di assessore alle Pari Opportunit\u00e0, ritengo che deve essere un impegno costante di ogni amministrazione contrastare e prevenire fenomeni di violenza e disparit\u00e0 di genere. Il progetto 2020 \u00e8 stato promosso\u00a0in partnership con l&#39;Associazione SOS Rosa\u201d.<\/p>\n<p>Ai convegni organizzati in modalit\u00e0 da remoto porteranno il proprio contributo anche la presidente della Commissione pari opportunit\u00e0 regionale, <strong>Dusolina Marcolin<\/strong>, e la consigliera di parit\u00e0 Isontina, <strong>Anna Limpido<\/strong>.<\/p>\n<p>L\u2019evento \u00e8 patrocinato dalla Prefettura e dalla rete DIRE (donne in rete contro la violenza).<\/p>\n<p>\u201cNonostante la difficile situazione creatasi con la pandemia \u2013 aggiunge la presidente di Sos Rosa, <strong>Francesca Vuanran<\/strong> \u2013 abbiamo deciso di impegnarci, assieme all\u2019amministrazione comunale, di progettare una serie di eventi per contribuire alla riflessione collettiva sul gravissimo problema della violenza sulle donne. L\u2019associazione S.O.S. ROSA, attraverso il suo Centro Antiviolenza, opera tutti i giorni dell\u2019anno offrendo un luogo non giudicante di ascolto, di accoglienza e di sostegno alle donne maggiorenni (e a eventuali figli minori) che si trovino in situazione di violenza domestica e maltrattamenti. In tale luogo si privilegia la relazione tra donne nel rispetto della segretezza e dell\u2019anonimato, offrendo un servizio in cui al centro si mette la donna con le sue fragilit\u00e0 e difficolt\u00e0 e dove si opera secondo il principio della\u00a0sorellanza,\u00a0dell\u2019autorit\u00e0 delle donne,\u00a0dell\u2019autodeterminazione, del lento ma progressivo cambiamento culturale\u00a0che pu\u00f2 realizzarsi solo attraverso l\u2019educazione al rispetto, al riconoscimento di stereotipi e al loro superamento. Percorsi con queste finalit\u00e0 vengono proposti alle scuole attraverso numerosi interventi e le iniziative, come quelle contenute nel progetto \u201cGorizia al femminile\u201d, agiscono da volano nel promuovere e sostenere la riflessione della comunit\u00e0 sulla complessit\u00e0 del fenomeno\u201d.<\/p>\n<p>Infine con il progetto &#8220;Una pianta per la vita&#8221; verr\u00e0 messo a dimora un melograno nello spazio adiacente alla panchina rossa collocata ai Giardini Pubblici corredata da una installazione artistica a ricordo di tutte le donne uccise.<\/p>\n","protected":false},"excerpt":{"rendered":"<p>Serie di iniziative in programma<\/p>\n","protected":false},"author":28,"featured_media":35090,"comment_status":"closed","ping_status":"closed","sticky":false,"template":"","format":"standard","meta":{"dwc-title":[],"dwc-content":[],"footnotes":""},"categories":[5],"tags":[],"class_list":["post-35089","post","type-post","status-publish","format-standard","has-post-thumbnail","hentry","category-attualita"],"rttpg_featured_image_url":{"full":["https:\/\/imagazine.it\/wp-content\/uploads\/2024\/01\/37002-1.webp",1000,750,false],"landscape":["https:\/\/imagazine.it\/wp-content\/uploads\/2024\/01\/37002-1.webp",1000,750,false],"portraits":["https:\/\/imagazine.it\/wp-content\/uploads\/2024\/01\/37002-1.webp",1000,750,false],"thumbnail":["https:\/\/imagazine.it\/wp-content\/uploads\/2024\/01\/37002-1-150x150.webp",150,150,true],"medium":["https:\/\/imagazine.it\/wp-content\/uploads\/2024\/01\/37002-1-300x225.webp",300,225,true],"large":["https:\/\/imagazine.it\/wp-content\/uploads\/2024\/01\/37002-1.webp",640,480,false],"thumblist":["https:\/\/imagazine.it\/wp-content\/uploads\/2024\/01\/37002-1.webp",300,225,false],"thumbrelated":["https:\/\/imagazine.it\/wp-content\/uploads\/2024\/01\/37002-1.webp",500,375,false],"meccarouselthumb":["https:\/\/imagazine.it\/wp-content\/uploads\/2024\/01\/37002-1.webp",432,324,false],"gridsquare":["https:\/\/imagazine.it\/wp-content\/uploads\/2024\/01\/37002-1.webp",347,260,false],"tileview":["https:\/\/imagazine.it\/wp-content\/uploads\/2024\/01\/37002-1.webp",300,225,false],"1536x1536":["https:\/\/imagazine.it\/wp-content\/uploads\/2024\/01\/37002-1.webp",1000,750,false],"2048x2048":["https:\/\/imagazine.it\/wp-content\/uploads\/2024\/01\/37002-1.webp",1000,750,false],"newsup-slider-full":["https:\/\/imagazine.it\/wp-content\/uploads\/2024\/01\/37002-1-1000x720.webp",1000,720,true],"newsup-featured":["https:\/\/imagazine.it\/wp-content\/uploads\/2024\/01\/37002-1.webp",1000,750,false],"newsup-medium":["https:\/\/imagazine.it\/wp-content\/uploads\/2024\/01\/37002-1-720x380.webp",720,380,true],"tptn_thumbnail":["https:\/\/imagazine.it\/wp-content\/uploads\/2024\/01\/37002-1.webp",250,188,false],"sow-carousel-default":["https:\/\/imagazine.it\/wp-content\/uploads\/2024\/01\/37002-1-272x182.webp",272,182,true]},"rttpg_author":{"display_name":"redazione","author_link":"https:\/\/imagazine.it\/home_desk\/author\/redazione\/"},"rttpg_comment":0,"rttpg_category":"<a href=\"https:\/\/imagazine.it\/home_desk\/category\/attualita\/\" rel=\"category tag\">ATTUALIT\u00c0<\/a>","rttpg_excerpt":"Serie di iniziative in programma","_links":{"self":[{"href":"https:\/\/imagazine.it\/home_desk\/wp-json\/wp\/v2\/posts\/35089","targetHints":{"allow":["GET"]}}],"collection":[{"href":"https:\/\/imagazine.it\/home_desk\/wp-json\/wp\/v2\/posts"}],"about":[{"href":"https:\/\/imagazine.it\/home_desk\/wp-json\/wp\/v2\/types\/post"}],"author":[{"embeddable":true,"href":"https:\/\/imagazine.it\/home_desk\/wp-json\/wp\/v2\/users\/28"}],"replies":[{"embeddable":true,"href":"https:\/\/imagazine.it\/home_desk\/wp-json\/wp\/v2\/comments?post=35089"}],"version-history":[{"count":0,"href":"https:\/\/imagazine.it\/home_desk\/wp-json\/wp\/v2\/posts\/35089\/revisions"}],"wp:featuredmedia":[{"embeddable":true,"href":"https:\/\/imagazine.it\/home_desk\/wp-json\/wp\/v2\/media\/35090"}],"wp:attachment":[{"href":"https:\/\/imagazine.it\/home_desk\/wp-json\/wp\/v2\/media?parent=35089"}],"wp:term":[{"taxonomy":"category","embeddable":true,"href":"https:\/\/imagazine.it\/home_desk\/wp-json\/wp\/v2\/categories?post=35089"},{"taxonomy":"post_tag","embeddable":true,"href":"https:\/\/imagazine.it\/home_desk\/wp-json\/wp\/v2\/tags?post=35089"}],"curies":[{"name":"wp","href":"https:\/\/api.w.org\/{rel}","templated":true}]}}