{"id":35087,"date":"2020-11-18T00:00:00","date_gmt":"2020-11-17T23:00:00","guid":{"rendered":"https:\/\/imagazine.it\/?p=35087"},"modified":"2020-11-18T00:00:00","modified_gmt":"2020-11-17T23:00:00","slug":"grado-un-fondo-a-sostegno-delle-tasse-universitarie","status":"publish","type":"post","link":"https:\/\/imagazine.it\/home_desk\/grado-un-fondo-a-sostegno-delle-tasse-universitarie\/","title":{"rendered":"Grado, un fondo a sostegno delle tasse universitarie"},"content":{"rendered":"<p>L\u2019amministrazione comunale di Grado ha stanziato un contributo straordinario da 20 mila euro a sostegno delle tasse universitarie dei giovani gradesi.<\/p>\n<p>In riconoscimento alle difficolt\u00e0 causate nel periodo di blocco delle attivit\u00e0, il contributo \u00e8 rivolto a nuclei familiari residenti a Grado da oltre un anno, con Isee fino a 30.000 euro che abbiano un figlio iscritto presso un\u2019Universit\u00e0 per l\u2019anno accademico 2020\/2021, e consiste in un contributo una tantum di 200 euro fino all\u2019esaurimento dei fondi. Il soggetto non deve avere ricevuto altri aiuti pubblici per le medesime finalit\u00e0.<\/p>\n<p>La misura \u00e8 stata messa in campo\u00a0<strong>dall\u2019assessore alla Sanit\u00e0, Claudio Gaddi<\/strong>: \u201c<em>I giovani \u2013 <\/em>dichiara<em> \u2013 sono stati i primi, dall\u2019inizio di questa pandemia, ad aver fatto dei sacrifici rinunciando alla scuola in presenza e cimentandosi con la didattica a distanza, spesso in assenza di dispositivi adeguati. Questo contributo vuole dare loro un forte segnale per far sentire il nostro sostegno come istituzione, perch\u00e9 la formazione \u00e8 fondamentale soprattutto in un momento come questo cos\u00ec delicato dal punto di vista sanitario ma anche difficile per quanto riguarda la socialit\u00e0 e la continuit\u00e0 dello studio<\/em>\u201d.<\/p>\n<p>La domanda deve essere indirizzata al Comune di Grado \u2013 Servizio Socio-Assistenziale a mezzo posta elettronica certificata all\u2019indirizzo\u00a0<a href=\"mailto:comune.grado@certgov.fvg.it\" target=\"_blank\" rel=\"noopener\">comune.grado@certgov.fvg.it<\/a>\u00a0o tramite il servizio postale con invio di raccomandata o consegna a mano previo appuntamento telefonico all\u2019 Ufficio Protocollo del Comune di Grado (tel. 0431-898111) entro le ore 12 del giorno 30 novembre 2020.<\/p>\n<p><a href=\"http:\/\/imagazinevideotruck.it\/outlet\/relink.html\" target=\"_top\" rel=\"noopener\"><img loading=\"lazy\" decoding=\"async\" align=\"LEFT\" height=\"250\" src=\"http:\/\/imagazinevideotruck.it\/outlet\/outlet30.gif\" width=\"300\" alt=\"\" title=\"\"><\/a><\/p>\n<p>\u00a0<\/p>\n<p>\u00a0<\/p>\n<p>\u00a0<\/p>\n<p>\u00a0<\/p>\n<p>\u00a0<\/p>\n<p>\u00a0<\/p>\n<p>\u00a0<\/p>\n<p>\u00a0<\/p>\n<p>\u00a0<\/p>\n<p>Le domande dovranno essere redatte unicamente sul modulo predisposto dal Comune di Grado, disponibile presso il Servizio Socio Assistenziale o scaricabile dal <u><a href=\"https:\/\/www.comunegrado.it\" target=\"_blank\" rel=\"noopener\">sito istituzionale dell&#39;Ente<\/a><\/u>.<\/p>\n<p>Per le domande pervenute tramite posta far\u00e0 fede la data di arrivo all\u2019Ufficio Protocollo del Comune di\u00a0Grado; per le domande inviate tramite posta elettronica certificata \u00e8 necessaria la ricevuta di risposta da parte dell\u2019ufficio ricevente (ore 12 del giorno 30 novembre 2020).<\/p>\n<p>Per maggiori informazioni rivolgersi al Servizio Socio Assistenziale \u2013 Ufficio Servizio Sociale ai numeri: 0431 896413 &#8211; 414 &#8211; 420.<\/p>\n","protected":false},"excerpt":{"rendered":"<p>Importo totale di 20 mila euro<\/p>\n","protected":false},"author":28,"featured_media":35088,"comment_status":"closed","ping_status":"closed","sticky":false,"template":"","format":"standard","meta":{"dwc-title":[],"dwc-content":[],"footnotes":""},"categories":[5],"tags":[],"class_list":["post-35087","post","type-post","status-publish","format-standard","has-post-thumbnail","hentry","category-attualita"],"rttpg_featured_image_url":{"full":["https:\/\/imagazine.it\/wp-content\/uploads\/2024\/01\/37001-1.webp",1000,666,false],"landscape":["https:\/\/imagazine.it\/wp-content\/uploads\/2024\/01\/37001-1.webp",1000,666,false],"portraits":["https:\/\/imagazine.it\/wp-content\/uploads\/2024\/01\/37001-1.webp",1000,666,false],"thumbnail":["https:\/\/imagazine.it\/wp-content\/uploads\/2024\/01\/37001-1-150x150.webp",150,150,true],"medium":["https:\/\/imagazine.it\/wp-content\/uploads\/2024\/01\/37001-1-300x200.webp",300,200,true],"large":["https:\/\/imagazine.it\/wp-content\/uploads\/2024\/01\/37001-1.webp",640,426,false],"thumblist":["https:\/\/imagazine.it\/wp-content\/uploads\/2024\/01\/37001-1.webp",300,200,false],"thumbrelated":["https:\/\/imagazine.it\/wp-content\/uploads\/2024\/01\/37001-1.webp",500,333,false],"meccarouselthumb":["https:\/\/imagazine.it\/wp-content\/uploads\/2024\/01\/37001-1.webp",474,316,false],"gridsquare":["https:\/\/imagazine.it\/wp-content\/uploads\/2024\/01\/37001-1.webp",391,260,false],"tileview":["https:\/\/imagazine.it\/wp-content\/uploads\/2024\/01\/37001-1.webp",300,200,false],"1536x1536":["https:\/\/imagazine.it\/wp-content\/uploads\/2024\/01\/37001-1.webp",1000,666,false],"2048x2048":["https:\/\/imagazine.it\/wp-content\/uploads\/2024\/01\/37001-1.webp",1000,666,false],"newsup-slider-full":["https:\/\/imagazine.it\/wp-content\/uploads\/2024\/01\/37001-1.webp",1000,666,false],"newsup-featured":["https:\/\/imagazine.it\/wp-content\/uploads\/2024\/01\/37001-1.webp",1000,666,false],"newsup-medium":["https:\/\/imagazine.it\/wp-content\/uploads\/2024\/01\/37001-1-720x380.webp",720,380,true],"tptn_thumbnail":["https:\/\/imagazine.it\/wp-content\/uploads\/2024\/01\/37001-1.webp",250,167,false],"sow-carousel-default":["https:\/\/imagazine.it\/wp-content\/uploads\/2024\/01\/37001-1-272x182.webp",272,182,true]},"rttpg_author":{"display_name":"redazione","author_link":"https:\/\/imagazine.it\/home_desk\/author\/redazione\/"},"rttpg_comment":0,"rttpg_category":"<a href=\"https:\/\/imagazine.it\/home_desk\/category\/attualita\/\" rel=\"category tag\">ATTUALIT\u00c0<\/a>","rttpg_excerpt":"Importo totale di 20 mila euro","_links":{"self":[{"href":"https:\/\/imagazine.it\/home_desk\/wp-json\/wp\/v2\/posts\/35087","targetHints":{"allow":["GET"]}}],"collection":[{"href":"https:\/\/imagazine.it\/home_desk\/wp-json\/wp\/v2\/posts"}],"about":[{"href":"https:\/\/imagazine.it\/home_desk\/wp-json\/wp\/v2\/types\/post"}],"author":[{"embeddable":true,"href":"https:\/\/imagazine.it\/home_desk\/wp-json\/wp\/v2\/users\/28"}],"replies":[{"embeddable":true,"href":"https:\/\/imagazine.it\/home_desk\/wp-json\/wp\/v2\/comments?post=35087"}],"version-history":[{"count":0,"href":"https:\/\/imagazine.it\/home_desk\/wp-json\/wp\/v2\/posts\/35087\/revisions"}],"wp:featuredmedia":[{"embeddable":true,"href":"https:\/\/imagazine.it\/home_desk\/wp-json\/wp\/v2\/media\/35088"}],"wp:attachment":[{"href":"https:\/\/imagazine.it\/home_desk\/wp-json\/wp\/v2\/media?parent=35087"}],"wp:term":[{"taxonomy":"category","embeddable":true,"href":"https:\/\/imagazine.it\/home_desk\/wp-json\/wp\/v2\/categories?post=35087"},{"taxonomy":"post_tag","embeddable":true,"href":"https:\/\/imagazine.it\/home_desk\/wp-json\/wp\/v2\/tags?post=35087"}],"curies":[{"name":"wp","href":"https:\/\/api.w.org\/{rel}","templated":true}]}}