{"id":35075,"date":"2020-11-17T00:00:00","date_gmt":"2020-11-16T23:00:00","guid":{"rendered":"https:\/\/imagazine.it\/?p=35075"},"modified":"2020-11-17T00:00:00","modified_gmt":"2020-11-16T23:00:00","slug":"mense-aziendali-temporanee-per-garantire-un-pasto-caldo-ai-lavoratori","status":"publish","type":"post","link":"https:\/\/imagazine.it\/home_desk\/mense-aziendali-temporanee-per-garantire-un-pasto-caldo-ai-lavoratori\/","title":{"rendered":"Mense aziendali temporanee per garantire un pasto caldo ai lavoratori"},"content":{"rendered":"<p>Assicurare un pasto caldo ai lavoratori dell\u2019edilizia e di altri settori merceologici in idonee strutture di ristoro convenzionate a ospitare in sicurezza le maestranze.<\/p>\n<p>La richiesta arriva dalla presidente di Confindustria Udine, <strong>Anna Mareschi Danieli<\/strong>, che solleva una problematica per il comparto edile, ma anche per altre attivit\u00e0 che operano su commessa, nonch\u00e9 per ristoranti a servizio di aree industriali e artigianali in seguito alla definizione della zona arancione, che prevede la chiusura di bar e ristoranti in FVG.<\/p>\n<p>\u201cL\u2019attivit\u00e0 edilizia \u2013 spiega la presidente \u2013 si esplica in gran parte in lavorazioni presso cantieri temporanei e mobili. Il contratto collettivo nazionale edilizia-industria e il contratto integrativo provinciale prevedono per tali cantieri il servizio mensa, inteso come diritto dei lavoratori a usufruire di un pasto caldo in un ambiente coperto e riscaldato. Sempre per contratto, le imprese del settore possono garantire il servizio anche attraverso il convenzionamento con strutture di ristoro collettivo operanti sul territorio\u201d.<\/p>\n<p>Attualmente, nella nostra regione molte lavorazioni sono svolte in territori anche impervi, dove solo un convenzionamento con strutture di ristoro in loco pu\u00f2 consentire la prosecuzione delle attivit\u00e0 edilizie. Al momento, per\u00f2, tutte le attivit\u00e0 di ristorazione sono chiuse in seguito alle ultime disposizioni restrittive decise dal Governo.<\/p>\n<p><a href=\"http:\/\/imagazinevideotruck.it\/outlet\/relink.html\" target=\"_top\" rel=\"noopener\"><img loading=\"lazy\" decoding=\"async\" align=\"LEFT\" height=\"250\" src=\"http:\/\/imagazinevideotruck.it\/outlet\/outlet30.gif\" width=\"300\" alt=\"\" title=\"\"><\/a><\/p>\n<p>\u00a0<\/p>\n<p>\u00a0<\/p>\n<p>\u00a0<\/p>\n<p>\u00a0<\/p>\n<p>\u00a0<\/p>\n<p>\u00a0<\/p>\n<p>\u00a0<\/p>\n<p>\u00a0<\/p>\n<p>\u00a0<\/p>\n<p>\u201cVorremmo capire \u2013 afferma Anna Mareschi Danieli \u2013 se esiste la possibilit\u00e0 di continuare ad adempiere al disposto contrattuale del cosiddetto pasto caldo tramite convenzionamento con strutture di ristoro collocate nelle vicinanze dei cantieri temporanei e mobili, ancorch\u00e9 non aperte al pubblico, ma adibite nel caso specifico a mensa aziendale, qualora ovviamente rispondessero alle norme anti Covid-19\u201d.<\/p>\n<p>Il DPCM del 3 novembre, all\u2019articolo 2, prevede l\u2019utilizzo delle mense e del catering continuativo su base contrattuale, quindi una interpretazione estensiva di questo aspetto potrebbe ragionevolmente risolvere il problema.<\/p>\n<p>\u201cCredo che sia una richiesta pi\u00f9 che lecita, gi\u00e0 condivisa con il nostro Prefetto, che si \u00e8 sempre dimostrato pi\u00f9 che ragionevole nell\u2019accogliere richieste di buon senso \u2013 conclude la presidente \u2013 anche perch\u00e9, essendo ormai a ridosso della stagione invernale con le conseguenti basse temperature, la soluzione prospettata, prevista dai contratti di categoria, rappresenta l\u2019unica soluzione per evitare la sospensione dei lavori e la messa in cassa integrazione guadagni delle maestranze impiegate nei cantieri. Ci auguriamo che, compatibilmente con le necessarie misure restrittive in vigore, si possa e si voglia tener conto di questa specifica esigenza\u201d.<\/p>\n","protected":false},"excerpt":{"rendered":"<p>La richiesta di Confindustria Udine<\/p>\n","protected":false},"author":28,"featured_media":35076,"comment_status":"closed","ping_status":"closed","sticky":false,"template":"","format":"standard","meta":{"dwc-title":[],"dwc-content":[],"footnotes":""},"categories":[5],"tags":[],"class_list":["post-35075","post","type-post","status-publish","format-standard","has-post-thumbnail","hentry","category-attualita"],"rttpg_featured_image_url":{"full":["https:\/\/imagazine.it\/wp-content\/uploads\/2024\/01\/36990-1.webp",1000,728,false],"landscape":["https:\/\/imagazine.it\/wp-content\/uploads\/2024\/01\/36990-1.webp",1000,728,false],"portraits":["https:\/\/imagazine.it\/wp-content\/uploads\/2024\/01\/36990-1.webp",1000,728,false],"thumbnail":["https:\/\/imagazine.it\/wp-content\/uploads\/2024\/01\/36990-1-150x150.webp",150,150,true],"medium":["https:\/\/imagazine.it\/wp-content\/uploads\/2024\/01\/36990-1-300x218.webp",300,218,true],"large":["https:\/\/imagazine.it\/wp-content\/uploads\/2024\/01\/36990-1.webp",640,466,false],"thumblist":["https:\/\/imagazine.it\/wp-content\/uploads\/2024\/01\/36990-1.webp",300,218,false],"thumbrelated":["https:\/\/imagazine.it\/wp-content\/uploads\/2024\/01\/36990-1.webp",500,364,false],"meccarouselthumb":["https:\/\/imagazine.it\/wp-content\/uploads\/2024\/01\/36990-1.webp",445,324,false],"gridsquare":["https:\/\/imagazine.it\/wp-content\/uploads\/2024\/01\/36990-1.webp",357,260,false],"tileview":["https:\/\/imagazine.it\/wp-content\/uploads\/2024\/01\/36990-1.webp",300,218,false],"1536x1536":["https:\/\/imagazine.it\/wp-content\/uploads\/2024\/01\/36990-1.webp",1000,728,false],"2048x2048":["https:\/\/imagazine.it\/wp-content\/uploads\/2024\/01\/36990-1.webp",1000,728,false],"newsup-slider-full":["https:\/\/imagazine.it\/wp-content\/uploads\/2024\/01\/36990-1-1000x720.webp",1000,720,true],"newsup-featured":["https:\/\/imagazine.it\/wp-content\/uploads\/2024\/01\/36990-1.webp",1000,728,false],"newsup-medium":["https:\/\/imagazine.it\/wp-content\/uploads\/2024\/01\/36990-1-720x380.webp",720,380,true],"tptn_thumbnail":["https:\/\/imagazine.it\/wp-content\/uploads\/2024\/01\/36990-1.webp",250,182,false],"sow-carousel-default":["https:\/\/imagazine.it\/wp-content\/uploads\/2024\/01\/36990-1-272x182.webp",272,182,true]},"rttpg_author":{"display_name":"redazione","author_link":"https:\/\/imagazine.it\/home_desk\/author\/redazione\/"},"rttpg_comment":0,"rttpg_category":"<a href=\"https:\/\/imagazine.it\/home_desk\/category\/attualita\/\" rel=\"category tag\">ATTUALIT\u00c0<\/a>","rttpg_excerpt":"La richiesta di Confindustria Udine","_links":{"self":[{"href":"https:\/\/imagazine.it\/home_desk\/wp-json\/wp\/v2\/posts\/35075","targetHints":{"allow":["GET"]}}],"collection":[{"href":"https:\/\/imagazine.it\/home_desk\/wp-json\/wp\/v2\/posts"}],"about":[{"href":"https:\/\/imagazine.it\/home_desk\/wp-json\/wp\/v2\/types\/post"}],"author":[{"embeddable":true,"href":"https:\/\/imagazine.it\/home_desk\/wp-json\/wp\/v2\/users\/28"}],"replies":[{"embeddable":true,"href":"https:\/\/imagazine.it\/home_desk\/wp-json\/wp\/v2\/comments?post=35075"}],"version-history":[{"count":0,"href":"https:\/\/imagazine.it\/home_desk\/wp-json\/wp\/v2\/posts\/35075\/revisions"}],"wp:featuredmedia":[{"embeddable":true,"href":"https:\/\/imagazine.it\/home_desk\/wp-json\/wp\/v2\/media\/35076"}],"wp:attachment":[{"href":"https:\/\/imagazine.it\/home_desk\/wp-json\/wp\/v2\/media?parent=35075"}],"wp:term":[{"taxonomy":"category","embeddable":true,"href":"https:\/\/imagazine.it\/home_desk\/wp-json\/wp\/v2\/categories?post=35075"},{"taxonomy":"post_tag","embeddable":true,"href":"https:\/\/imagazine.it\/home_desk\/wp-json\/wp\/v2\/tags?post=35075"}],"curies":[{"name":"wp","href":"https:\/\/api.w.org\/{rel}","templated":true}]}}