{"id":35071,"date":"2020-11-17T00:00:00","date_gmt":"2020-11-16T23:00:00","guid":{"rendered":"https:\/\/imagazine.it\/?p=35071"},"modified":"2020-11-17T00:00:00","modified_gmt":"2020-11-16T23:00:00","slug":"bonus-ristrutturazioni-a-gorizia-assegnati-280-mila-euro","status":"publish","type":"post","link":"https:\/\/imagazine.it\/home_desk\/bonus-ristrutturazioni-a-gorizia-assegnati-280-mila-euro\/","title":{"rendered":"Bonus ristrutturazioni, a Gorizia assegnati 280 mila euro"},"content":{"rendered":"<p>Il sindaco di Gorizia, <strong>Rodolfo Ziberna<\/strong>, annuncia l\u2019assegnazione dei fondi, circa 280 mila euro,\u00a0legati a uno degli interventi varati dal Comune a sostegno dell\u2019economia cittadina penalizzata dal Covid 19.<\/p>\n<p>Si tratta dei bonus per ristrutturazioni riservati alle imprese di Gorizia per\u00a0opere di ammodernamento, anche in chiave energetica, di case, negozi e altri stabili cittadini. A inoltrare domanda sono state 20 ditte, operanti negli ambiti pi\u00f9 disparati dell\u2019edilizia, dalle costruzioni all\u2019impiantistica, per la realizzazione di 53 interventi. Andate a buon fine le richieste di 16 ditte per complessivi 47 cantieri.\u00a0<\/p>\n<p>Per ogni intervento di manutenzione ordinaria e straordinaria su qualsiasi immobile, commerciale e non, le imprese potevano\u00a0chiedere un contributo bonus fino al 30% della spesa per un massimo di 7 mila euro esclusa l\u2019Iva.<\/p>\n<p><a href=\"http:\/\/imagazinevideotruck.it\/outlet\/relink_euro.html\" target=\"_top\" rel=\"noopener\"><img loading=\"lazy\" decoding=\"async\" align=\"LEFT\" height=\"250\" src=\"http:\/\/imagazinevideotruck.it\/outlet\/euromobili_banner_art.jpg\" width=\"300\" alt=\"\" title=\"\"><\/a><\/p>\n<p>\u00a0<\/p>\n<p>\u00a0<\/p>\n<p>\u00a0<\/p>\n<p>\u00a0<\/p>\n<p>\u00a0<\/p>\n<p>\u00a0<\/p>\n<p>\u00a0<\/p>\n<p>\u00a0<\/p>\n<p>\u00a0<\/p>\n<p>Lo stanziamento complessivo era di 600 mila euro e sono arrivate richieste per circa la met\u00e0 dei fondi: \u201cAbbiamo constatato che sono serviti sia per piccole manutenzioni sia per opere un po\u2019 pi\u00f9 complesse &#8211; sottolinea il sindaco &#8211;\u00a0ma, in ogni caso si tratta di soldi che sono rimasti in citt\u00e0 e, in questo momento, \u00e8 una cosa molto importante perch\u00e9 la situazione \u00e8 ancora pi\u00f9 difficile rispetto alla prima fase e l\u2019economia \u00e8 in grande affanno, tutti gli sforzi devono essere concentrati sul sostegno alle attivit\u00e0 produttive\u201d.<\/p>\n<p>\u201cCome Comune \u2013 aggiunge l\u2019assessore alle attivit\u00e0 produttive, <strong>Roberto Sartori<\/strong> \u2013 stiamo ragionando su nuove azioni a sostegno di attivit\u00e0 economiche e famiglie, cercando di individuare gli strumenti pi\u00f9 adeguati all\u2019attuale momento. Sarebbe molto pi\u00f9 facile se avessimo una maggior autonomia per ci\u00f2 che riguarda gli interventi diretti a supporto dell\u2019economia ma, in ogni caso, saremo in prima linea per uscire da questo tunnel di cui ancora non si vede la luce\u201d.<\/p>\n","protected":false},"excerpt":{"rendered":"<p>Per l&#8217;emergenza Covid<\/p>\n","protected":false},"author":28,"featured_media":35072,"comment_status":"closed","ping_status":"closed","sticky":false,"template":"","format":"standard","meta":{"dwc-title":[],"dwc-content":[],"footnotes":""},"categories":[5],"tags":[],"class_list":["post-35071","post","type-post","status-publish","format-standard","has-post-thumbnail","hentry","category-attualita"],"rttpg_featured_image_url":{"full":["https:\/\/imagazine.it\/wp-content\/uploads\/2024\/01\/36988-1.webp",1000,666,false],"landscape":["https:\/\/imagazine.it\/wp-content\/uploads\/2024\/01\/36988-1.webp",1000,666,false],"portraits":["https:\/\/imagazine.it\/wp-content\/uploads\/2024\/01\/36988-1.webp",1000,666,false],"thumbnail":["https:\/\/imagazine.it\/wp-content\/uploads\/2024\/01\/36988-1-150x150.webp",150,150,true],"medium":["https:\/\/imagazine.it\/wp-content\/uploads\/2024\/01\/36988-1-300x200.webp",300,200,true],"large":["https:\/\/imagazine.it\/wp-content\/uploads\/2024\/01\/36988-1.webp",640,426,false],"thumblist":["https:\/\/imagazine.it\/wp-content\/uploads\/2024\/01\/36988-1.webp",300,200,false],"thumbrelated":["https:\/\/imagazine.it\/wp-content\/uploads\/2024\/01\/36988-1.webp",500,333,false],"meccarouselthumb":["https:\/\/imagazine.it\/wp-content\/uploads\/2024\/01\/36988-1.webp",474,316,false],"gridsquare":["https:\/\/imagazine.it\/wp-content\/uploads\/2024\/01\/36988-1.webp",391,260,false],"tileview":["https:\/\/imagazine.it\/wp-content\/uploads\/2024\/01\/36988-1.webp",300,200,false],"1536x1536":["https:\/\/imagazine.it\/wp-content\/uploads\/2024\/01\/36988-1.webp",1000,666,false],"2048x2048":["https:\/\/imagazine.it\/wp-content\/uploads\/2024\/01\/36988-1.webp",1000,666,false],"newsup-slider-full":["https:\/\/imagazine.it\/wp-content\/uploads\/2024\/01\/36988-1.webp",1000,666,false],"newsup-featured":["https:\/\/imagazine.it\/wp-content\/uploads\/2024\/01\/36988-1.webp",1000,666,false],"newsup-medium":["https:\/\/imagazine.it\/wp-content\/uploads\/2024\/01\/36988-1-720x380.webp",720,380,true],"tptn_thumbnail":["https:\/\/imagazine.it\/wp-content\/uploads\/2024\/01\/36988-1.webp",250,167,false],"sow-carousel-default":["https:\/\/imagazine.it\/wp-content\/uploads\/2024\/01\/36988-1-272x182.webp",272,182,true]},"rttpg_author":{"display_name":"redazione","author_link":"https:\/\/imagazine.it\/home_desk\/author\/redazione\/"},"rttpg_comment":0,"rttpg_category":"<a href=\"https:\/\/imagazine.it\/home_desk\/category\/attualita\/\" rel=\"category tag\">ATTUALIT\u00c0<\/a>","rttpg_excerpt":"Per l'emergenza Covid","_links":{"self":[{"href":"https:\/\/imagazine.it\/home_desk\/wp-json\/wp\/v2\/posts\/35071","targetHints":{"allow":["GET"]}}],"collection":[{"href":"https:\/\/imagazine.it\/home_desk\/wp-json\/wp\/v2\/posts"}],"about":[{"href":"https:\/\/imagazine.it\/home_desk\/wp-json\/wp\/v2\/types\/post"}],"author":[{"embeddable":true,"href":"https:\/\/imagazine.it\/home_desk\/wp-json\/wp\/v2\/users\/28"}],"replies":[{"embeddable":true,"href":"https:\/\/imagazine.it\/home_desk\/wp-json\/wp\/v2\/comments?post=35071"}],"version-history":[{"count":0,"href":"https:\/\/imagazine.it\/home_desk\/wp-json\/wp\/v2\/posts\/35071\/revisions"}],"wp:featuredmedia":[{"embeddable":true,"href":"https:\/\/imagazine.it\/home_desk\/wp-json\/wp\/v2\/media\/35072"}],"wp:attachment":[{"href":"https:\/\/imagazine.it\/home_desk\/wp-json\/wp\/v2\/media?parent=35071"}],"wp:term":[{"taxonomy":"category","embeddable":true,"href":"https:\/\/imagazine.it\/home_desk\/wp-json\/wp\/v2\/categories?post=35071"},{"taxonomy":"post_tag","embeddable":true,"href":"https:\/\/imagazine.it\/home_desk\/wp-json\/wp\/v2\/tags?post=35071"}],"curies":[{"name":"wp","href":"https:\/\/api.w.org\/{rel}","templated":true}]}}