{"id":35065,"date":"2020-11-17T00:00:00","date_gmt":"2020-11-16T23:00:00","guid":{"rendered":"https:\/\/imagazine.it\/?p=35065"},"modified":"2020-11-17T00:00:00","modified_gmt":"2020-11-16T23:00:00","slug":"la-qualita-nella-convenienza","status":"publish","type":"post","link":"https:\/\/imagazine.it\/home_desk\/la-qualita-nella-convenienza\/","title":{"rendered":"La qualit\u00e0 nella convenienza"},"content":{"rendered":"<p>L\u2019ultima novit\u00e0 di un imprenditore che guarda sempre al futuro e all\u2019innovazione, come <strong>Marco Budai<\/strong>, \u00e8 il nuovo magazzino inaugurato a <strong>Pieris<\/strong>, in comune di San Canzian d\u2019Isonzo, grazie a un investimenti di 250 mila euro, che consentir\u00e0 <u><a href=\"https:\/\/www.euromobili-srl.it\/\" target=\"_blank\" rel=\"noopener\">al suo gruppo Euromobili<\/a><\/u> di stoccare i beni in transito sia per il punto vendita di <u><a href=\"http:\/\/www.imagazine.it\/aziende\/965\" target=\"_blank\" rel=\"noopener\">Pieris, sia per quelli di <strong>Trieste <\/strong>(zona Barcola) e <strong>Pordenone<\/strong><\/a><\/u>.<\/p>\n<p><strong>Marco Budai, partiamo proprio dal gruppo Euromobili: quando \u00e8 nato e come si \u00e8 sviluppato?<\/strong><\/p>\n<p>\u00abEuromobili nasce ufficialmente nel 1993 da una fusione tra un mobilificio e un piccolo laboratorio di mobili, ma in realt\u00e0 il primo negozio \u00e8 stato aperto da mio padre gi\u00e0 nel 1975, e possiamo dire che ad\u00a0oggi siamo alla terza generazione, in quanto con i due figli gestiamo tre punti vendita in regione, dislocati\u00a0a Trieste (zona Barcola), Pieris e Pordenone, ma siamo in ulteriore espansione con la costruzione di un nuovo magazzino centralizzato. Abbiamo una forza lavoro di 12 dipendenti e collaboriamo con ulteriori tre negozi: insomma si comincia a ragionare come gruppo importante in questo settore dell\u2019arredo cucina in Friuli Venezia Giulia\u00bb.<\/p>\n<p><strong>Quali sono i punti di forza del progetto Euromobili?<\/strong><\/p>\n<p>\u00abL\u2019unione di due mentalit\u00e0, quella di un classico negozio di mobili artigianali dove trovi professionalit\u00e0 e disponibilit\u00e0 del personale e quella dell\u2019industria e della produzione di un colosso come LUBE e CREO cucine (<em>la prima in Italia come fatturato e produzione di cucine<\/em>)\u00bb.<\/p>\n<p><strong>I vostri punti vendita cosa mettono a disposizione della clientela?<\/strong><\/p>\n<p>\u00abOltre a tutta la produzione Lube e Creo, offriamo un sistema di progettazione in maxischermi dove il cliente\u00a0viene veramente coinvolto in prima persona\u00bb.<\/p>\n<p><strong>A proposito di clientela, nell\u2019attuale periodo storico quali sono le principali esigenze per l\u2019arredamento della propria casa?<\/strong><\/p>\n<p>\u00abSenza dubbio la cucina rappresenta la richiesta principale della nostra clientela che in questi anni \u00e8 sempre pi\u00f9 attenta a materiali evoluti tecnologicamente e a elettrodomestici rispettosi dell\u2019ambiente. A tal proposito ci tengo a precisare che il nostro gruppo utilizza e produce materiali totalmente riciclabili e il consumo di energia elettrica deriva in gran parte da impianti fotovoltaici presenti anche nei punti vendita\u00bb.<\/p>\n<p><strong>Grazie alla vostra esperienza e professionalit\u00e0, quali consigli si sente di fornire ai lettori che vorrebbero modificare l\u2019arredamento di casa propria?<\/strong><\/p>\n<p>\u00abConsiglio di affidarsi totalmente all\u2019esperienza e alla professionalit\u00e0 dei nostri collaboratori che li aiuteranno al meglio per lo sviluppo e il realizzo dell\u2019arredo, fino al montaggio con propri dipendenti che li seguiranno anche nel post vendita\u00bb.<\/p>\n<p><a href=\"http:\/\/imagazinevideotruck.it\/outlet\/relink_euro.html\" target=\"_top\" rel=\"noopener\"><img loading=\"lazy\" decoding=\"async\" align=\"LEFT\" height=\"250\" src=\"http:\/\/imagazinevideotruck.it\/outlet\/euromobili_banner_art.jpg\" width=\"300\" alt=\"\" title=\"\"><\/a><\/p>\n<p>\u00a0<\/p>\n<p>\u00a0<\/p>\n<p>\u00a0<\/p>\n<p>\u00a0<\/p>\n<p>\u00a0<\/p>\n<p>\u00a0<\/p>\n<p>\u00a0<\/p>\n<p>\u00a0<\/p>\n<p>\u00a0<\/p>\n<p><strong>Cucine, soggiorni, salotti, camere da letto: la proposta di Euromobili \u00e8 variegata e dettagliata. I clienti come fanno a trovare il prodotto adatto alle loro esigenze?<\/strong><\/p>\n<p>\u00abLa nostra forza \u00e8 di avere a nostro fianco, e quindi scegliere, i migliori. Infatti nel punto vendita di Barcola, a Trieste, oltre alle cucine Creo Lube sono esposte la zona notte e living del gruppo Tomasella e salotti Doimo, l\u2019eccellenza italiana. Il nostro credo \u00e8 anche scritto nell\u2019insegna del negozio: nella convenienza non rinunciare mai alla qualit\u00e0 del nostro gruppo. Ma invito i lettori a non credere alle mie parole: venite a toccare con mano, a Barcola, Euromobili FVG gruppo Lube Creo\u00bb.<\/p>\n","protected":false},"excerpt":{"rendered":"<p>Marco Budai e il gruppo Euromobili<\/p>\n","protected":false},"author":28,"featured_media":35066,"comment_status":"closed","ping_status":"closed","sticky":false,"template":"","format":"standard","meta":{"dwc-title":[],"dwc-content":[],"footnotes":""},"categories":[6],"tags":[],"class_list":["post-35065","post","type-post","status-publish","format-standard","has-post-thumbnail","hentry","category-societa"],"rttpg_featured_image_url":{"full":["https:\/\/imagazine.it\/wp-content\/uploads\/2024\/01\/36977-1.webp",1000,788,false],"landscape":["https:\/\/imagazine.it\/wp-content\/uploads\/2024\/01\/36977-1.webp",1000,788,false],"portraits":["https:\/\/imagazine.it\/wp-content\/uploads\/2024\/01\/36977-1.webp",1000,788,false],"thumbnail":["https:\/\/imagazine.it\/wp-content\/uploads\/2024\/01\/36977-1-150x150.webp",150,150,true],"medium":["https:\/\/imagazine.it\/wp-content\/uploads\/2024\/01\/36977-1-300x236.webp",300,236,true],"large":["https:\/\/imagazine.it\/wp-content\/uploads\/2024\/01\/36977-1.webp",640,504,false],"thumblist":["https:\/\/imagazine.it\/wp-content\/uploads\/2024\/01\/36977-1.webp",300,236,false],"thumbrelated":["https:\/\/imagazine.it\/wp-content\/uploads\/2024\/01\/36977-1.webp",500,394,false],"meccarouselthumb":["https:\/\/imagazine.it\/wp-content\/uploads\/2024\/01\/36977-1.webp",411,324,false],"gridsquare":["https:\/\/imagazine.it\/wp-content\/uploads\/2024\/01\/36977-1.webp",330,260,false],"tileview":["https:\/\/imagazine.it\/wp-content\/uploads\/2024\/01\/36977-1.webp",300,236,false],"1536x1536":["https:\/\/imagazine.it\/wp-content\/uploads\/2024\/01\/36977-1.webp",1000,788,false],"2048x2048":["https:\/\/imagazine.it\/wp-content\/uploads\/2024\/01\/36977-1.webp",1000,788,false],"newsup-slider-full":["https:\/\/imagazine.it\/wp-content\/uploads\/2024\/01\/36977-1-1000x720.webp",1000,720,true],"newsup-featured":["https:\/\/imagazine.it\/wp-content\/uploads\/2024\/01\/36977-1.webp",1000,788,false],"newsup-medium":["https:\/\/imagazine.it\/wp-content\/uploads\/2024\/01\/36977-1-720x380.webp",720,380,true],"tptn_thumbnail":["https:\/\/imagazine.it\/wp-content\/uploads\/2024\/01\/36977-1.webp",250,197,false],"sow-carousel-default":["https:\/\/imagazine.it\/wp-content\/uploads\/2024\/01\/36977-1-272x182.webp",272,182,true]},"rttpg_author":{"display_name":"redazione","author_link":"https:\/\/imagazine.it\/home_desk\/author\/redazione\/"},"rttpg_comment":0,"rttpg_category":"<a href=\"https:\/\/imagazine.it\/home_desk\/category\/societa\/\" rel=\"category tag\">SOCIET\u00c0<\/a>","rttpg_excerpt":"Marco Budai e il gruppo Euromobili","_links":{"self":[{"href":"https:\/\/imagazine.it\/home_desk\/wp-json\/wp\/v2\/posts\/35065","targetHints":{"allow":["GET"]}}],"collection":[{"href":"https:\/\/imagazine.it\/home_desk\/wp-json\/wp\/v2\/posts"}],"about":[{"href":"https:\/\/imagazine.it\/home_desk\/wp-json\/wp\/v2\/types\/post"}],"author":[{"embeddable":true,"href":"https:\/\/imagazine.it\/home_desk\/wp-json\/wp\/v2\/users\/28"}],"replies":[{"embeddable":true,"href":"https:\/\/imagazine.it\/home_desk\/wp-json\/wp\/v2\/comments?post=35065"}],"version-history":[{"count":0,"href":"https:\/\/imagazine.it\/home_desk\/wp-json\/wp\/v2\/posts\/35065\/revisions"}],"wp:featuredmedia":[{"embeddable":true,"href":"https:\/\/imagazine.it\/home_desk\/wp-json\/wp\/v2\/media\/35066"}],"wp:attachment":[{"href":"https:\/\/imagazine.it\/home_desk\/wp-json\/wp\/v2\/media?parent=35065"}],"wp:term":[{"taxonomy":"category","embeddable":true,"href":"https:\/\/imagazine.it\/home_desk\/wp-json\/wp\/v2\/categories?post=35065"},{"taxonomy":"post_tag","embeddable":true,"href":"https:\/\/imagazine.it\/home_desk\/wp-json\/wp\/v2\/tags?post=35065"}],"curies":[{"name":"wp","href":"https:\/\/api.w.org\/{rel}","templated":true}]}}