{"id":35063,"date":"2020-11-17T00:00:00","date_gmt":"2020-11-16T23:00:00","guid":{"rendered":"https:\/\/imagazine.it\/?p=35063"},"modified":"2020-11-17T00:00:00","modified_gmt":"2020-11-16T23:00:00","slug":"primo-soccorso-psicologico-e-legale-uno-sportello-a-villa-vicentina","status":"publish","type":"post","link":"https:\/\/imagazine.it\/home_desk\/primo-soccorso-psicologico-e-legale-uno-sportello-a-villa-vicentina\/","title":{"rendered":"Primo soccorso psicologico e legale, uno sportello a Villa Vicentina"},"content":{"rendered":"<p>Dallo scorso agosto a Villa Vicentina, in via Duca d\u2019Aosta 44, \u00e8 operativo uno sportello di Primo Soccorso\u00a0 psicologico e legale gestito dall&#39;Associazione &#8220;Corte dei Miracoli Onlus&#8221;, con la collaborazione e il patrocinio dell&#39;Amministrazione comunale di Fiumicello Villa Vicentina.<\/p>\n<p>\u201cCon te e per te\u201d \u00e8 il nome dello sportello concepito per far fronte a bisogni sociali che pi\u00f9 difficilmente trovano risposta adeguata nel mercato privato e nel settore pubblico, offrendo una soluzione a problemi complessi, attraverso meccanismi d\u2019intervento di tipo reticolare, mediante forme di coordinamento e collaborazione con Enti e strutture pubbliche e private preposte e dedicate ad attivit\u00e0 socio-sanitarie e assistenziali.<\/p>\n<p>Si propone pertanto\u00a0 come un unico spazio sia di ascolto, di accoglienza, di supporto psicologico e legale, sia di erogazione di informazioni dedicate ai familiari che si prendono cura dei propri cari, nonch\u00e9 al soggetto con disagio grave e meno grave.<\/p>\n<p>Il servizio mira a rispondere alle seguenti caratteristiche e necessit\u00e0: la creazione di un servizio gratuito e nel contempo qualificator; il bisogno di immediatezza, velocit\u00e0 adeguatezza di una prima risposta di tipo psicologico; l\u2019esigenza di prossimit\u00e0 del servizio rispetto al possibile Utente.<\/p>\n<p>\u201cCon te e per te \u2013 precisano i responsabili dello sportello \u2013 offre una risposta professionale di tipo psicologico,\u00a0non psicoterapeutico, concreta ed esaustiva in una fase di crisi momentanea. Lo sportello si propone, quale intervento rapido di consulenza psicologica, dedicato a chi ha la necessit\u00e0 di un\u00a0primo aiuto\u00a0urgente, immediato e professionale. Lo scopo dello sportello non \u00e8 la cura approfondita, ma il sollievo e il benessere rapidi, cio\u00e8 l&#39;uscita dalla crisi momentanea\u201d.<\/p>\n<p>Il servizio offre una risposta immediata alle persone vittime di mobbing, disoccupate, in situazione di crisi coniugale, violenza anche domestica e per gli adolescenti che vivono situazioni di bullismo e cyber bullismo.<\/p>\n<p>L\u2019aiuto legale si delinea quale primo punto di riferimento per fornire tutte le indicazioni per orientarsi nel mondo complesso della burocrazia e delle istituzioni per le opportune specifiche\u00a0esigenze; verranno inoltre forniti all\u2019utente i contatti di uffici pubblici, associazioni preposte all\u2019aiuto e consulenza legale.<\/p>\n<p><a href=\"http:\/\/imagazinevideotruck.it\/outlet\/relink_euro.html\" target=\"_top\" rel=\"noopener\"><img loading=\"lazy\" decoding=\"async\" align=\"LEFT\" height=\"250\" src=\"http:\/\/imagazinevideotruck.it\/outlet\/euromobili_banner_art.jpg\" width=\"300\" alt=\"\" title=\"\"><\/a><\/p>\n<p>\u00a0<\/p>\n<p>\u00a0<\/p>\n<p>\u00a0<\/p>\n<p>\u00a0<\/p>\n<p>\u00a0<\/p>\n<p>\u00a0<\/p>\n<p>\u00a0<\/p>\n<p>\u00a0<\/p>\n<p>\u00a0<\/p>\n<p>L\u2019avvocato, in sintesi, fornisce un primo aiuto immediato e professionale in relazione alle seguenti tematiche: f<strong>amiglia,<\/strong>\u00a0p<strong>roblematiche giovanili<\/strong>, l<strong>avoro,<\/strong>\u00a0c<strong>asa,<\/strong>\u00a0i<strong>nformazioni e primo sostegno per i caregivers<\/strong>.<\/p>\n<p>Al servizio si accede<strong> esclusivamente previo appuntamento<\/strong> ai seguenti contatti: <strong>338 2431625 &#8211; <a href=\"mailto:newscortedeimiracoli@gmail.com\">newscortedeimiracoli@gmail.com<\/a> \/ facebook &#8220;CON TE E PER TE &#8211; Primo soccorso psicologico&#8221;.<\/strong><\/p>\n<p>Oltre allo sportello \u201cCon te e per te\u201d, lo scopo principale e trainante della Corte dei Miracoli \u00e8 quello di realizzare un centro di aggregazione giovanile denominato \u201cVillaggio dei ragazzi\u201d, gestito da operatori e professionisti specializzati, formati e aggiornati in merito a metodologie socio-aggregative innovative, capaci di creare e organizzare un ambiente, \u201ccuore pulsante\u201d in grado di coinvolgere e accogliere la comunit\u00e0 al suo interno e nel contempo aprire la struttura alla quotidianit\u00e0 della comunit\u00e0.<\/p>\n<p>Al termine dei lavori di ristrutturazione dell\u2019immobile situato in via 25 Aprile a Fiumicello \u2013 un\u2019area complessiva di 15.000 mq oggetto di una profonda ristrutturazione edilizia, grazie anche a un contributo pubblico regionale \u2013 il Comune di Fiumicello Villa Vicentina e la sua Comunit\u00e0 potranno quindi usufruire di un&#39;area ludico &#8211; ricreativa &#8211; sportiva fornita di campi di calcio\/ basket\/beach volley, skate park, piscina all\u2019aperto, una sala polifunzionale (aperta a iniziative culturali e sociali sia di Corte ma anche di altre associazioni e realt\u00e0 del territorio), un locale di ristorazione, ambiente\u00a0 \u201cprotetto\u201d in cui concretizzare progetti sociali e di formazione professionale, finalizzati all\u2019inserimento lavorativo di soggetti deboli.<\/p>\n<p>Inoltre l&#39;Associazione ha gettato le basi per realizzare una fattoria didattica, costruendo un pollaio e nel prossimo futuro una stalla per ospitare cavalli destinati all&#39;ippoterapia.<\/p>\n","protected":false},"excerpt":{"rendered":"<p>Gestito dall&#8217;Associazione &#8220;Corte dei Miracoli Onlus&#8221;<\/p>\n","protected":false},"author":12,"featured_media":35064,"comment_status":"closed","ping_status":"closed","sticky":false,"template":"","format":"standard","meta":{"dwc-title":[],"dwc-content":[],"footnotes":""},"categories":[6],"tags":[],"class_list":["post-35063","post","type-post","status-publish","format-standard","has-post-thumbnail","hentry","category-societa"],"rttpg_featured_image_url":{"full":["https:\/\/imagazine.it\/wp-content\/uploads\/2024\/01\/36975-1.webp",800,618,false],"landscape":["https:\/\/imagazine.it\/wp-content\/uploads\/2024\/01\/36975-1.webp",800,618,false],"portraits":["https:\/\/imagazine.it\/wp-content\/uploads\/2024\/01\/36975-1.webp",800,618,false],"thumbnail":["https:\/\/imagazine.it\/wp-content\/uploads\/2024\/01\/36975-1-150x150.webp",150,150,true],"medium":["https:\/\/imagazine.it\/wp-content\/uploads\/2024\/01\/36975-1-300x232.webp",300,232,true],"large":["https:\/\/imagazine.it\/wp-content\/uploads\/2024\/01\/36975-1.webp",640,494,false],"thumblist":["https:\/\/imagazine.it\/wp-content\/uploads\/2024\/01\/36975-1.webp",300,232,false],"thumbrelated":["https:\/\/imagazine.it\/wp-content\/uploads\/2024\/01\/36975-1.webp",500,386,false],"meccarouselthumb":["https:\/\/imagazine.it\/wp-content\/uploads\/2024\/01\/36975-1.webp",419,324,false],"gridsquare":["https:\/\/imagazine.it\/wp-content\/uploads\/2024\/01\/36975-1.webp",337,260,false],"tileview":["https:\/\/imagazine.it\/wp-content\/uploads\/2024\/01\/36975-1.webp",300,232,false],"1536x1536":["https:\/\/imagazine.it\/wp-content\/uploads\/2024\/01\/36975-1.webp",800,618,false],"2048x2048":["https:\/\/imagazine.it\/wp-content\/uploads\/2024\/01\/36975-1.webp",800,618,false],"newsup-slider-full":["https:\/\/imagazine.it\/wp-content\/uploads\/2024\/01\/36975-1.webp",800,618,false],"newsup-featured":["https:\/\/imagazine.it\/wp-content\/uploads\/2024\/01\/36975-1.webp",800,618,false],"newsup-medium":["https:\/\/imagazine.it\/wp-content\/uploads\/2024\/01\/36975-1-720x380.webp",720,380,true],"tptn_thumbnail":["https:\/\/imagazine.it\/wp-content\/uploads\/2024\/01\/36975-1.webp",250,193,false],"sow-carousel-default":["https:\/\/imagazine.it\/wp-content\/uploads\/2024\/01\/36975-1-272x182.webp",272,182,true]},"rttpg_author":{"display_name":"Claudio Pizzin","author_link":"https:\/\/imagazine.it\/home_desk\/author\/pizzin\/"},"rttpg_comment":0,"rttpg_category":"<a href=\"https:\/\/imagazine.it\/home_desk\/category\/societa\/\" rel=\"category tag\">SOCIET\u00c0<\/a>","rttpg_excerpt":"Gestito dall'Associazione \"Corte dei Miracoli Onlus\"","_links":{"self":[{"href":"https:\/\/imagazine.it\/home_desk\/wp-json\/wp\/v2\/posts\/35063","targetHints":{"allow":["GET"]}}],"collection":[{"href":"https:\/\/imagazine.it\/home_desk\/wp-json\/wp\/v2\/posts"}],"about":[{"href":"https:\/\/imagazine.it\/home_desk\/wp-json\/wp\/v2\/types\/post"}],"author":[{"embeddable":true,"href":"https:\/\/imagazine.it\/home_desk\/wp-json\/wp\/v2\/users\/12"}],"replies":[{"embeddable":true,"href":"https:\/\/imagazine.it\/home_desk\/wp-json\/wp\/v2\/comments?post=35063"}],"version-history":[{"count":0,"href":"https:\/\/imagazine.it\/home_desk\/wp-json\/wp\/v2\/posts\/35063\/revisions"}],"wp:featuredmedia":[{"embeddable":true,"href":"https:\/\/imagazine.it\/home_desk\/wp-json\/wp\/v2\/media\/35064"}],"wp:attachment":[{"href":"https:\/\/imagazine.it\/home_desk\/wp-json\/wp\/v2\/media?parent=35063"}],"wp:term":[{"taxonomy":"category","embeddable":true,"href":"https:\/\/imagazine.it\/home_desk\/wp-json\/wp\/v2\/categories?post=35063"},{"taxonomy":"post_tag","embeddable":true,"href":"https:\/\/imagazine.it\/home_desk\/wp-json\/wp\/v2\/tags?post=35063"}],"curies":[{"name":"wp","href":"https:\/\/api.w.org\/{rel}","templated":true}]}}