{"id":35055,"date":"2020-11-16T00:00:00","date_gmt":"2020-11-15T23:00:00","guid":{"rendered":"https:\/\/imagazine.it\/?p=35055"},"modified":"2020-11-16T00:00:00","modified_gmt":"2020-11-15T23:00:00","slug":"palmanova-torna-la-consegna-a-domicilio-di-spesa-e-medicinali","status":"publish","type":"post","link":"https:\/\/imagazine.it\/home_desk\/palmanova-torna-la-consegna-a-domicilio-di-spesa-e-medicinali\/","title":{"rendered":"Palmanova, torna la consegna a domicilio di spesa e medicinali"},"content":{"rendered":"<p>A seguito del cambio della Regione Friuli Venezia Giulia da zona di rischio gialla a zona di rischio arancione,\u00a0<strong>r<\/strong><strong>ipartir\u00e0 da domani<\/strong> il servizio di supporto alla popolazione attivato dal Comune di Palmanova e dalla Protezione civile comunale.<\/p>\n<p>Telefonando allo 0432 922137, dalle ore 10 alle 12, dal luned\u00ec al sabato, sar\u00e0 possibile\u00a0<strong>prenotare la consegna a casa di generi alimentari e di prima necessit\u00e0 (piccole quantit\u00e0) e medicinali<\/strong>. Il servizio \u00e8 riservato ai soggetti fragili (in situazione di solitudine) e agli anziani soli.<\/p>\n<p>\u201cCerchiamo di dare il massimo aiuto possibile alle persone con maggiori difficolt\u00e0 e pi\u00f9 esposte a complicanze in caso di contagio. Il servizio, gi\u00e0 attivo nella prima fase della pandemia, da marzo, verr\u00e0 ora riattivato. Un grazie ai volontari di protezione civile sempre impegnati per il bene della comunit\u00e0 che si sono nuovamente messi a disposizione per queste iniziativa\u201d, affermano l\u2019assessore alla Protezione Civile,\u00a0<strong>Luca Piani<\/strong>,\u00a0e quello alla sanit\u00e0<strong>\u00a0Giuseppe Tellini<\/strong>.\u00a0<\/p>\n<p>I soggetti positivi al Covid o in\u00a0quarantena fiduciaria dovranno rivolgersi direttamente alla Comitato di Palmanova della Croce Rossa Italiana.<\/p>\n<p>I dati richiesti in fase di prenotazione saranno: nome, cognome, telefono per essere richiamati, indirizzo di domicilio, genere di servizio (farmaci, alimentari o altro) e l\u2019indicazione dell\u2019urgenza.<\/p>\n<p>Entro il giorno seguente, il personale della Protezione Civile comunale\u00a0<strong>si recher\u00e0 nell\u2019abitazione della persona per effettuare il servizio<\/strong>. In caso ci siano tante richieste, il servizio potr\u00e0 slittare al giorno successivo.<\/p>\n<p>I volontari della Protezione Civile, riconoscibili tramite tesserino e divisa, non entreranno mai in casa ma effettueranno la\u00a0<strong>consegna sull&#39;uscio della porta, indossando mascherina e guanti<\/strong>.<\/p>\n","protected":false},"excerpt":{"rendered":"<p>A cura dei volontari della Protezione Civile<\/p>\n","protected":false},"author":28,"featured_media":35056,"comment_status":"closed","ping_status":"closed","sticky":false,"template":"","format":"standard","meta":{"dwc-title":[],"dwc-content":[],"footnotes":""},"categories":[5],"tags":[],"class_list":["post-35055","post","type-post","status-publish","format-standard","has-post-thumbnail","hentry","category-attualita"],"rttpg_featured_image_url":{"full":["https:\/\/imagazine.it\/wp-content\/uploads\/2024\/01\/36968-1.webp",1000,773,false],"landscape":["https:\/\/imagazine.it\/wp-content\/uploads\/2024\/01\/36968-1.webp",1000,773,false],"portraits":["https:\/\/imagazine.it\/wp-content\/uploads\/2024\/01\/36968-1.webp",1000,773,false],"thumbnail":["https:\/\/imagazine.it\/wp-content\/uploads\/2024\/01\/36968-1-150x150.webp",150,150,true],"medium":["https:\/\/imagazine.it\/wp-content\/uploads\/2024\/01\/36968-1-300x232.webp",300,232,true],"large":["https:\/\/imagazine.it\/wp-content\/uploads\/2024\/01\/36968-1.webp",640,495,false],"thumblist":["https:\/\/imagazine.it\/wp-content\/uploads\/2024\/01\/36968-1.webp",300,232,false],"thumbrelated":["https:\/\/imagazine.it\/wp-content\/uploads\/2024\/01\/36968-1.webp",500,387,false],"meccarouselthumb":["https:\/\/imagazine.it\/wp-content\/uploads\/2024\/01\/36968-1.webp",419,324,false],"gridsquare":["https:\/\/imagazine.it\/wp-content\/uploads\/2024\/01\/36968-1.webp",336,260,false],"tileview":["https:\/\/imagazine.it\/wp-content\/uploads\/2024\/01\/36968-1.webp",300,232,false],"1536x1536":["https:\/\/imagazine.it\/wp-content\/uploads\/2024\/01\/36968-1.webp",1000,773,false],"2048x2048":["https:\/\/imagazine.it\/wp-content\/uploads\/2024\/01\/36968-1.webp",1000,773,false],"newsup-slider-full":["https:\/\/imagazine.it\/wp-content\/uploads\/2024\/01\/36968-1-1000x720.webp",1000,720,true],"newsup-featured":["https:\/\/imagazine.it\/wp-content\/uploads\/2024\/01\/36968-1.webp",1000,773,false],"newsup-medium":["https:\/\/imagazine.it\/wp-content\/uploads\/2024\/01\/36968-1-720x380.webp",720,380,true],"tptn_thumbnail":["https:\/\/imagazine.it\/wp-content\/uploads\/2024\/01\/36968-1.webp",250,193,false],"sow-carousel-default":["https:\/\/imagazine.it\/wp-content\/uploads\/2024\/01\/36968-1-272x182.webp",272,182,true]},"rttpg_author":{"display_name":"redazione","author_link":"https:\/\/imagazine.it\/home_desk\/author\/redazione\/"},"rttpg_comment":0,"rttpg_category":"<a href=\"https:\/\/imagazine.it\/home_desk\/category\/attualita\/\" rel=\"category tag\">ATTUALIT\u00c0<\/a>","rttpg_excerpt":"A cura dei volontari della Protezione Civile","_links":{"self":[{"href":"https:\/\/imagazine.it\/home_desk\/wp-json\/wp\/v2\/posts\/35055","targetHints":{"allow":["GET"]}}],"collection":[{"href":"https:\/\/imagazine.it\/home_desk\/wp-json\/wp\/v2\/posts"}],"about":[{"href":"https:\/\/imagazine.it\/home_desk\/wp-json\/wp\/v2\/types\/post"}],"author":[{"embeddable":true,"href":"https:\/\/imagazine.it\/home_desk\/wp-json\/wp\/v2\/users\/28"}],"replies":[{"embeddable":true,"href":"https:\/\/imagazine.it\/home_desk\/wp-json\/wp\/v2\/comments?post=35055"}],"version-history":[{"count":0,"href":"https:\/\/imagazine.it\/home_desk\/wp-json\/wp\/v2\/posts\/35055\/revisions"}],"wp:featuredmedia":[{"embeddable":true,"href":"https:\/\/imagazine.it\/home_desk\/wp-json\/wp\/v2\/media\/35056"}],"wp:attachment":[{"href":"https:\/\/imagazine.it\/home_desk\/wp-json\/wp\/v2\/media?parent=35055"}],"wp:term":[{"taxonomy":"category","embeddable":true,"href":"https:\/\/imagazine.it\/home_desk\/wp-json\/wp\/v2\/categories?post=35055"},{"taxonomy":"post_tag","embeddable":true,"href":"https:\/\/imagazine.it\/home_desk\/wp-json\/wp\/v2\/tags?post=35055"}],"curies":[{"name":"wp","href":"https:\/\/api.w.org\/{rel}","templated":true}]}}