{"id":35053,"date":"2020-11-16T00:00:00","date_gmt":"2020-11-15T23:00:00","guid":{"rendered":"https:\/\/imagazine.it\/?p=35053"},"modified":"2020-11-16T00:00:00","modified_gmt":"2020-11-15T23:00:00","slug":"fondazione-carigo-in-arrivo-3-milioni-di-euro-per-lisontino","status":"publish","type":"post","link":"https:\/\/imagazine.it\/home_desk\/fondazione-carigo-in-arrivo-3-milioni-di-euro-per-lisontino\/","title":{"rendered":"Fondazione Carigo, in arrivo 3 milioni di euro per l&#8217;Isontino"},"content":{"rendered":"<p>La Fondazione Cassa di Risparmio di conferma in <strong>3 milioni di euro le risorse che nel 2021 verranno destinate al supporto del territorio e delle sue progettualit\u00e0<\/strong>.<\/p>\n<p>\u00c8 quanto emerge dal <strong>Documento di Programmazione Annuale 2021<\/strong>, predisposto dal Consiglio di Amministrazione e <strong>approvato all\u2019unanimit\u00e0<\/strong> dal Consiglio di Indirizzo della Fondazione, con il quale viene definita la pianificazione delle risorse e degli interventi da mettere in campo per rispondere alle esigenze della comunit\u00e0 locale.<\/p>\n<p>\u201cLa pandemia ha travolto come un&#39;onda il nostro tessuto sociale e produttivo, accelerando le innovazioni, distruggendo e poi trasformando, costringendo al cambiamento \u2013 commenta il presidente della Fondazione, <strong>Roberta Demartin<\/strong> \u2013. La priorit\u00e0 assegnata al mondo giovanile, scolastico e del volontariato, nonch\u00e9 le decisioni prudenti e previdenti adottate in tema di investimenti, oggi dimostrano tutta la loro validit\u00e0 e attualit\u00e0. Infatti, la forte attenzione degli ultimi anni alla tutela del patrimonio ha permesso, nonostante la sfavorevole situazione economica attuale, di confermare 3 milioni di euro a supporto del territorio\u201d.<\/p>\n<p>L\u2019analisi dei bisogni del territorio, su cui si basa la programmazione per il 2021, pone in primo piano l\u2019emergenza pandemica, e vede dunque confermate le<strong> priorit\u00e0 all\u2019Istruzione e al Volontariato \u2013 cui vengono destinati rispettivamente 900.000 euro<\/strong> e <strong>780.000 euro \u2013<\/strong> ma allo stesso tempo ha portato a individuare nello<strong> Sviluppo Locale<\/strong> uno dei settori strategici per il prossimo anno, specie in relazione al <strong>rilancio del territorio dal punto di vista economico<\/strong>.<\/p>\n<p>Ecco dunque che le risorse destinate a questo settore sono passate dal 18,5% al 20% del totale, per un totale di risorse pari a 600.00 euro, in aumento rispetto al 2019 di quasi 280 mila euro.<\/p>\n<p><a href=\"http:\/\/imagazinevideotruck.it\/outlet\/relink_euro.html\" target=\"_top\" rel=\"noopener\"><img loading=\"lazy\" decoding=\"async\" align=\"LEFT\" height=\"250\" src=\"http:\/\/imagazinevideotruck.it\/outlet\/euromobili_banner_art.jpg\" width=\"300\" alt=\"\" title=\"\"><\/a><\/p>\n<p>\u00a0<\/p>\n<p>\u00a0<\/p>\n<p>\u00a0<\/p>\n<p>\u00a0<\/p>\n<p>\u00a0<\/p>\n<p>\u00a0<\/p>\n<p>\u00a0<\/p>\n<p>\u00a0<\/p>\n<p>\u00a0<\/p>\n<p>Rimangono inalterati i fondi destinati all\u2019Arte e alla Cultura, pari a 600.000 euro.<\/p>\n<p>Viene confermato anche il sostegno finanziario al mondo dell\u2019Universit\u00e0, sostenuto sia attraverso fondi del settore Educazione, sia con fondi della <strong>Ricerca scientifica, alla quale sono destinati 120.000 euro<\/strong>.<\/p>\n<p>\u201cLo scenario economico corrente e atteso \u00e8 fortemente influenzato dagli effetti negativi della diffusione della pandemia e dalle incertezze sull\u2019andamento futuro dei mercati, con inevitabili ripercussioni sul rendimento del portafoglio finanziario della Fondazione e sul relativo rischio nel medio termine. Ne consegue l\u2019aspettativa per un rendimento prospettico contenuto e per una volatilit\u00e0 elevata, che richieder\u00e0 di mantenere costantemente aggiornati i presidi a tutela del patrimonio della Fondazione. Come sottolineato dal Presidente, le decisioni adottate dalla Fondazione negli ultimi anni nell\u2019ottica della conservazione del patrimonio, del contenimento dei rischi del portafoglio, insieme agli accantonamenti effettuati, ci consentono oggi di arginare gli effetti negativi sui risultati conseguenti alla pandemia\u201d, commenta il direttore generale, <strong>Rossella Digiusto<\/strong>. \u201cInoltre, in un\u2019ottica prudenziale e di trasparenza dei dati la Fondazione ha ritenuto, anche per quest\u2019anno, di non avvalersi della possibilit\u00e0, prevista dal Ministero dell\u2019Economia e delle Finanze, di neutralizzare temporaneamente gli effetti negativi delle minusvalenze dei titoli non durevoli\u201d.<\/p>\n<p>\u201cLe minori entrate \u2013 prosegue Digiusto \u2013 sono principalmente imputabili al mancato dividendo di alcune partecipazioni, in particolare quella di Intesa Sanpaolo, che, al pari di tutte le banche europee, ha annullato la distribuzione dei dividendi nell\u2019esercizio 2020 su indicazione della BCE, per affrontare le problematiche di natura economica scaturite dalla diffusione del virus: l\u2019auspicio, al momento difficile da prevedere, \u00e8 di tornare ad una condizione di normalit\u00e0 nel 2021. Oltre a tale riduzione dei dividendi, anche la tassazione influisce largamente sulle disponibilit\u00e0 della Fondazione. L&#39;incremento negli ultimi anni della fiscalit\u00e0 sui dividendi percepiti dalle Fondazioni, passati dall\u2019essere tassati su una base imponibile pari al 5% del loro ammontare a quella attuale del 100%, ha infatti fortemente contratto le risorse a disposizione della comunit\u00e0. Ecco dunque che diventa sempre pi\u00f9 strategico per la Fondazione potenziare la sua attenzione verso interventi, quali il finanziamento di azioni a sostegno del patrimonio artistico e culturale pubblico, che godono del cosiddetto Art bonus, di promozione del welfare di comunit\u00e0, oltre che diretti al finanziamento della ricerca scientifica, per i quali siano previsti meccanismi di deducibilit\u00e0 fiscale, anche attraverso il riconoscimento di crediti di imposta dedicati\u201d.<\/p>\n","protected":false},"excerpt":{"rendered":"<p>Approvato il Documento di programmazione annuale<\/p>\n","protected":false},"author":28,"featured_media":35054,"comment_status":"closed","ping_status":"closed","sticky":false,"template":"","format":"standard","meta":{"dwc-title":[],"dwc-content":[],"footnotes":""},"categories":[5],"tags":[],"class_list":["post-35053","post","type-post","status-publish","format-standard","has-post-thumbnail","hentry","category-attualita"],"rttpg_featured_image_url":{"full":["https:\/\/imagazine.it\/wp-content\/uploads\/2024\/01\/36967-1.webp",1000,728,false],"landscape":["https:\/\/imagazine.it\/wp-content\/uploads\/2024\/01\/36967-1.webp",1000,728,false],"portraits":["https:\/\/imagazine.it\/wp-content\/uploads\/2024\/01\/36967-1.webp",1000,728,false],"thumbnail":["https:\/\/imagazine.it\/wp-content\/uploads\/2024\/01\/36967-1-150x150.webp",150,150,true],"medium":["https:\/\/imagazine.it\/wp-content\/uploads\/2024\/01\/36967-1-300x218.webp",300,218,true],"large":["https:\/\/imagazine.it\/wp-content\/uploads\/2024\/01\/36967-1.webp",640,466,false],"thumblist":["https:\/\/imagazine.it\/wp-content\/uploads\/2024\/01\/36967-1.webp",300,218,false],"thumbrelated":["https:\/\/imagazine.it\/wp-content\/uploads\/2024\/01\/36967-1.webp",500,364,false],"meccarouselthumb":["https:\/\/imagazine.it\/wp-content\/uploads\/2024\/01\/36967-1.webp",445,324,false],"gridsquare":["https:\/\/imagazine.it\/wp-content\/uploads\/2024\/01\/36967-1.webp",357,260,false],"tileview":["https:\/\/imagazine.it\/wp-content\/uploads\/2024\/01\/36967-1.webp",300,218,false],"1536x1536":["https:\/\/imagazine.it\/wp-content\/uploads\/2024\/01\/36967-1.webp",1000,728,false],"2048x2048":["https:\/\/imagazine.it\/wp-content\/uploads\/2024\/01\/36967-1.webp",1000,728,false],"newsup-slider-full":["https:\/\/imagazine.it\/wp-content\/uploads\/2024\/01\/36967-1-1000x720.webp",1000,720,true],"newsup-featured":["https:\/\/imagazine.it\/wp-content\/uploads\/2024\/01\/36967-1.webp",1000,728,false],"newsup-medium":["https:\/\/imagazine.it\/wp-content\/uploads\/2024\/01\/36967-1-720x380.webp",720,380,true],"tptn_thumbnail":["https:\/\/imagazine.it\/wp-content\/uploads\/2024\/01\/36967-1.webp",250,182,false],"sow-carousel-default":["https:\/\/imagazine.it\/wp-content\/uploads\/2024\/01\/36967-1-272x182.webp",272,182,true]},"rttpg_author":{"display_name":"redazione","author_link":"https:\/\/imagazine.it\/home_desk\/author\/redazione\/"},"rttpg_comment":0,"rttpg_category":"<a href=\"https:\/\/imagazine.it\/home_desk\/category\/attualita\/\" rel=\"category tag\">ATTUALIT\u00c0<\/a>","rttpg_excerpt":"Approvato il Documento di programmazione annuale","_links":{"self":[{"href":"https:\/\/imagazine.it\/home_desk\/wp-json\/wp\/v2\/posts\/35053","targetHints":{"allow":["GET"]}}],"collection":[{"href":"https:\/\/imagazine.it\/home_desk\/wp-json\/wp\/v2\/posts"}],"about":[{"href":"https:\/\/imagazine.it\/home_desk\/wp-json\/wp\/v2\/types\/post"}],"author":[{"embeddable":true,"href":"https:\/\/imagazine.it\/home_desk\/wp-json\/wp\/v2\/users\/28"}],"replies":[{"embeddable":true,"href":"https:\/\/imagazine.it\/home_desk\/wp-json\/wp\/v2\/comments?post=35053"}],"version-history":[{"count":0,"href":"https:\/\/imagazine.it\/home_desk\/wp-json\/wp\/v2\/posts\/35053\/revisions"}],"wp:featuredmedia":[{"embeddable":true,"href":"https:\/\/imagazine.it\/home_desk\/wp-json\/wp\/v2\/media\/35054"}],"wp:attachment":[{"href":"https:\/\/imagazine.it\/home_desk\/wp-json\/wp\/v2\/media?parent=35053"}],"wp:term":[{"taxonomy":"category","embeddable":true,"href":"https:\/\/imagazine.it\/home_desk\/wp-json\/wp\/v2\/categories?post=35053"},{"taxonomy":"post_tag","embeddable":true,"href":"https:\/\/imagazine.it\/home_desk\/wp-json\/wp\/v2\/tags?post=35053"}],"curies":[{"name":"wp","href":"https:\/\/api.w.org\/{rel}","templated":true}]}}