{"id":35047,"date":"2020-11-16T00:00:00","date_gmt":"2020-11-15T23:00:00","guid":{"rendered":"https:\/\/imagazine.it\/?p=35047"},"modified":"2020-11-16T00:00:00","modified_gmt":"2020-11-15T23:00:00","slug":"ruda-la-protezione-civile-fa-il-pieno-di-giovani","status":"publish","type":"post","link":"https:\/\/imagazine.it\/home_desk\/ruda-la-protezione-civile-fa-il-pieno-di-giovani\/","title":{"rendered":"Ruda, la Protezione civile fa il pieno di giovani"},"content":{"rendered":"<p>Una decina di ragazzi, anche minorenni, hanno deciso di aderire alla Protezione civile di Ruda.<\/p>\n<p>Il gruppo cos\u00ec si \u00e8 rimpolpato, abbassando l&#39;et\u00e0 media, e ora consta di 35 elementi coordinati da <strong>Palmina Mian<\/strong>, mentre il capo squadra \u00e8 <strong>Marco Cestaro<\/strong>.<\/p>\n<p>Il momento per tutti i componenti del Gruppo di Protezione Civile non \u00e8 stato di quelli pi\u00f9 semplici, da marzo c&#39;\u00e8 stato un impegno ininterrotto per la comunit\u00e0, sono serviti persino \u201cturni\u201d per portare la spesa, i farmaci, recarsi a Latisana per recuperare pres\u00ecdi per chi aveva bisogno di sedia a rotelle o altro, senza contare le sollecitazioni della Protezione civile regionale per vari interventi.<\/p>\n<p>E proprio in questo difficile momento si sono inseriti i nuovi arrivati che, oltre all\u2019attivit\u00e0 di routine, si sono cimentati sia nell\u2019attivit\u00e0 di addestramento (come ad esempio l&#39;utilizzo della cippatrice, macchina usata per ridurre il legno in piccole scaglie) sia nelle emergenze, come la bomba d&#39;acqua che si \u00e8 abbattuta a fine agosto sul territorio di Ruda, costringendo a un intervento immediato per rimuovere i rami pericolanti e abbattere alberi che creavano gravi rischi per la popolazione.<\/p>\n<p>\u00c8 da 31 anni che a Ruda si \u00e8 creato il Gruppo di Protezione Civile e da un anno la sede \u00e8 ubicata in via Duca D&#39;Aosta, presso l&#39;ex Caserma \u201cBruno Jesi\u201d.<\/p>\n<p><a href=\"http:\/\/imagazinevideotruck.it\/outlet\/relink.html\" target=\"_top\" rel=\"noopener\"><img loading=\"lazy\" decoding=\"async\" align=\"LEFT\" height=\"250\" src=\"http:\/\/imagazinevideotruck.it\/outlet\/outlet30.gif\" width=\"300\" alt=\"\" title=\"\"><\/a><\/p>\n<p>\u00a0<\/p>\n<p>\u00a0<\/p>\n<p>\u00a0<\/p>\n<p>\u00a0<\/p>\n<p>\u00a0<\/p>\n<p>\u00a0<\/p>\n<p>\u00a0<\/p>\n<p>\u00a0<\/p>\n<p>\u00a0<\/p>\n<p>\u201cIl gruppo di Protezione civile di Ruda \u2013 afferma il sindaco <strong>Franco Lenarduzzi<\/strong> \u2013 \u00e8 un bellissimo insieme coeso al quale tanti giovani hanno deciso di fare parte integrante: tutti i componenti sono una delle migliori rappresentanze di volontariato al servizio della comunit\u00e0, con i quali si \u00e8 potuto lavorare assiduamente in quest&#39;anno di pandemia, e risolvere tante emergenze sul piano territoriale dovute alle improvvise calamit\u00e0 naturali\u201d.<\/p>\n","protected":false},"excerpt":{"rendered":"<p>Crescono le adesioni<\/p>\n","protected":false},"author":22,"featured_media":35048,"comment_status":"closed","ping_status":"closed","sticky":false,"template":"","format":"standard","meta":{"dwc-title":[],"dwc-content":[],"footnotes":""},"categories":[5],"tags":[],"class_list":["post-35047","post","type-post","status-publish","format-standard","has-post-thumbnail","hentry","category-attualita"],"rttpg_featured_image_url":{"full":["https:\/\/imagazine.it\/wp-content\/uploads\/2024\/01\/36961-1.webp",1599,1200,false],"landscape":["https:\/\/imagazine.it\/wp-content\/uploads\/2024\/01\/36961-1.webp",1599,1200,false],"portraits":["https:\/\/imagazine.it\/wp-content\/uploads\/2024\/01\/36961-1.webp",1599,1200,false],"thumbnail":["https:\/\/imagazine.it\/wp-content\/uploads\/2024\/01\/36961-1-150x150.webp",150,150,true],"medium":["https:\/\/imagazine.it\/wp-content\/uploads\/2024\/01\/36961-1-300x225.webp",300,225,true],"large":["https:\/\/imagazine.it\/wp-content\/uploads\/2024\/01\/36961-1-1024x768.webp",640,480,true],"thumblist":["https:\/\/imagazine.it\/wp-content\/uploads\/2024\/01\/36961-1.webp",300,225,false],"thumbrelated":["https:\/\/imagazine.it\/wp-content\/uploads\/2024\/01\/36961-1.webp",500,375,false],"meccarouselthumb":["https:\/\/imagazine.it\/wp-content\/uploads\/2024\/01\/36961-1.webp",432,324,false],"gridsquare":["https:\/\/imagazine.it\/wp-content\/uploads\/2024\/01\/36961-1.webp",346,260,false],"tileview":["https:\/\/imagazine.it\/wp-content\/uploads\/2024\/01\/36961-1.webp",300,225,false],"1536x1536":["https:\/\/imagazine.it\/wp-content\/uploads\/2024\/01\/36961-1-1536x1153.webp",1536,1153,true],"2048x2048":["https:\/\/imagazine.it\/wp-content\/uploads\/2024\/01\/36961-1.webp",1599,1200,false],"newsup-slider-full":["https:\/\/imagazine.it\/wp-content\/uploads\/2024\/01\/36961-1-1280x720.webp",1280,720,true],"newsup-featured":["https:\/\/imagazine.it\/wp-content\/uploads\/2024\/01\/36961-1-1024x768.webp",1024,768,true],"newsup-medium":["https:\/\/imagazine.it\/wp-content\/uploads\/2024\/01\/36961-1-720x380.webp",720,380,true],"tptn_thumbnail":["https:\/\/imagazine.it\/wp-content\/uploads\/2024\/01\/36961-1.webp",250,188,false],"sow-carousel-default":["https:\/\/imagazine.it\/wp-content\/uploads\/2024\/01\/36961-1-272x182.webp",272,182,true]},"rttpg_author":{"display_name":"Livio Nonis","author_link":"https:\/\/imagazine.it\/home_desk\/author\/nonis\/"},"rttpg_comment":0,"rttpg_category":"<a href=\"https:\/\/imagazine.it\/home_desk\/category\/attualita\/\" rel=\"category tag\">ATTUALIT\u00c0<\/a>","rttpg_excerpt":"Crescono le adesioni","_links":{"self":[{"href":"https:\/\/imagazine.it\/home_desk\/wp-json\/wp\/v2\/posts\/35047","targetHints":{"allow":["GET"]}}],"collection":[{"href":"https:\/\/imagazine.it\/home_desk\/wp-json\/wp\/v2\/posts"}],"about":[{"href":"https:\/\/imagazine.it\/home_desk\/wp-json\/wp\/v2\/types\/post"}],"author":[{"embeddable":true,"href":"https:\/\/imagazine.it\/home_desk\/wp-json\/wp\/v2\/users\/22"}],"replies":[{"embeddable":true,"href":"https:\/\/imagazine.it\/home_desk\/wp-json\/wp\/v2\/comments?post=35047"}],"version-history":[{"count":0,"href":"https:\/\/imagazine.it\/home_desk\/wp-json\/wp\/v2\/posts\/35047\/revisions"}],"wp:featuredmedia":[{"embeddable":true,"href":"https:\/\/imagazine.it\/home_desk\/wp-json\/wp\/v2\/media\/35048"}],"wp:attachment":[{"href":"https:\/\/imagazine.it\/home_desk\/wp-json\/wp\/v2\/media?parent=35047"}],"wp:term":[{"taxonomy":"category","embeddable":true,"href":"https:\/\/imagazine.it\/home_desk\/wp-json\/wp\/v2\/categories?post=35047"},{"taxonomy":"post_tag","embeddable":true,"href":"https:\/\/imagazine.it\/home_desk\/wp-json\/wp\/v2\/tags?post=35047"}],"curies":[{"name":"wp","href":"https:\/\/api.w.org\/{rel}","templated":true}]}}