{"id":35043,"date":"2020-11-16T00:00:00","date_gmt":"2020-11-15T23:00:00","guid":{"rendered":"https:\/\/imagazine.it\/?p=35043"},"modified":"2020-11-16T00:00:00","modified_gmt":"2020-11-15T23:00:00","slug":"pandemia-e-nuove-occupazioni-i-giovani-puntano-su-biomedicale-e-farmaceutico","status":"publish","type":"post","link":"https:\/\/imagazine.it\/home_desk\/pandemia-e-nuove-occupazioni-i-giovani-puntano-su-biomedicale-e-farmaceutico\/","title":{"rendered":"Pandemia e nuove occupazioni, i giovani puntano su biomedicale e farmaceutico"},"content":{"rendered":"<p>Appena terminata la 15\u00b0 edizione, la Fiera del Lavoro FVG si conferma punto di riferimento per l\u2019occupazione post laurea e anche osservatorio privilegiato per analizzare i trend dell\u2019occupazione giovanile e del mondo imprenditoriale.<\/p>\n<p>I numeri della Fiera organizzata da Alig, Associazione dei Laureati in Ingegneria Gestionale, restano davvero notevoli con 55 aziende che hanno partecipato mettendo sul piatto circa 460 posti di lavoro: le candidature arrivate attraverso la piattaforma digitale sono state 4.800 e 1.400 i colloqui effettuati online nella giornata di ieri in seguito ad una prima selezione dei curricula da parte delle risorse umane delle aziende.<\/p>\n<p>Rispetto agli anni precedenti, la pandemia ha condizionato le scelte dei candidati al punto che il settore biomedicale e farmaceutico \u00e8 stato per la prima volta quello pi\u00f9 gettonato. L\u2019azienda friulana Biofarma, infatti, \u00e8 l\u2019azienda che in assoluto ha ricevuto pi\u00f9 candidature.<\/p>\n<p>Diverse aziende sono in forte crescita, come per esempio la pordenonese Roncadin che produce pizze surgelate: l\u2019emergenza sanitaria sta cambiando le abitudini di consumo delle persone che acquistano pi\u00f9 surgelati decretando un segno positivo in tutto il comparto.<\/p>\n<p><a href=\"http:\/\/imagazinevideotruck.it\/outlet\/relink_euro.html\" target=\"_top\" rel=\"noopener\"><img loading=\"lazy\" decoding=\"async\" align=\"LEFT\" height=\"250\" src=\"http:\/\/imagazinevideotruck.it\/outlet\/euromobili_banner_art.jpg\" width=\"300\" alt=\"\" title=\"\"><\/a><\/p>\n<p>\u00a0<\/p>\n<p>\u00a0<\/p>\n<p>\u00a0<\/p>\n<p>\u00a0<\/p>\n<p>\u00a0<\/p>\n<p>\u00a0<\/p>\n<p>\u00a0<\/p>\n<p>\u00a0<\/p>\n<p>\u00a0<\/p>\n<p>Un elemento di continuit\u00e0 con il passato, invece, \u00e8 che le aziende di grandi dimensioni vengono preferite rispetto a quelle pi\u00f9 piccole: Generali e Fincantieri, ad esempio, hanno avuto come sempre numerose richieste di colloquio.<\/p>\n<p><em>\u201cLe imprese<\/em> \u2013 commenta <strong>Marco Sartor<\/strong>, presidente di Alig \u2013<em> hanno apprezzato lo sforzo fatto per offrire continuit\u00e0 a un\u2019iniziativa ormai storica per il reclutamento sul territorio; riferiscono di aver trovato molti candidati interessanti.\u00a0L\u2019et\u00e0 media dei partecipanti \u00e8 crescita molto: forse la modalit\u00e0 online, unita ai colloqui su appuntamento, hanno fatto sentire le persone meno esposte rispetto all\u2019ambiente \u201caperto\u201d del teatro.\u00a0Alcune imprese hanno segnalato che alcuni candidati, forse confortati dal colloquio da casa, hanno usato un abbigliamento inappropriato per un colloquio di lavoro, fattore che non andrebbe sottovalutato quando ci si presenta ad un possibile futuro datore di lavoro.\u00a0Il bilancio complessivo, anche considerato il fatto che l\u2019evento \u00e8 stato trasformato in modalit\u00e0 online in 3 settimane, \u00e8 assolutamente positivo\u201d.<\/em><\/p>\n","protected":false},"excerpt":{"rendered":"<p>I dati emersi dalla Fiera del Lavoro<\/p>\n","protected":false},"author":12,"featured_media":35044,"comment_status":"closed","ping_status":"closed","sticky":false,"template":"","format":"standard","meta":{"dwc-title":[],"dwc-content":[],"footnotes":""},"categories":[6],"tags":[],"class_list":["post-35043","post","type-post","status-publish","format-standard","has-post-thumbnail","hentry","category-societa"],"rttpg_featured_image_url":{"full":["https:\/\/imagazine.it\/wp-content\/uploads\/2024\/01\/36957-1.webp",1000,667,false],"landscape":["https:\/\/imagazine.it\/wp-content\/uploads\/2024\/01\/36957-1.webp",1000,667,false],"portraits":["https:\/\/imagazine.it\/wp-content\/uploads\/2024\/01\/36957-1.webp",1000,667,false],"thumbnail":["https:\/\/imagazine.it\/wp-content\/uploads\/2024\/01\/36957-1-150x150.webp",150,150,true],"medium":["https:\/\/imagazine.it\/wp-content\/uploads\/2024\/01\/36957-1-300x200.webp",300,200,true],"large":["https:\/\/imagazine.it\/wp-content\/uploads\/2024\/01\/36957-1.webp",640,427,false],"thumblist":["https:\/\/imagazine.it\/wp-content\/uploads\/2024\/01\/36957-1.webp",300,200,false],"thumbrelated":["https:\/\/imagazine.it\/wp-content\/uploads\/2024\/01\/36957-1.webp",500,334,false],"meccarouselthumb":["https:\/\/imagazine.it\/wp-content\/uploads\/2024\/01\/36957-1.webp",474,316,false],"gridsquare":["https:\/\/imagazine.it\/wp-content\/uploads\/2024\/01\/36957-1.webp",391,260,false],"tileview":["https:\/\/imagazine.it\/wp-content\/uploads\/2024\/01\/36957-1.webp",300,200,false],"1536x1536":["https:\/\/imagazine.it\/wp-content\/uploads\/2024\/01\/36957-1.webp",1000,667,false],"2048x2048":["https:\/\/imagazine.it\/wp-content\/uploads\/2024\/01\/36957-1.webp",1000,667,false],"newsup-slider-full":["https:\/\/imagazine.it\/wp-content\/uploads\/2024\/01\/36957-1.webp",1000,667,false],"newsup-featured":["https:\/\/imagazine.it\/wp-content\/uploads\/2024\/01\/36957-1.webp",1000,667,false],"newsup-medium":["https:\/\/imagazine.it\/wp-content\/uploads\/2024\/01\/36957-1-720x380.webp",720,380,true],"tptn_thumbnail":["https:\/\/imagazine.it\/wp-content\/uploads\/2024\/01\/36957-1.webp",250,167,false],"sow-carousel-default":["https:\/\/imagazine.it\/wp-content\/uploads\/2024\/01\/36957-1-272x182.webp",272,182,true]},"rttpg_author":{"display_name":"Claudio Pizzin","author_link":"https:\/\/imagazine.it\/home_desk\/author\/pizzin\/"},"rttpg_comment":0,"rttpg_category":"<a href=\"https:\/\/imagazine.it\/home_desk\/category\/societa\/\" rel=\"category tag\">SOCIET\u00c0<\/a>","rttpg_excerpt":"I dati emersi dalla Fiera del Lavoro","_links":{"self":[{"href":"https:\/\/imagazine.it\/home_desk\/wp-json\/wp\/v2\/posts\/35043","targetHints":{"allow":["GET"]}}],"collection":[{"href":"https:\/\/imagazine.it\/home_desk\/wp-json\/wp\/v2\/posts"}],"about":[{"href":"https:\/\/imagazine.it\/home_desk\/wp-json\/wp\/v2\/types\/post"}],"author":[{"embeddable":true,"href":"https:\/\/imagazine.it\/home_desk\/wp-json\/wp\/v2\/users\/12"}],"replies":[{"embeddable":true,"href":"https:\/\/imagazine.it\/home_desk\/wp-json\/wp\/v2\/comments?post=35043"}],"version-history":[{"count":0,"href":"https:\/\/imagazine.it\/home_desk\/wp-json\/wp\/v2\/posts\/35043\/revisions"}],"wp:featuredmedia":[{"embeddable":true,"href":"https:\/\/imagazine.it\/home_desk\/wp-json\/wp\/v2\/media\/35044"}],"wp:attachment":[{"href":"https:\/\/imagazine.it\/home_desk\/wp-json\/wp\/v2\/media?parent=35043"}],"wp:term":[{"taxonomy":"category","embeddable":true,"href":"https:\/\/imagazine.it\/home_desk\/wp-json\/wp\/v2\/categories?post=35043"},{"taxonomy":"post_tag","embeddable":true,"href":"https:\/\/imagazine.it\/home_desk\/wp-json\/wp\/v2\/tags?post=35043"}],"curies":[{"name":"wp","href":"https:\/\/api.w.org\/{rel}","templated":true}]}}