{"id":35021,"date":"2020-11-12T00:00:00","date_gmt":"2020-11-11T23:00:00","guid":{"rendered":"https:\/\/imagazine.it\/?p=35021"},"modified":"2020-11-12T00:00:00","modified_gmt":"2020-11-11T23:00:00","slug":"lotta-al-diabete-il-fvg-si-illumina-di-blu","status":"publish","type":"post","link":"https:\/\/imagazine.it\/home_desk\/lotta-al-diabete-il-fvg-si-illumina-di-blu\/","title":{"rendered":"Lotta al diabete, il FVG si illumina di blu"},"content":{"rendered":"<p>La Giornata Mondiale del Diabete (GMD) \u00e8 stata istituita nel 1991, si \u00e8 scelto il 14 novembre, data di nascita del fisiologo Frederick Banting che, insieme a Charles Best, ha scoperto l\u2019insulina nel 1921. Una scoperta che da quel giorno ha permesso, alle persone affette da diabete, di vivere. <a name=\"docs-internal-guid-8cc6ceb8-7fff-06ee-2f\"><\/a><\/p>\n<p>Ogni anno, durante il mese di novembre, in tutto il mondo si mettono in atto una serie di iniziative per sensibilizzare su questa patologia, facendo informazione e prevenzione. Il diabete, infatti, \u00e8 una patologia complessa che richiede formazione, competenza, responsabilit\u00e0 e aderenza terapeutica.<\/p>\n<p>La regione Friuli Venezia Giulia, da est a ovest, si illuminer\u00e0 di blu. L&#39;associazione <strong>INS\u00d9<\/strong> (Associazione Giovani diabetici di Trieste) <strong>unitamente al gruppo Isontino<\/strong>, con la collaborazione del comune di <strong>Monfalcone<\/strong>, si \u00e8 attivata per illuminare di blu, gi\u00e0 da venerd\u00ec 13 alle ore 17, la Loggia del Palazzo Municipale e le due fontane all&#39;Anconetta e di Piazza Unit\u00e0; anche la citt\u00e0 di <strong>Trieste<\/strong> partecipa alle celebrazioni: fino al 15 novembre l&#39;ingresso dell&#39;ospedale pediatrico Burlo Garofolo sar\u00e0 colorato con luci blu.<\/p>\n<p>Grazie all&#39;<strong>Associazione<\/strong> <strong>Friulana Famiglie Diabetici<\/strong>, nei giorni 13-14-15 novembre verr\u00e0 illuminato il campanile pi\u00f9 alto d&#39;Italia, quello di <strong>Mortegliano<\/strong>; l\u2019associazione, che dal 1978 opera su tutto il territorio regionale, \u00e8 costituita da volontari che lavorano per superare le non poche difficolt\u00e0 che ogni diabetico e i suoi famigliari incontra quotidianamente, e dal 1982 ha aderito alla FAND (Associazione Italiana Diabetici), intraprendendo un cammino di ulteriore apertura per unire la sua voce e le sue energie a quelle di altre associazioni di volontariato italiano.<\/p>\n<p>Anche i Comuni di <strong>Pordenone<\/strong> e <strong>Sacile<\/strong> aderiscono all&#39;iniziativa illuminando i relativi municipi grazie alla collaborazione dell&#39;associazione INS\u00d9 Pordenone.<\/p>\n<p><u><a href=\"http:\/\/www.imagazine.it\/notizie-trieste-gorizia-udine-friuli\/8764\" target=\"_blank\" rel=\"noopener\"><strong>Sweet Team Aniad Fvg<\/strong> (associazione atleti diabetici)<\/a><\/u> ha scelto di supportare l&#39;iniziativa organizzata dai Madracs, squadra friulana di ragazzi che giocano a Hokey su carrozzina elettrica, il cui obiettivo \u00e8 acquistare un furgone. <a name=\"docs-internal-guid-730ee9a0-7fff-dfc5-42\"><\/a><\/p>\n<p><a href=\"http:\/\/imagazinevideotruck.it\/outlet\/relink_euro.html\" target=\"_top\" rel=\"noopener\"><img loading=\"lazy\" decoding=\"async\" align=\"LEFT\" height=\"250\" src=\"http:\/\/imagazinevideotruck.it\/outlet\/euromobili_banner_art.jpg\" width=\"300\" alt=\"\" title=\"\"><\/a><\/p>\n<p>\u00a0<\/p>\n<p>\u00a0<\/p>\n<p>\u00a0<\/p>\n<p>\u00a0<\/p>\n<p>\u00a0<\/p>\n<p>\u00a0<\/p>\n<p>\u00a0<\/p>\n<p>\u00a0<\/p>\n<p>\u00a0<\/p>\n<p>Diabete Italia \u00e8 una federazione che riunisce associazioni di persone con diabete e societ\u00e0 scientifiche in ambito diabetologico, che collaborano nell\u2019interesse delle persone con diabete. Il tema scelto per la Giornata Mondiale del Diabete di quest\u2019anno \u00e8 il ruolo dell\u2019infermiere all\u2019interno del team diabetologico. Un ruolo importante, che permette un miglior coinvolgimento del paziente con il team, ma anche un aiuto indispensabile per garantire una maggior aderenza alla terapia e un importante supporto nell\u2019educazione terapeutica dei pazienti, un valido aiuto per evitare le complicanze che compaiono quando il diabete non \u00e8 ben compensato.<a name=\"docs-internal-guid-e1cf30df-7fff-1caf-19\"><\/a> Quest\u2019anno, a causa dell\u2019emergenza dovuta al Covid, vista l\u2019impossibilit\u00e0 di organizzare eventi in presenza, sono stati organizzati quattro webinar, che si possono seguire anche sulla pagina Facebook fb.me\/motoresanita, a partire dal 12 novembre, su tematiche dedicate ai pazienti, ma anche a chi non ha il diabete e a chi non sa ancora di esserne affetto.<\/p>\n<p>Al webinar di venerd\u00ec 13, incentrato sull\u2019innovazione, saranno presenti come moderatori la dottoressa <strong>Roberta Assaloni<\/strong>, medico diabetologo presso il Centro Diabetologico dell\u2019Ospedale di Monfalcone, e l\u2019ingegner <strong>Elena Frattolin<\/strong>, presidente del Coordinamento Regionale delle Associazioni di persone con Diabete, C.R.A.D., che rappresenta la quasi totalit\u00e0 di associazioni del Friuli Venezia Giulia.<\/p>\n","protected":false},"excerpt":{"rendered":"<p>Coinvolta tutta la regione<\/p>\n","protected":false},"author":22,"featured_media":35022,"comment_status":"closed","ping_status":"closed","sticky":false,"template":"","format":"standard","meta":{"dwc-title":[],"dwc-content":[],"footnotes":""},"categories":[5],"tags":[],"class_list":["post-35021","post","type-post","status-publish","format-standard","has-post-thumbnail","hentry","category-attualita"],"rttpg_featured_image_url":{"full":["https:\/\/imagazine.it\/wp-content\/uploads\/2024\/01\/36930-1.webp",800,483,false],"landscape":["https:\/\/imagazine.it\/wp-content\/uploads\/2024\/01\/36930-1.webp",800,483,false],"portraits":["https:\/\/imagazine.it\/wp-content\/uploads\/2024\/01\/36930-1.webp",800,483,false],"thumbnail":["https:\/\/imagazine.it\/wp-content\/uploads\/2024\/01\/36930-1-150x150.webp",150,150,true],"medium":["https:\/\/imagazine.it\/wp-content\/uploads\/2024\/01\/36930-1-300x181.webp",300,181,true],"large":["https:\/\/imagazine.it\/wp-content\/uploads\/2024\/01\/36930-1.webp",640,386,false],"thumblist":["https:\/\/imagazine.it\/wp-content\/uploads\/2024\/01\/36930-1.webp",300,181,false],"thumbrelated":["https:\/\/imagazine.it\/wp-content\/uploads\/2024\/01\/36930-1.webp",500,302,false],"meccarouselthumb":["https:\/\/imagazine.it\/wp-content\/uploads\/2024\/01\/36930-1.webp",474,286,false],"gridsquare":["https:\/\/imagazine.it\/wp-content\/uploads\/2024\/01\/36930-1.webp",391,236,false],"tileview":["https:\/\/imagazine.it\/wp-content\/uploads\/2024\/01\/36930-1.webp",300,181,false],"1536x1536":["https:\/\/imagazine.it\/wp-content\/uploads\/2024\/01\/36930-1.webp",800,483,false],"2048x2048":["https:\/\/imagazine.it\/wp-content\/uploads\/2024\/01\/36930-1.webp",800,483,false],"newsup-slider-full":["https:\/\/imagazine.it\/wp-content\/uploads\/2024\/01\/36930-1.webp",800,483,false],"newsup-featured":["https:\/\/imagazine.it\/wp-content\/uploads\/2024\/01\/36930-1.webp",800,483,false],"newsup-medium":["https:\/\/imagazine.it\/wp-content\/uploads\/2024\/01\/36930-1-720x380.webp",720,380,true],"tptn_thumbnail":["https:\/\/imagazine.it\/wp-content\/uploads\/2024\/01\/36930-1.webp",250,151,false],"sow-carousel-default":["https:\/\/imagazine.it\/wp-content\/uploads\/2024\/01\/36930-1-272x182.webp",272,182,true]},"rttpg_author":{"display_name":"Livio Nonis","author_link":"https:\/\/imagazine.it\/home_desk\/author\/nonis\/"},"rttpg_comment":0,"rttpg_category":"<a href=\"https:\/\/imagazine.it\/home_desk\/category\/attualita\/\" rel=\"category tag\">ATTUALIT\u00c0<\/a>","rttpg_excerpt":"Coinvolta tutta la regione","_links":{"self":[{"href":"https:\/\/imagazine.it\/home_desk\/wp-json\/wp\/v2\/posts\/35021","targetHints":{"allow":["GET"]}}],"collection":[{"href":"https:\/\/imagazine.it\/home_desk\/wp-json\/wp\/v2\/posts"}],"about":[{"href":"https:\/\/imagazine.it\/home_desk\/wp-json\/wp\/v2\/types\/post"}],"author":[{"embeddable":true,"href":"https:\/\/imagazine.it\/home_desk\/wp-json\/wp\/v2\/users\/22"}],"replies":[{"embeddable":true,"href":"https:\/\/imagazine.it\/home_desk\/wp-json\/wp\/v2\/comments?post=35021"}],"version-history":[{"count":0,"href":"https:\/\/imagazine.it\/home_desk\/wp-json\/wp\/v2\/posts\/35021\/revisions"}],"wp:featuredmedia":[{"embeddable":true,"href":"https:\/\/imagazine.it\/home_desk\/wp-json\/wp\/v2\/media\/35022"}],"wp:attachment":[{"href":"https:\/\/imagazine.it\/home_desk\/wp-json\/wp\/v2\/media?parent=35021"}],"wp:term":[{"taxonomy":"category","embeddable":true,"href":"https:\/\/imagazine.it\/home_desk\/wp-json\/wp\/v2\/categories?post=35021"},{"taxonomy":"post_tag","embeddable":true,"href":"https:\/\/imagazine.it\/home_desk\/wp-json\/wp\/v2\/tags?post=35021"}],"curies":[{"name":"wp","href":"https:\/\/api.w.org\/{rel}","templated":true}]}}