{"id":35015,"date":"2020-11-11T00:00:00","date_gmt":"2020-11-10T23:00:00","guid":{"rendered":"https:\/\/imagazine.it\/?p=35015"},"modified":"2020-11-11T00:00:00","modified_gmt":"2020-11-10T23:00:00","slug":"gorizia-i-farmacisti-isontini-pronti-a-collaborare-sui-tamponi","status":"publish","type":"post","link":"https:\/\/imagazine.it\/home_desk\/gorizia-i-farmacisti-isontini-pronti-a-collaborare-sui-tamponi\/","title":{"rendered":"Gorizia, i farmacisti isontini pronti a collaborare sui tamponi"},"content":{"rendered":"<p>\u201c\u00c8 il momento in cui tutti devono dare una mano per uscire da questo momento cos\u00ec critico e anche le farmacie isontine sono pronte a fare la propria parte\u201d.<\/p>\n<p>\u00c8 questa la premessa con cui i rappresentanti di <strong>Federfarma<\/strong> della provincia di Gorizia hanno illustrato all\u2019assessore al welfare del Comune di Gorizia, <strong>Silvana Romano<\/strong>, la proposta di collaborazione sulla gestione dei tamponi che sar\u00e0 avanzata pubblicamente domani, in ambito regionale, all\u2019assessore alla sanit\u00e0, <strong>Riccardo Riccardi<\/strong>.<\/p>\n<p>L\u2019iniziativa, presentata dal presidente <strong>Alberto Rampino<\/strong>, dalla vice, <strong>Anna Olivetti<\/strong> (presidente anche dell\u2019Ordine dei farmacisti), e dalla segretaria, <strong>Carla Tavasani<\/strong>, prevede che le richieste per l\u2019effettuazione di tamponi privati possano essere effettuate attraverso le farmacie che provvederebbero anche a fissare gli appuntamenti,\u00a0nell\u2019ambito di un coordinamento\u00a0gestito dalle aziende sanitarie e supportato dai singoli Comuni.<\/p>\n<p>\u201cSi tratta &#8211; ha rimarcato Rampino &#8211; di un progetto che va costruito insieme alle istituzioni considerando che si dovranno individuare sia il personale che poi, materialmente, effettuer\u00e0 i tamponi, sia i siti dedicati, in quanto non si effettuerebbero i test all&#39;interno delle farmacie che svolgerebbero altres\u00ec un ruolo di strutture logistiche di collegamento e appoggio.\u00a0I farmacisti si metterebbero a disposizione in prima persona per raccogliere e indirizzare le richieste magari attraverso una piattaforma dedicata, tipo Cup.\u00a0Riteniamo che, cos\u00ec facendo, si alleggerirebbe una parte del peso che oggi grava sulle aziende sanitarie e si contribuirebbe a fornire un servizio migliore ai cittadini\u201d.<\/p>\n<p><a href=\"http:\/\/imagazinevideotruck.it\/outlet\/relink.html\" target=\"_top\" rel=\"noopener\"><img loading=\"lazy\" decoding=\"async\" align=\"LEFT\" height=\"250\" src=\"http:\/\/imagazinevideotruck.it\/outlet\/outlet30.gif\" width=\"300\" alt=\"\" title=\"\"><\/a><\/p>\n<p>\u00a0<\/p>\n<p>\u00a0<\/p>\n<p>\u00a0<\/p>\n<p>\u00a0<\/p>\n<p>\u00a0<\/p>\n<p>\u00a0<\/p>\n<p>\u00a0<\/p>\n<p>\u00a0<\/p>\n<p>\u00a0<\/p>\n<p>L\u2019assessore Romano ha manifestato la massima disponibilit\u00e0, come Comune, ad appoggiare l\u2019iniziativa: \u201cFermo restando che le competenze sono in capo ad Asugi e alla Regione, siamo pronti a fare la nostra parte supportando in ogni modo ogni iniziativa che contribuisca a migliorare i servizi anti Covid-19 e ci confronteremo, in proposito, anche con le Farmacie Comunali. Ringrazio davvero di cuore i vertici di Federfarma per la disponibilit\u00e0 che stanno dimostrando in un momento di grande difficolt\u00e0 come quello attuale. Siamo tutti in prima linea ed \u00e8 il momento di mettere insieme le forze di tutti per uscire dal tunnel\u201d.<\/p>\n","protected":false},"excerpt":{"rendered":"<p>Incontro istituzionale in Comune<\/p>\n","protected":false},"author":28,"featured_media":35016,"comment_status":"closed","ping_status":"closed","sticky":false,"template":"","format":"standard","meta":{"dwc-title":[],"dwc-content":[],"footnotes":""},"categories":[5],"tags":[],"class_list":["post-35015","post","type-post","status-publish","format-standard","has-post-thumbnail","hentry","category-attualita"],"rttpg_featured_image_url":{"full":["https:\/\/imagazine.it\/wp-content\/uploads\/2024\/01\/36918-1.webp",1000,750,false],"landscape":["https:\/\/imagazine.it\/wp-content\/uploads\/2024\/01\/36918-1.webp",1000,750,false],"portraits":["https:\/\/imagazine.it\/wp-content\/uploads\/2024\/01\/36918-1.webp",1000,750,false],"thumbnail":["https:\/\/imagazine.it\/wp-content\/uploads\/2024\/01\/36918-1-150x150.webp",150,150,true],"medium":["https:\/\/imagazine.it\/wp-content\/uploads\/2024\/01\/36918-1-300x225.webp",300,225,true],"large":["https:\/\/imagazine.it\/wp-content\/uploads\/2024\/01\/36918-1.webp",640,480,false],"thumblist":["https:\/\/imagazine.it\/wp-content\/uploads\/2024\/01\/36918-1.webp",300,225,false],"thumbrelated":["https:\/\/imagazine.it\/wp-content\/uploads\/2024\/01\/36918-1.webp",500,375,false],"meccarouselthumb":["https:\/\/imagazine.it\/wp-content\/uploads\/2024\/01\/36918-1.webp",432,324,false],"gridsquare":["https:\/\/imagazine.it\/wp-content\/uploads\/2024\/01\/36918-1.webp",347,260,false],"tileview":["https:\/\/imagazine.it\/wp-content\/uploads\/2024\/01\/36918-1.webp",300,225,false],"1536x1536":["https:\/\/imagazine.it\/wp-content\/uploads\/2024\/01\/36918-1.webp",1000,750,false],"2048x2048":["https:\/\/imagazine.it\/wp-content\/uploads\/2024\/01\/36918-1.webp",1000,750,false],"newsup-slider-full":["https:\/\/imagazine.it\/wp-content\/uploads\/2024\/01\/36918-1-1000x720.webp",1000,720,true],"newsup-featured":["https:\/\/imagazine.it\/wp-content\/uploads\/2024\/01\/36918-1.webp",1000,750,false],"newsup-medium":["https:\/\/imagazine.it\/wp-content\/uploads\/2024\/01\/36918-1-720x380.webp",720,380,true],"tptn_thumbnail":["https:\/\/imagazine.it\/wp-content\/uploads\/2024\/01\/36918-1.webp",250,188,false],"sow-carousel-default":["https:\/\/imagazine.it\/wp-content\/uploads\/2024\/01\/36918-1-272x182.webp",272,182,true]},"rttpg_author":{"display_name":"redazione","author_link":"https:\/\/imagazine.it\/home_desk\/author\/redazione\/"},"rttpg_comment":0,"rttpg_category":"<a href=\"https:\/\/imagazine.it\/home_desk\/category\/attualita\/\" rel=\"category tag\">ATTUALIT\u00c0<\/a>","rttpg_excerpt":"Incontro istituzionale in Comune","_links":{"self":[{"href":"https:\/\/imagazine.it\/home_desk\/wp-json\/wp\/v2\/posts\/35015","targetHints":{"allow":["GET"]}}],"collection":[{"href":"https:\/\/imagazine.it\/home_desk\/wp-json\/wp\/v2\/posts"}],"about":[{"href":"https:\/\/imagazine.it\/home_desk\/wp-json\/wp\/v2\/types\/post"}],"author":[{"embeddable":true,"href":"https:\/\/imagazine.it\/home_desk\/wp-json\/wp\/v2\/users\/28"}],"replies":[{"embeddable":true,"href":"https:\/\/imagazine.it\/home_desk\/wp-json\/wp\/v2\/comments?post=35015"}],"version-history":[{"count":0,"href":"https:\/\/imagazine.it\/home_desk\/wp-json\/wp\/v2\/posts\/35015\/revisions"}],"wp:featuredmedia":[{"embeddable":true,"href":"https:\/\/imagazine.it\/home_desk\/wp-json\/wp\/v2\/media\/35016"}],"wp:attachment":[{"href":"https:\/\/imagazine.it\/home_desk\/wp-json\/wp\/v2\/media?parent=35015"}],"wp:term":[{"taxonomy":"category","embeddable":true,"href":"https:\/\/imagazine.it\/home_desk\/wp-json\/wp\/v2\/categories?post=35015"},{"taxonomy":"post_tag","embeddable":true,"href":"https:\/\/imagazine.it\/home_desk\/wp-json\/wp\/v2\/tags?post=35015"}],"curies":[{"name":"wp","href":"https:\/\/api.w.org\/{rel}","templated":true}]}}