{"id":35011,"date":"2020-11-09T00:00:00","date_gmt":"2020-11-08T23:00:00","guid":{"rendered":"https:\/\/imagazine.it\/?p=35011"},"modified":"2020-11-09T00:00:00","modified_gmt":"2020-11-08T23:00:00","slug":"turriaco-un-mental-coach-per-gli-studenti-delle-superiori","status":"publish","type":"post","link":"https:\/\/imagazine.it\/home_desk\/turriaco-un-mental-coach-per-gli-studenti-delle-superiori\/","title":{"rendered":"Turriaco, un mental coach per gli studenti delle superiori"},"content":{"rendered":"<p>L&#39;Amministrazione Comunale di <strong>Turriaco<\/strong> rende noto che fra qualche giorno sar\u00e0 attivato uno sportello virtuale di ascolto rivolto specificatamente agli studenti delle scuole superiori, con l&#39;obiettivo di fornire, a chi ne avesse necessit\u00e0, un supporto psicologico utile ad affrontare con maggiore serenit\u00e0 questo periodo di emergenza sanitaria che ancora una volta costringe la scuola a ricorrere alla modalit\u00e0 di didattica a distanza.<\/p>\n<p>L&#39;esperto individuato d\u00e8 la dottoressa <strong>Claudia Trampus<\/strong>, psicologa e formatrice di <em>mental coaching<\/em>, che ha maturato una specifica esperienza con studenti e adolescenti.<\/p>\n<p>Gli studenti possono accedere al servizio richiedendo un appuntamento individuale o a piccoli gruppi direttamente alla dottoressa Trampus (347 5209096, <a href=\"mailto:claudia.trampus@gmail.com\">claudia.trampus@gmail.com<\/a>).<\/p>\n<p>Il colloquio avverr\u00e0 nel rispetto delle disposizioni vigenti, e con modalit\u00e0 concordate di volta in volta con gli interessati. Per gli allievi minorenni sar\u00e0 acquisito il consenso informato dei genitori, attraverso la modulistica online predisposta. Il servizio, finanziato con fondi comunali e totalmente gratuito per l&#39;utenza, rimarr\u00e0 attivo fino a tutto il mese di dicembre. Lo sportello sar\u00e0 gestito direttamente dalla professionista che non fornir\u00e0 al Comune alcun dato personale sugli utenti, ma unicamente &#8211; in forma anonima &#8211; i dati statistici sull&#39;accesso al servizio, anche per l&#39;opportuna valutazione sull&#39;eventuale prosecuzione del progetto.<\/p>\n<p><a href=\"http:\/\/imagazinevideotruck.it\/outlet\/relink_euro.html\" target=\"_top\" rel=\"noopener\"><img loading=\"lazy\" decoding=\"async\" align=\"LEFT\" height=\"250\" src=\"http:\/\/imagazinevideotruck.it\/outlet\/euromobili_banner_art.jpg\" width=\"300\" alt=\"\" title=\"\"><\/a><\/p>\n<p>\u00a0<\/p>\n<p>\u00a0<\/p>\n<p>\u00a0<\/p>\n<p>\u00a0<\/p>\n<p>\u00a0<\/p>\n<p>\u00a0<\/p>\n<p>\u00a0<\/p>\n<p>\u00a0<\/p>\n<p>\u00a0<\/p>\n<p>Qualora le richieste dovessero superare le disponibilit\u00e0 di tempo della dottoressa Trampus, verr\u00e0 data precedenza ai cittadini del Comune di Turriaco e, in subordine, agli studenti frequentanti gli istituti del territorio monfalconese, con priorit\u00e0 agli allievi del secondo biennio e quinto anno.<\/p>\n<p>&#8220;Siamo fiduciosi nella risposta positiva a questa nostra offerta d&#39;aiuto \u2013 commentano <strong>Carla De Faveri<\/strong>, assessore all\u2019Istruzione e Politiche Giovanili, e <strong>Paola Spanghero<\/strong>, assessore alle Politiche Sociali, che hanno promosso e curato l&#39;iniziativa \u2013 le fragilit\u00e0 che gi\u00e0 normalmente si presentano in et\u00e0 adolescenziale rischiano di acuirsi in queste circostanze, poich\u00e9 viene meno quel contesto di riferimento in cui i giovani trascorrono una buona parte della loro quotidianit\u00e0 e si modificano necessariamente anche le interazioni tipiche della vita scolastica. Per chi gi\u00e0 normalmente prova ansia, ha poca autostima, o sviluppa atteggiamenti rinunciatari, il contesto determinato dall&#39;emergenza sanitaria \u00e8 un&#39;aggravante. Compito delle istituzioni \u00e8 intervenire, per quanto possibile, per fornire loro strumenti di rafforzamento dell&#39;autostima, di incremento della motivazione, di gestione delle emozioni, tutti utili a favorire il successo formativo e la crescita individuale&#8221;.<\/p>\n","protected":false},"excerpt":{"rendered":"<p>Servizio gratuito a carico del Comune<\/p>\n","protected":false},"author":22,"featured_media":35012,"comment_status":"closed","ping_status":"closed","sticky":false,"template":"","format":"standard","meta":{"dwc-title":[],"dwc-content":[],"footnotes":""},"categories":[5],"tags":[],"class_list":["post-35011","post","type-post","status-publish","format-standard","has-post-thumbnail","hentry","category-attualita"],"rttpg_featured_image_url":{"full":["https:\/\/imagazine.it\/wp-content\/uploads\/2024\/01\/36916-1.webp",1000,668,false],"landscape":["https:\/\/imagazine.it\/wp-content\/uploads\/2024\/01\/36916-1.webp",1000,668,false],"portraits":["https:\/\/imagazine.it\/wp-content\/uploads\/2024\/01\/36916-1.webp",1000,668,false],"thumbnail":["https:\/\/imagazine.it\/wp-content\/uploads\/2024\/01\/36916-1-150x150.webp",150,150,true],"medium":["https:\/\/imagazine.it\/wp-content\/uploads\/2024\/01\/36916-1-300x200.webp",300,200,true],"large":["https:\/\/imagazine.it\/wp-content\/uploads\/2024\/01\/36916-1.webp",640,428,false],"thumblist":["https:\/\/imagazine.it\/wp-content\/uploads\/2024\/01\/36916-1.webp",300,200,false],"thumbrelated":["https:\/\/imagazine.it\/wp-content\/uploads\/2024\/01\/36916-1.webp",500,334,false],"meccarouselthumb":["https:\/\/imagazine.it\/wp-content\/uploads\/2024\/01\/36916-1.webp",474,317,false],"gridsquare":["https:\/\/imagazine.it\/wp-content\/uploads\/2024\/01\/36916-1.webp",389,260,false],"tileview":["https:\/\/imagazine.it\/wp-content\/uploads\/2024\/01\/36916-1.webp",300,200,false],"1536x1536":["https:\/\/imagazine.it\/wp-content\/uploads\/2024\/01\/36916-1.webp",1000,668,false],"2048x2048":["https:\/\/imagazine.it\/wp-content\/uploads\/2024\/01\/36916-1.webp",1000,668,false],"newsup-slider-full":["https:\/\/imagazine.it\/wp-content\/uploads\/2024\/01\/36916-1.webp",1000,668,false],"newsup-featured":["https:\/\/imagazine.it\/wp-content\/uploads\/2024\/01\/36916-1.webp",1000,668,false],"newsup-medium":["https:\/\/imagazine.it\/wp-content\/uploads\/2024\/01\/36916-1-720x380.webp",720,380,true],"tptn_thumbnail":["https:\/\/imagazine.it\/wp-content\/uploads\/2024\/01\/36916-1.webp",250,167,false],"sow-carousel-default":["https:\/\/imagazine.it\/wp-content\/uploads\/2024\/01\/36916-1-272x182.webp",272,182,true]},"rttpg_author":{"display_name":"Livio Nonis","author_link":"https:\/\/imagazine.it\/home_desk\/author\/nonis\/"},"rttpg_comment":0,"rttpg_category":"<a href=\"https:\/\/imagazine.it\/home_desk\/category\/attualita\/\" rel=\"category tag\">ATTUALIT\u00c0<\/a>","rttpg_excerpt":"Servizio gratuito a carico del Comune","_links":{"self":[{"href":"https:\/\/imagazine.it\/home_desk\/wp-json\/wp\/v2\/posts\/35011","targetHints":{"allow":["GET"]}}],"collection":[{"href":"https:\/\/imagazine.it\/home_desk\/wp-json\/wp\/v2\/posts"}],"about":[{"href":"https:\/\/imagazine.it\/home_desk\/wp-json\/wp\/v2\/types\/post"}],"author":[{"embeddable":true,"href":"https:\/\/imagazine.it\/home_desk\/wp-json\/wp\/v2\/users\/22"}],"replies":[{"embeddable":true,"href":"https:\/\/imagazine.it\/home_desk\/wp-json\/wp\/v2\/comments?post=35011"}],"version-history":[{"count":0,"href":"https:\/\/imagazine.it\/home_desk\/wp-json\/wp\/v2\/posts\/35011\/revisions"}],"wp:featuredmedia":[{"embeddable":true,"href":"https:\/\/imagazine.it\/home_desk\/wp-json\/wp\/v2\/media\/35012"}],"wp:attachment":[{"href":"https:\/\/imagazine.it\/home_desk\/wp-json\/wp\/v2\/media?parent=35011"}],"wp:term":[{"taxonomy":"category","embeddable":true,"href":"https:\/\/imagazine.it\/home_desk\/wp-json\/wp\/v2\/categories?post=35011"},{"taxonomy":"post_tag","embeddable":true,"href":"https:\/\/imagazine.it\/home_desk\/wp-json\/wp\/v2\/tags?post=35011"}],"curies":[{"name":"wp","href":"https:\/\/api.w.org\/{rel}","templated":true}]}}