{"id":35005,"date":"2020-11-11T00:00:00","date_gmt":"2020-11-10T23:00:00","guid":{"rendered":"https:\/\/imagazine.it\/?p=35005"},"modified":"2020-11-11T00:00:00","modified_gmt":"2020-11-10T23:00:00","slug":"residenze-per-anziani-in-fvg-cala-il-rapporto-positivi-decessi","status":"publish","type":"post","link":"https:\/\/imagazine.it\/home_desk\/residenze-per-anziani-in-fvg-cala-il-rapporto-positivi-decessi\/","title":{"rendered":"Residenze per anziani in FVG, cala il rapporto positivi\/decessi"},"content":{"rendered":"<p>Nelle residenze per anziani del Friuli Venezia Giulia, dal 1 marzo al 3 novembre, sono stati eseguiti 43.589 tamponi, dei quali 9.451 nella prima ondata e 34.138 nella seconda. I positivi nelle residenze per anziani sono stati nello stesso periodo 1.042, dei quali 676 nella prima ondata e 366 nella seconda.<\/p>\n<p>La percentuale di positivi sul totale degli ospiti \u00e8 passata dal 12,9% della prima ondata al 2,12% della seconda. I dati sono stati resi noti dal vicegovernatore del delega alla Salute, <strong>Riccardo Riccardi<\/strong>.<\/p>\n<p>Se nella prima ondata era stato sottoposto a tampone il 50,6% degli ospiti delle residenze, nella seconda ondata la percentuale \u00e8 salita all&#39;89,5%. Per quanto riguarda il rapporto tra casi positivi e decessi, sempre riferito alle residenze per anziani, si \u00e8 passati dal 22,5% della prima ondata (152 decessi) al 7,9% della seconda ondata (29 decessi).<\/p>\n<p><a href=\"http:\/\/imagazinevideotruck.it\/outlet\/relink_euro.html\" target=\"_top\" rel=\"noopener\"><img loading=\"lazy\" decoding=\"async\" align=\"LEFT\" height=\"250\" src=\"http:\/\/imagazinevideotruck.it\/outlet\/euromobili_banner_art.jpg\" width=\"300\" alt=\"\" title=\"\"><\/a><\/p>\n<p>\u00a0<\/p>\n<p>\u00a0<\/p>\n<p>\u00a0<\/p>\n<p>\u00a0<\/p>\n<p>\u00a0<\/p>\n<p>\u00a0<\/p>\n<p>\u00a0<\/p>\n<p>\u00a0<\/p>\n<p>\u00a0<\/p>\n<p>Tra la prima e la seconda ondata \u00e8 scesa anche la percentuale di letalit\u00e0 nelle residenze protette del Friuli Venezia Giulia: per quanto riguarda le femmine, si \u00e8 scesi dal 13,4 al 4,5% nella fascia d&#39;et\u00e0 compresa tra i 70 e 79 anni, dal 18,1 al 6,7% nella fascia 80-89 e dal 23,5 all&#39;8,3% nella fascia 90 e pi\u00f9; per quanto riguarda i maschi l&#39;indice di letalit\u00e0, tra le due fasi, \u00e8 calato dal 40,0 al 23,8% nella fascia 70-79, dal 33,3 al 12,1% nella fascia 80-89 e dal 27,3 al 9,5% nella fascia 90 e ultranovantenni.<\/p>\n<p>Differenze significative si riscontrano anche nell&#39;incidenza della positivit\u00e0 al Covid tra il personale delle residenze per gli anziani nel confronto tra la prima ondata (291 positivi, per una percentuale del 4,14) e la seconda (171, per una percentuale del 2,43 sul totale del personale).<\/p>\n","protected":false},"excerpt":{"rendered":"<p>Dati forniti dalla Regione nell&#8217;ambito dell&#8217;emergenza Covid-19<\/p>\n","protected":false},"author":28,"featured_media":35006,"comment_status":"closed","ping_status":"closed","sticky":false,"template":"","format":"standard","meta":{"dwc-title":[],"dwc-content":[],"footnotes":""},"categories":[5],"tags":[],"class_list":["post-35005","post","type-post","status-publish","format-standard","has-post-thumbnail","hentry","category-attualita"],"rttpg_featured_image_url":{"full":["https:\/\/imagazine.it\/wp-content\/uploads\/2024\/01\/36910-1.webp",1000,705,false],"landscape":["https:\/\/imagazine.it\/wp-content\/uploads\/2024\/01\/36910-1.webp",1000,705,false],"portraits":["https:\/\/imagazine.it\/wp-content\/uploads\/2024\/01\/36910-1.webp",1000,705,false],"thumbnail":["https:\/\/imagazine.it\/wp-content\/uploads\/2024\/01\/36910-1-150x150.webp",150,150,true],"medium":["https:\/\/imagazine.it\/wp-content\/uploads\/2024\/01\/36910-1-300x212.webp",300,212,true],"large":["https:\/\/imagazine.it\/wp-content\/uploads\/2024\/01\/36910-1.webp",640,451,false],"thumblist":["https:\/\/imagazine.it\/wp-content\/uploads\/2024\/01\/36910-1.webp",300,212,false],"thumbrelated":["https:\/\/imagazine.it\/wp-content\/uploads\/2024\/01\/36910-1.webp",500,353,false],"meccarouselthumb":["https:\/\/imagazine.it\/wp-content\/uploads\/2024\/01\/36910-1.webp",460,324,false],"gridsquare":["https:\/\/imagazine.it\/wp-content\/uploads\/2024\/01\/36910-1.webp",369,260,false],"tileview":["https:\/\/imagazine.it\/wp-content\/uploads\/2024\/01\/36910-1.webp",300,212,false],"1536x1536":["https:\/\/imagazine.it\/wp-content\/uploads\/2024\/01\/36910-1.webp",1000,705,false],"2048x2048":["https:\/\/imagazine.it\/wp-content\/uploads\/2024\/01\/36910-1.webp",1000,705,false],"newsup-slider-full":["https:\/\/imagazine.it\/wp-content\/uploads\/2024\/01\/36910-1.webp",1000,705,false],"newsup-featured":["https:\/\/imagazine.it\/wp-content\/uploads\/2024\/01\/36910-1.webp",1000,705,false],"newsup-medium":["https:\/\/imagazine.it\/wp-content\/uploads\/2024\/01\/36910-1-720x380.webp",720,380,true],"tptn_thumbnail":["https:\/\/imagazine.it\/wp-content\/uploads\/2024\/01\/36910-1.webp",250,176,false],"sow-carousel-default":["https:\/\/imagazine.it\/wp-content\/uploads\/2024\/01\/36910-1-272x182.webp",272,182,true]},"rttpg_author":{"display_name":"redazione","author_link":"https:\/\/imagazine.it\/home_desk\/author\/redazione\/"},"rttpg_comment":0,"rttpg_category":"<a href=\"https:\/\/imagazine.it\/home_desk\/category\/attualita\/\" rel=\"category tag\">ATTUALIT\u00c0<\/a>","rttpg_excerpt":"Dati forniti dalla Regione nell'ambito dell'emergenza Covid-19","_links":{"self":[{"href":"https:\/\/imagazine.it\/home_desk\/wp-json\/wp\/v2\/posts\/35005","targetHints":{"allow":["GET"]}}],"collection":[{"href":"https:\/\/imagazine.it\/home_desk\/wp-json\/wp\/v2\/posts"}],"about":[{"href":"https:\/\/imagazine.it\/home_desk\/wp-json\/wp\/v2\/types\/post"}],"author":[{"embeddable":true,"href":"https:\/\/imagazine.it\/home_desk\/wp-json\/wp\/v2\/users\/28"}],"replies":[{"embeddable":true,"href":"https:\/\/imagazine.it\/home_desk\/wp-json\/wp\/v2\/comments?post=35005"}],"version-history":[{"count":0,"href":"https:\/\/imagazine.it\/home_desk\/wp-json\/wp\/v2\/posts\/35005\/revisions"}],"wp:featuredmedia":[{"embeddable":true,"href":"https:\/\/imagazine.it\/home_desk\/wp-json\/wp\/v2\/media\/35006"}],"wp:attachment":[{"href":"https:\/\/imagazine.it\/home_desk\/wp-json\/wp\/v2\/media?parent=35005"}],"wp:term":[{"taxonomy":"category","embeddable":true,"href":"https:\/\/imagazine.it\/home_desk\/wp-json\/wp\/v2\/categories?post=35005"},{"taxonomy":"post_tag","embeddable":true,"href":"https:\/\/imagazine.it\/home_desk\/wp-json\/wp\/v2\/tags?post=35005"}],"curies":[{"name":"wp","href":"https:\/\/api.w.org\/{rel}","templated":true}]}}