{"id":34997,"date":"2020-11-10T00:00:00","date_gmt":"2020-11-09T23:00:00","guid":{"rendered":"https:\/\/imagazine.it\/?p=34997"},"modified":"2020-11-10T00:00:00","modified_gmt":"2020-11-09T23:00:00","slug":"aquileia-in-festa-per-lannullo-speciale","status":"publish","type":"post","link":"https:\/\/imagazine.it\/home_desk\/aquileia-in-festa-per-lannullo-speciale\/","title":{"rendered":"Aquileia in festa per l&#8217;annullo speciale"},"content":{"rendered":"<p>Si \u00e8 svolta questa mattina, presso l&#39;ufficio postale di <strong>piazza Cervi ad Aquileia<\/strong>, la cerimonia ufficiale per l&#39;<u><a href=\"http:\/\/www.imagazine.it\/notizie-trieste-gorizia-udine-friuli\/9022\" target=\"_blank\" rel=\"noopener\">emissione e l&#39;annullo speciale del francobollo commemorativo per i 2.200 anni dalla fondazione di Aquileia<\/a><\/u>.<\/p>\n<p><em>\u201cSiamo partiti nel febbraio 2019 con questo progetto proprio nell&#39;anno dei 2.200 anni dalla fondazione di Aquileia con l&#39;allora sindaco Spanghero e con il presidente della Fondazione Aquileia Zanardi Landi<\/em> \u2013 ha affermato <strong>Alberto Bergamin,<\/strong> direttore della Basilica \u2013. <em>In forma congiunta \u00e8 stata fatta la richiesta al ministero dello sviluppo economico. Poi \u00e8 arrivato il lockdown che ha reso tutto pi\u00f9 problematico, ma c&#39;\u00e8 stata una forte consapevolezza da parte del ministero di dedicare ad Aquileia un ricordo in questa giornata particolare. Hanno voluto dare un riconoscimento come luogo della cultura di importanza mondiale alla basilica patriarcale\u201d. <\/em>Bergamin ha voluto quindi ringraziare il fotografo <strong>Enzo Andrian<\/strong>, che ha messo a disposizione la fotografia che ha ispirato l\u2019immagine della basilica riprodotta sul francobollo, e <strong>Livio Brumat<\/strong>, referente di Poste Italiane per la Filatelia di Trieste, Udine e Gorizia e tutti gli operatori di Poste Italiane che hanno seguito giorno per giorno il progetto mettendo a disposizione la loro professionalit\u00e0 ed il loro costante impegno.<\/p>\n<p>Ha quindi preso la parola, anche a nome dell\u2019Arcivescovo di Gorizia, il vicario <strong>monsignor Armando Zorzin<\/strong> che ha esordito esprimendo parole di soddisfazione per questa emissione congiunta e ribadendo l\u2019apprezzamento della Diocesi per il risultato raggiunto grazie alla fattiva collaborazione tra Fondazione So. Co. B. A., Fondazione Aquileia e Comune. Ha voluto quindi sottolineare, ancora una volta, come <em>\u201cla Basilica sia straordinaria testimonianza di come l\u2019autentica fede cristiana \u00e8 in grado di trasmettere il medesimo messaggio valorizzando la variet\u00e0 dei linguaggi culturali e artistici che caratterizzano le diverse epoche della Storia\u201d. <\/em>Ha concluso la sua riflessione con queste parole:<em> \u201cqualunque sia la nostra concezione della vita, in questo luogo santo possiamo sentirci come a casa nostra: ci accoglie la Madre di Dio la cui immagine nell\u2019abside medievale rivolge uno sguardo d\u2019amore e indica il figlio Ges\u00f9, colui\u00a0 che ha detto: \u201cIo sono la via, la verit\u00e0 e la vita\u201d.<\/em><\/p>\n<p>Anche il direttore della Fondazione Aquileia, <strong>Cristiano Tiussi<\/strong>, ha voluto ribadire l&#39;importanza dell&#39;evento commemorativo come segno di vitalit\u00e0 della cultura ad Aquileia. <em>\u201cIo veramente lo vedo come un segno di buon auspicio, nonostante le questioni legate al Covid ci abbiano costretto a chiudere anche qui i luoghi della cultura, speriamo per un tempo il pi\u00f9 breve possibile. Auguro a tutti noi di poter riprendere quanto prima un normale approccio al tema che ci sta a cuore, alla cultura ad Aquileia, alla sua basilica, alle sue bellezze perch\u00e8 vorr\u00e0 dire che avremo superato un periodo molto drammatico della nostra storia e potremo guardare avanti con l&#39;ottimismo che sempre deve contraddistinguere il nostro operato qui ad Aquileia\u201d. <\/em>\u00a0<\/p>\n<p><em>\u201c\u00c8 stato un ottimo lavoro di squadra. Siamo arrivati un po&#39; dopo l&#39;anniversario, ma in un momento topico <\/em>\u2013 ha affermato <strong>Emanuele Zorino,<\/strong> sindaco di Aquileia \u2013. <em>Operazioni di questo genere che pongono Aquileia all&#39;attenzione nazionale come luogo di storia e cultura qual \u00e8, soprattutto in questo periodo le fanno assumere un valore ancora pi\u00f9 importante. Lo abbiamo fatto nell&#39;ufficio postale, luogo dove tutta la comunit\u00e0 viene, a cui siamo molto affezionati. Questa \u00e8, quindi, anche un&#39;operazione di comunit\u00e0. \u00c8 quello che ci serve, \u00e8 quello che ci sta insegnando questo periodo: i luoghi della comunit\u00e0 sono importanti. La basilica \u00e8 simbolo della nostra eredit\u00e0 culturale e allora quale luogo migliore se non una piazza cittadina di una zona nuova per celebrare i luoghi della nostra cultura\u201d.<\/em><\/p>\n<p>Parole di soddisfazione per questa emissione speciale, resa ancor pi\u00f9 prestigiosa grazie all\u2019emissione congiunta con la Citt\u00e0 del Vaticano e SMOM (Sovrano Militare Ordine di Malta) sono quindi state espresse dal direttore della Filiale delle Poste che ha la competenza sugli uffici della provincia di Udine, <strong>Gianfranco Bedendo.<\/strong><\/p>\n<p><a href=\"http:\/\/imagazinevideotruck.it\/outlet\/relink.html\" target=\"_top\" rel=\"noopener\"><img loading=\"lazy\" decoding=\"async\" align=\"LEFT\" height=\"250\" src=\"http:\/\/imagazinevideotruck.it\/outlet\/outlet30.gif\" width=\"300\" alt=\"\" title=\"\"><\/a><\/p>\n<p>\u00a0<\/p>\n<p>\u00a0<\/p>\n<p>\u00a0<\/p>\n<p>\u00a0<\/p>\n<p>\u00a0<\/p>\n<p>\u00a0<\/p>\n<p>\u00a0<\/p>\n<p>\u00a0<\/p>\n<p>\u00a0<\/p>\n<p>Non ha fatto mancare il suo sostegno all&#39;iniziativa l&#39;assessore regionale alla cultura <strong>Tiziana Gibelli:<\/strong> <em>\u201cUn francobollo commemorativo \u00e8 sempre un fatto importante e per l\u2019intera regione Friuli Venezia Giulia questo \u00e8 anche un momento di ricordo forte di quello che fu Aquileia non solo per il suo territorio ma per gran parte della cristianit\u00e0 lungo i secoli, e di quello che tuttora rappresenta come simbolo della volont\u00e0 e della tenacia della sua gente, mai vinta dalle calamit\u00e0 naturali e dalla ferocia umana perch\u00e9 ha sempre saputo riprendere il suo cammino\u201d.<\/em><\/p>\n","protected":false},"excerpt":{"rendered":"<p>Cerimonia presso le Poste<\/p>\n","protected":false},"author":28,"featured_media":34998,"comment_status":"closed","ping_status":"closed","sticky":false,"template":"","format":"standard","meta":{"dwc-title":[],"dwc-content":[],"footnotes":""},"categories":[5],"tags":[],"class_list":["post-34997","post","type-post","status-publish","format-standard","has-post-thumbnail","hentry","category-attualita"],"rttpg_featured_image_url":{"full":["https:\/\/imagazine.it\/wp-content\/uploads\/2024\/01\/36901-1.webp",1000,750,false],"landscape":["https:\/\/imagazine.it\/wp-content\/uploads\/2024\/01\/36901-1.webp",1000,750,false],"portraits":["https:\/\/imagazine.it\/wp-content\/uploads\/2024\/01\/36901-1.webp",1000,750,false],"thumbnail":["https:\/\/imagazine.it\/wp-content\/uploads\/2024\/01\/36901-1-150x150.webp",150,150,true],"medium":["https:\/\/imagazine.it\/wp-content\/uploads\/2024\/01\/36901-1-300x225.webp",300,225,true],"large":["https:\/\/imagazine.it\/wp-content\/uploads\/2024\/01\/36901-1.webp",640,480,false],"thumblist":["https:\/\/imagazine.it\/wp-content\/uploads\/2024\/01\/36901-1.webp",300,225,false],"thumbrelated":["https:\/\/imagazine.it\/wp-content\/uploads\/2024\/01\/36901-1.webp",500,375,false],"meccarouselthumb":["https:\/\/imagazine.it\/wp-content\/uploads\/2024\/01\/36901-1.webp",432,324,false],"gridsquare":["https:\/\/imagazine.it\/wp-content\/uploads\/2024\/01\/36901-1.webp",347,260,false],"tileview":["https:\/\/imagazine.it\/wp-content\/uploads\/2024\/01\/36901-1.webp",300,225,false],"1536x1536":["https:\/\/imagazine.it\/wp-content\/uploads\/2024\/01\/36901-1.webp",1000,750,false],"2048x2048":["https:\/\/imagazine.it\/wp-content\/uploads\/2024\/01\/36901-1.webp",1000,750,false],"newsup-slider-full":["https:\/\/imagazine.it\/wp-content\/uploads\/2024\/01\/36901-1-1000x720.webp",1000,720,true],"newsup-featured":["https:\/\/imagazine.it\/wp-content\/uploads\/2024\/01\/36901-1.webp",1000,750,false],"newsup-medium":["https:\/\/imagazine.it\/wp-content\/uploads\/2024\/01\/36901-1-720x380.webp",720,380,true],"tptn_thumbnail":["https:\/\/imagazine.it\/wp-content\/uploads\/2024\/01\/36901-1.webp",250,188,false],"sow-carousel-default":["https:\/\/imagazine.it\/wp-content\/uploads\/2024\/01\/36901-1-272x182.webp",272,182,true]},"rttpg_author":{"display_name":"redazione","author_link":"https:\/\/imagazine.it\/home_desk\/author\/redazione\/"},"rttpg_comment":0,"rttpg_category":"<a href=\"https:\/\/imagazine.it\/home_desk\/category\/attualita\/\" rel=\"category tag\">ATTUALIT\u00c0<\/a>","rttpg_excerpt":"Cerimonia presso le Poste","_links":{"self":[{"href":"https:\/\/imagazine.it\/home_desk\/wp-json\/wp\/v2\/posts\/34997","targetHints":{"allow":["GET"]}}],"collection":[{"href":"https:\/\/imagazine.it\/home_desk\/wp-json\/wp\/v2\/posts"}],"about":[{"href":"https:\/\/imagazine.it\/home_desk\/wp-json\/wp\/v2\/types\/post"}],"author":[{"embeddable":true,"href":"https:\/\/imagazine.it\/home_desk\/wp-json\/wp\/v2\/users\/28"}],"replies":[{"embeddable":true,"href":"https:\/\/imagazine.it\/home_desk\/wp-json\/wp\/v2\/comments?post=34997"}],"version-history":[{"count":0,"href":"https:\/\/imagazine.it\/home_desk\/wp-json\/wp\/v2\/posts\/34997\/revisions"}],"wp:featuredmedia":[{"embeddable":true,"href":"https:\/\/imagazine.it\/home_desk\/wp-json\/wp\/v2\/media\/34998"}],"wp:attachment":[{"href":"https:\/\/imagazine.it\/home_desk\/wp-json\/wp\/v2\/media?parent=34997"}],"wp:term":[{"taxonomy":"category","embeddable":true,"href":"https:\/\/imagazine.it\/home_desk\/wp-json\/wp\/v2\/categories?post=34997"},{"taxonomy":"post_tag","embeddable":true,"href":"https:\/\/imagazine.it\/home_desk\/wp-json\/wp\/v2\/tags?post=34997"}],"curies":[{"name":"wp","href":"https:\/\/api.w.org\/{rel}","templated":true}]}}