{"id":34991,"date":"2020-11-10T00:00:00","date_gmt":"2020-11-09T23:00:00","guid":{"rendered":"https:\/\/imagazine.it\/?p=34991"},"modified":"2020-11-10T00:00:00","modified_gmt":"2020-11-09T23:00:00","slug":"gorizia-un-bus-per-promuovere-il-biglietto-unico-dei-musei","status":"publish","type":"post","link":"https:\/\/imagazine.it\/home_desk\/gorizia-un-bus-per-promuovere-il-biglietto-unico-dei-musei\/","title":{"rendered":"Gorizia, un bus per promuovere il biglietto unico dei musei"},"content":{"rendered":"<p>Questa mattina \u00e8 stato presentato di fronte a <strong>Palazzo Attems Petzenstein di Gorizia<\/strong> il bus di APT &#8211; Azienda Provinciale Trasporti, completamente rivestito per pubblicizzare \u201cGO Musei\u201d, il progetto di Biglietto Unico dei Musei del capoluogo Isontino. Erano presenti i rappresentanti dei tre enti promotori: <strong>Anna Del Bianco<\/strong> e <strong>Raffaella Sgubin<\/strong> (direttrice di Erpac FVG e direttrice dei Musei provinciali), <strong>Rodolfo Ziberna<\/strong> e <strong>Fabrizio Oreti<\/strong> (sindaco e assessore alla Cultura del Comune di Gorizia), <strong>Enrico Graziano<\/strong> (direttore della Fondazione Coronini Cronberg), oltre a <strong>Caterina Belletti<\/strong>, presidente di APT.\u00a0<\/p>\n<p>Assegnato al servizio di trasporto pubblico urbano nelle vie di Gorizia, il bus promuover\u00e0 per un anno la possibilit\u00e0 di un ingresso unico a prezzo ridotto nelle diverse strutture museali ed espositive gestite in citt\u00e0 dai tre partner del progetto: Museo della Grande Guerra, Museo della Moda e delle Arti Applicate e Pinacoteca di Palazzo Attems Petzenstein (Erpac FVG), Castello (Comune di Gorizia), Palazzo Coronini Cronberg (Fondazione Coronini Cronberg).<\/p>\n<p><a href=\"http:\/\/imagazinevideotruck.it\/outlet\/relink.html\" target=\"_top\" rel=\"noopener\"><img loading=\"lazy\" decoding=\"async\" align=\"LEFT\" height=\"250\" src=\"http:\/\/imagazinevideotruck.it\/outlet\/outlet30.gif\" width=\"300\" alt=\"\" title=\"\"><\/a><\/p>\n<p>\u00a0<\/p>\n<p>\u00a0<\/p>\n<p>\u00a0<\/p>\n<p>\u00a0<\/p>\n<p>\u00a0<\/p>\n<p>\u00a0<\/p>\n<p>\u00a0<\/p>\n<p>\u00a0<\/p>\n<p>\u00a0<\/p>\n<p>Tutti i presenti hanno voluto formulare il loro auspicio per una rapida riapertura di tutti i musei e dei vari luoghi della cultura, in questo periodo chiusi a causa dell\u2019emergenza Covid. Ma hanno anche preannunciato una serie di iniziative che metteranno in campo in questo periodo di chiusura per continuare a divulgare arte e cultura, tra cui delle dirette streaming dalle varie sedi museali.<\/p>\n","protected":false},"excerpt":{"rendered":"<p>Presentazione di fronte Palazzo Attems<\/p>\n","protected":false},"author":28,"featured_media":34992,"comment_status":"closed","ping_status":"closed","sticky":false,"template":"","format":"standard","meta":{"dwc-title":[],"dwc-content":[],"footnotes":""},"categories":[8],"tags":[],"class_list":["post-34991","post","type-post","status-publish","format-standard","has-post-thumbnail","hentry","category-turismo"],"rttpg_featured_image_url":{"full":["https:\/\/imagazine.it\/wp-content\/uploads\/2024\/01\/36896-1.webp",1000,667,false],"landscape":["https:\/\/imagazine.it\/wp-content\/uploads\/2024\/01\/36896-1.webp",1000,667,false],"portraits":["https:\/\/imagazine.it\/wp-content\/uploads\/2024\/01\/36896-1.webp",1000,667,false],"thumbnail":["https:\/\/imagazine.it\/wp-content\/uploads\/2024\/01\/36896-1-150x150.webp",150,150,true],"medium":["https:\/\/imagazine.it\/wp-content\/uploads\/2024\/01\/36896-1-300x200.webp",300,200,true],"large":["https:\/\/imagazine.it\/wp-content\/uploads\/2024\/01\/36896-1.webp",640,427,false],"thumblist":["https:\/\/imagazine.it\/wp-content\/uploads\/2024\/01\/36896-1.webp",300,200,false],"thumbrelated":["https:\/\/imagazine.it\/wp-content\/uploads\/2024\/01\/36896-1.webp",500,334,false],"meccarouselthumb":["https:\/\/imagazine.it\/wp-content\/uploads\/2024\/01\/36896-1.webp",474,316,false],"gridsquare":["https:\/\/imagazine.it\/wp-content\/uploads\/2024\/01\/36896-1.webp",391,260,false],"tileview":["https:\/\/imagazine.it\/wp-content\/uploads\/2024\/01\/36896-1.webp",300,200,false],"1536x1536":["https:\/\/imagazine.it\/wp-content\/uploads\/2024\/01\/36896-1.webp",1000,667,false],"2048x2048":["https:\/\/imagazine.it\/wp-content\/uploads\/2024\/01\/36896-1.webp",1000,667,false],"newsup-slider-full":["https:\/\/imagazine.it\/wp-content\/uploads\/2024\/01\/36896-1.webp",1000,667,false],"newsup-featured":["https:\/\/imagazine.it\/wp-content\/uploads\/2024\/01\/36896-1.webp",1000,667,false],"newsup-medium":["https:\/\/imagazine.it\/wp-content\/uploads\/2024\/01\/36896-1-720x380.webp",720,380,true],"tptn_thumbnail":["https:\/\/imagazine.it\/wp-content\/uploads\/2024\/01\/36896-1.webp",250,167,false],"sow-carousel-default":["https:\/\/imagazine.it\/wp-content\/uploads\/2024\/01\/36896-1-272x182.webp",272,182,true]},"rttpg_author":{"display_name":"redazione","author_link":"https:\/\/imagazine.it\/home_desk\/author\/redazione\/"},"rttpg_comment":0,"rttpg_category":"<a href=\"https:\/\/imagazine.it\/home_desk\/category\/turismo\/\" rel=\"category tag\">TURISMO<\/a>","rttpg_excerpt":"Presentazione di fronte Palazzo Attems","_links":{"self":[{"href":"https:\/\/imagazine.it\/home_desk\/wp-json\/wp\/v2\/posts\/34991","targetHints":{"allow":["GET"]}}],"collection":[{"href":"https:\/\/imagazine.it\/home_desk\/wp-json\/wp\/v2\/posts"}],"about":[{"href":"https:\/\/imagazine.it\/home_desk\/wp-json\/wp\/v2\/types\/post"}],"author":[{"embeddable":true,"href":"https:\/\/imagazine.it\/home_desk\/wp-json\/wp\/v2\/users\/28"}],"replies":[{"embeddable":true,"href":"https:\/\/imagazine.it\/home_desk\/wp-json\/wp\/v2\/comments?post=34991"}],"version-history":[{"count":0,"href":"https:\/\/imagazine.it\/home_desk\/wp-json\/wp\/v2\/posts\/34991\/revisions"}],"wp:featuredmedia":[{"embeddable":true,"href":"https:\/\/imagazine.it\/home_desk\/wp-json\/wp\/v2\/media\/34992"}],"wp:attachment":[{"href":"https:\/\/imagazine.it\/home_desk\/wp-json\/wp\/v2\/media?parent=34991"}],"wp:term":[{"taxonomy":"category","embeddable":true,"href":"https:\/\/imagazine.it\/home_desk\/wp-json\/wp\/v2\/categories?post=34991"},{"taxonomy":"post_tag","embeddable":true,"href":"https:\/\/imagazine.it\/home_desk\/wp-json\/wp\/v2\/tags?post=34991"}],"curies":[{"name":"wp","href":"https:\/\/api.w.org\/{rel}","templated":true}]}}