{"id":34973,"date":"2020-11-06T00:00:00","date_gmt":"2020-11-05T23:00:00","guid":{"rendered":"https:\/\/imagazine.it\/?p=34973"},"modified":"2020-11-06T00:00:00","modified_gmt":"2020-11-05T23:00:00","slug":"il-coraggio-delle-immagini-pordenone-premia-sigfrido-ranucci","status":"publish","type":"post","link":"https:\/\/imagazine.it\/home_desk\/il-coraggio-delle-immagini-pordenone-premia-sigfrido-ranucci\/","title":{"rendered":"Il coraggio delle immagini: Pordenone premia Sigfrido Ranucci"},"content":{"rendered":"<p><strong>La XIII edizione de Pordenone Docs Fest \u2013 Le voci dell\u2019inchiesta<\/strong> quest\u2019anno per la prima volta sar\u00e0 <strong>completamente online dall\u201911 al 15 novembre<\/strong>.<\/p>\n<p>\u201cDopo il DPCM di domenica 24 ottobre \u2013 spiega <strong>Riccardo Costantini<\/strong>, coordinatore del festival \u2013 che ha sancito la chiusura di teatri e cinema (e quindi anche di Cinemazero, casa del festival) l\u2019obiettivo di realizzare un\u2019edizione in presenza \u00e8 subito sfumato. Ma non la voglia di vivere e proporre al pubblico un palinsesto sul quale avevamo lavorato per mesi, con molto gi\u00e0 pronto per marzo 2020, allora bloccato dal lockdown. Questa edizione sar\u00e0 <strong>un festival senza orario<\/strong>, dove il pubblico potr\u00e0 vedere il film che desidera nel momento a lui pi\u00f9 congeniale\u201d.<\/p>\n<p>Infatti, tutti i film saranno disponibili <u><a href=\"http:\/\/www.adessocinema.it\" target=\"_blank\" rel=\"noopener\">sulla piattaforma online <strong>Adessocinema<\/strong><\/a><\/u>, realizzata e voluta da Cinemazero, dal Centro Espressioni Cinematografiche\/Visionario di Udine e dalla Cineteca del Friuli durante il primo lockdown.<\/p>\n<p>Uno spazio perfetto, essendo <em>on-demand<\/em>, per i documentari del festival (molti dei quali rimarranno disponibili anche dopo il 15 novembre), che da sempre ha l\u2019ambizione di <strong>avere ricadute ampie, anche sociali, di lungo periodo, e non fermarsi alla kermesse festivaliera.<\/strong><\/p>\n<p>\u201cIl festival si apprezza di pi\u00f9 se lo si vede in compagnia, all\u2019interno delle sale di Cinemazero \u2013 dichiara <strong>Tiziana Gibelli<\/strong>, assessore alla Cultura e allo Sport del Friuli Venezia Giulia \u2013. Io devo ringraziare personalmente Cinemazero non solo in qualit\u00e0 di assessore, ma come cittadina di questa regione perch\u00e9 non ha voluto annullare l\u2019appuntamento, trasformandolo\u201d.<\/p>\n<p><a href=\"http:\/\/imagazinevideotruck.it\/outlet\/relink.html\" target=\"_top\" rel=\"noopener\"><img loading=\"lazy\" decoding=\"async\" align=\"LEFT\" height=\"250\" src=\"http:\/\/imagazinevideotruck.it\/outlet\/outlet30.gif\" width=\"300\" alt=\"\" title=\"\"><\/a><\/p>\n<p>\u00a0<\/p>\n<p>\u00a0<\/p>\n<p>\u00a0<\/p>\n<p>\u00a0<\/p>\n<p>\u00a0<\/p>\n<p>\u00a0<\/p>\n<p>\u00a0<\/p>\n<p>\u00a0<\/p>\n<p>\u00a0<\/p>\n<p>\u201c\u00c8 un piacere collaborare ancora una volta con Cinemazero per questa edizione un po\u2019 speciale delle Voci dell\u2019Inchiesta \u2013 aggiunge <strong>Pietro Tropeano<\/strong>, assessore alla Cultura del comune di Pordenone \u2013. Un grazie a chi ha voluto <strong>portare avanti a tutti i costi un\u2019iniziativa importante per il nostro territorio<\/strong>\u201d.<\/p>\n<p>&#8220;Ci si potrebbe chiedere\u201d \u2013 incalza <strong>Giovanni Lessio<\/strong>, presidente di Cinemazero- \u201cperch\u00e9 Cinemazero propone un festival su piattaforma anzich\u00e9 in presenza. La risposta \u00e8 insita nella molteplicit\u00e0 delle attivit\u00e0 della nostra Associazione che nel corso dell&#39;intero anno abbina alle proiezioni in sala iniziative didattiche, di formazione degli adulti, mostre, incontri e approfondimenti di cui <strong>il festival, con la sua dimensione a-temporale di fatto ne \u00e8 l&#39;esempio pi\u00f9 concreto e virtuoso<\/strong>&#8220;.<\/p>\n<p>Protagonisti come sempre saranno i documentari, selezionati dai migliori festival del mondo. Non mancheranno anteprime nazionali, interventi, ospiti in diretta \u2013 seppur streaming \u2013 tavole rotonde e masterclass.<\/p>\n<p>I film selezionati saranno disponibili sulla piattaforma <em>online<\/em> per tutta la durata del festival e saranno corredati da interventi degli autori, critici ed esperti per approfondire, oltre ai documentari d\u2019impegno civile provenienti dai migliori festival del mondo, le tematiche che caratterizzeranno questa XIII edizione.<\/p>\n<p>A nutrire il palinsesto quattro sezioni per vivere l\u2019esperienza del festival, allargando lo sguardo al mondo di oggi: a partire da <strong><em>Nel suo nome <\/em><\/strong>per approfondire il rapporto fra uomo e divino, fra sacro e profano, per riaffermare la libert\u00e0 di culto, come l\u2019anteprima nazionale <strong><em>God<\/em><\/strong>, dietro le quinte della macchina scenica e comunicativa di Papa Bergoglio, fatto da un collettivo di 17 registi cileni.<\/p>\n<p>La sezione<strong><em> Quando c\u2019era \u201cLui\u201d<\/em><\/strong> aiuter\u00e0 a capire perch\u00e9 il fascismo riappaia sempre, nostalgico o attualizzato nei movimenti di estrema destra, in Italia e in Europa. Oltre a documentari recenti, ci sar\u00e0 anche una speciale retrospettiva, curata da <strong>Federico Rossin<\/strong>, storico e critico del cinema, dedicata al fascismo in Italia, come la nuova versione digitale, in collaborazione con il Centro Sperimentale di Cinematografia \u2013 Cineteca nazionale, di <strong><em>Fascista<\/em><\/strong> di <strong>Nico Naldini<\/strong>, che vuole essere anche un omaggio all\u2019autore recentemente scomparso.<\/p>\n<p>A riempire il palinsesto anche la sezione <strong><em>Amore puro<\/em><\/strong> per raccontare, in un momento in cui abbiamo bisogno di speranza e contenuti positivi, come il sentimento venga prima di tutto, dell\u2019et\u00e0 o della malattia, della diversit\u00e0 o dei ruoli e, infine, <strong><em>Doc sound<\/em><\/strong> per affrontare temi di attualit\u00e0, con lo sguardo sul reale mescolato fortemente al suono, alla musica.<\/p>\n<p><a href=\"http:\/\/imagazinevideotruck.it\/outlet\/relink_euro.html\" target=\"_top\" rel=\"noopener\"><img loading=\"lazy\" decoding=\"async\" align=\"LEFT\" height=\"250\" src=\"http:\/\/imagazinevideotruck.it\/outlet\/euromobili_banner_art.jpg\" width=\"300\" alt=\"\" title=\"\"><\/a><\/p>\n<p>\u00a0<\/p>\n<p>\u00a0<\/p>\n<p>\u00a0<\/p>\n<p>\u00a0<\/p>\n<p>\u00a0<\/p>\n<p>\u00a0<\/p>\n<p>\u00a0<\/p>\n<p>\u00a0<\/p>\n<p>\u00a0<\/p>\n<p>E ancora: legalit\u00e0, ecologia, rivoluzione digitale, lotta alle dipendenze, e l\u2019emergenza Covid19\u00a0documentata in <strong><em>Wuhan \u2013 76 Days<\/em><\/strong>, Il primo documentario, presentato in anteprima nazionale, sul Covid-19 in Cina, da dove \u00e8 partito: crudo e intimo, mostra le lotte di pazienti e medici che combattono in prima linea la pandemia, in un paese dove il \u201ccontrollo\u201d \u00e8 tutto.<\/p>\n<p>A valutare i film in concorso una giuria d\u2019eccezione composta dall\u2019attore e regista <strong>Valerio Mastandrea<\/strong>, <strong>Anastasia Plazzotta<\/strong>, fondatrice della casa di distribuzione\u00a0<em>Wanted\u00a0Cinema,<\/em> <strong>Mario Sesti<\/strong>, critico cinematografico, regista e documentarista.<\/p>\n<p>Oltre al premio della giuria <strong>\u201cBest Documentary &#8211; Pordenone Docs 2020\u201d<\/strong>, che sar\u00e0 consegnato alla cerimonia di chiusura che sar\u00e0 trasmessa in diretta streaming domenica 15 novembre alle 20.45, anche per questa edizione si riconferma il premio del Pubblico <strong>Audience Award\u201d <\/strong>e <strong>\u201cYoung Audience Award\u201d<\/strong>, decretato da una giuria di critici under 30.<\/p>\n<p>Si aggiunge a questa rosa di riconoscimenti, per il primo anno, il <strong>Cr\u00e9dit Agricole FriulAdria \u201cGREEN Documentary Award\u201d, <\/strong>assegnato al documentario capace di far riflettere il pubblico sulla necessit\u00e0 &#8211; sempre pi\u00f9 impellente &#8211; di vivere con maggiore attenzione la tutela dell\u2019ambiente.<\/p>\n<p>Sebbene le sale di Cinemazero siano chiuse, precludendo cos\u00ec gli incontri in presenza, tutti gli appuntamenti con ospiti e registi saranno convogliati in diretta streaming sulle pagine Facebook di Cinemazero e de Le Voci dell\u2019inchiesta e sul canale Youtube cinemazeromultimedia.<\/p>\n<p>A inaugurare gli appuntamenti in diretta <strong>mercoled\u00ec 11 novembre alle 20.45<\/strong> la cerimonia di aperura della XIII edizione con la consegna del Premio <strong><em>Il coraggio delle immagini<\/em><\/strong>, in <em>collaborazione con\u00a0<\/em>Ordine dei Giornalisti &#8211; Consiglio nazionale e Ordine dei Giornalisti del Friuli Venezia Giulia con il sostegno di Associazione Il Capitello. Il premio quest\u2019anno sar\u00e0 consegnato al giornalista <strong>Sigfrido Ranucci<\/strong>, ospite d\u2019eccezione con un ampio intervento alla serata inaugurale del festival, volto della trasmissione televisiva <em>Report<\/em>, per il suo costante impegno nel suo lavoro di inchiesta e di indagine attraverso anche il mezzo audiovisivo.<\/p>\n<p>Nell\u2019occasione, Sigfrido Ranucci e Riccardo Costantini saranno nominati soci onorari del Circolo della Stampa di Pordenone.<\/p>\n<p>Spazio anche a seminari, laboratori per studenti e incontri per addetti ai lavori, come la tavola rotonda di domenica 15 dicembre <strong>Le piattaforme: problema o opportunit\u00e0?<\/strong> e l\u2019incontro di gioved\u00ec 12 dedicato al <strong>patrimonio bibliotecario digitale<\/strong>, in collaborazione con AIB FVG &#8211; Associazione Italiana Biblioteche AVI &#8211; Associazione Videoteche e Mediateche Italiane.<\/p>\n<p>Non mancheranno le risate grazie alla rivista satirica friulana <strong>Mataran<\/strong> che venerd\u00ec 13 novembre presenter\u00e0 <strong>Cronache da Pangolinia<\/strong>, satira e pandemia, un intervento curato da Marco Tonus e moderato da Flavio Massarutto. Mataran proporr\u00e0 anche uno speciale intervallo, prodotto dal festival e pubblicato durante le giornate del Pordenone Docs Fest nel suo profilo facebook dal titolo <strong>Art region\u00e2l dute furlane &#8211;<\/strong><strong> Indagine sull&#39;arte friulana<\/strong>.<\/p>\n<p>Il festival \u00e8 promosso da Cinemazero, con il sostegno del Ministero per i beni e le attivit\u00e0 culturali e per il turismo, della Regione Autonoma Friuli Venezia Giulia, del Comune di Pordenone \u2013 Assessorato alla Cultura, di Fondazione Friuli, Servizi CGN, Cr\u00e8dit Agricol FriulAdria, Coop Alleanza 3.0,ARPA FVG &#8211; Laboratorio Regionale di Educazione Ambientale e Europa Cinemas.<\/p>\n","protected":false},"excerpt":{"rendered":"<p>On line la nuova edizione di &#8220;Le Voci dell\u2019Inchiesta&#8221;<\/p>\n","protected":false},"author":28,"featured_media":34974,"comment_status":"closed","ping_status":"closed","sticky":false,"template":"","format":"standard","meta":{"dwc-title":[],"dwc-content":[],"footnotes":""},"categories":[37],"tags":[],"class_list":["post-34973","post","type-post","status-publish","format-standard","has-post-thumbnail","hentry","category-cultura-e-spettacolo"],"rttpg_featured_image_url":{"full":["https:\/\/imagazine.it\/wp-content\/uploads\/2024\/01\/36865-1.webp",800,449,false],"landscape":["https:\/\/imagazine.it\/wp-content\/uploads\/2024\/01\/36865-1.webp",800,449,false],"portraits":["https:\/\/imagazine.it\/wp-content\/uploads\/2024\/01\/36865-1.webp",800,449,false],"thumbnail":["https:\/\/imagazine.it\/wp-content\/uploads\/2024\/01\/36865-1-150x150.webp",150,150,true],"medium":["https:\/\/imagazine.it\/wp-content\/uploads\/2024\/01\/36865-1-300x168.webp",300,168,true],"large":["https:\/\/imagazine.it\/wp-content\/uploads\/2024\/01\/36865-1.webp",640,359,false],"thumblist":["https:\/\/imagazine.it\/wp-content\/uploads\/2024\/01\/36865-1.webp",300,168,false],"thumbrelated":["https:\/\/imagazine.it\/wp-content\/uploads\/2024\/01\/36865-1.webp",500,281,false],"meccarouselthumb":["https:\/\/imagazine.it\/wp-content\/uploads\/2024\/01\/36865-1.webp",474,266,false],"gridsquare":["https:\/\/imagazine.it\/wp-content\/uploads\/2024\/01\/36865-1.webp",391,219,false],"tileview":["https:\/\/imagazine.it\/wp-content\/uploads\/2024\/01\/36865-1.webp",300,168,false],"1536x1536":["https:\/\/imagazine.it\/wp-content\/uploads\/2024\/01\/36865-1.webp",800,449,false],"2048x2048":["https:\/\/imagazine.it\/wp-content\/uploads\/2024\/01\/36865-1.webp",800,449,false],"newsup-slider-full":["https:\/\/imagazine.it\/wp-content\/uploads\/2024\/01\/36865-1.webp",800,449,false],"newsup-featured":["https:\/\/imagazine.it\/wp-content\/uploads\/2024\/01\/36865-1.webp",800,449,false],"newsup-medium":["https:\/\/imagazine.it\/wp-content\/uploads\/2024\/01\/36865-1-720x380.webp",720,380,true],"tptn_thumbnail":["https:\/\/imagazine.it\/wp-content\/uploads\/2024\/01\/36865-1.webp",250,140,false],"sow-carousel-default":["https:\/\/imagazine.it\/wp-content\/uploads\/2024\/01\/36865-1-272x182.webp",272,182,true]},"rttpg_author":{"display_name":"redazione","author_link":"https:\/\/imagazine.it\/home_desk\/author\/redazione\/"},"rttpg_comment":0,"rttpg_category":"<a href=\"https:\/\/imagazine.it\/home_desk\/category\/cultura-e-spettacolo\/\" rel=\"category tag\">CULTURA&amp;SPETTACOLO<\/a>","rttpg_excerpt":"On line la nuova edizione di \"Le Voci dell\u2019Inchiesta\"","_links":{"self":[{"href":"https:\/\/imagazine.it\/home_desk\/wp-json\/wp\/v2\/posts\/34973","targetHints":{"allow":["GET"]}}],"collection":[{"href":"https:\/\/imagazine.it\/home_desk\/wp-json\/wp\/v2\/posts"}],"about":[{"href":"https:\/\/imagazine.it\/home_desk\/wp-json\/wp\/v2\/types\/post"}],"author":[{"embeddable":true,"href":"https:\/\/imagazine.it\/home_desk\/wp-json\/wp\/v2\/users\/28"}],"replies":[{"embeddable":true,"href":"https:\/\/imagazine.it\/home_desk\/wp-json\/wp\/v2\/comments?post=34973"}],"version-history":[{"count":0,"href":"https:\/\/imagazine.it\/home_desk\/wp-json\/wp\/v2\/posts\/34973\/revisions"}],"wp:featuredmedia":[{"embeddable":true,"href":"https:\/\/imagazine.it\/home_desk\/wp-json\/wp\/v2\/media\/34974"}],"wp:attachment":[{"href":"https:\/\/imagazine.it\/home_desk\/wp-json\/wp\/v2\/media?parent=34973"}],"wp:term":[{"taxonomy":"category","embeddable":true,"href":"https:\/\/imagazine.it\/home_desk\/wp-json\/wp\/v2\/categories?post=34973"},{"taxonomy":"post_tag","embeddable":true,"href":"https:\/\/imagazine.it\/home_desk\/wp-json\/wp\/v2\/tags?post=34973"}],"curies":[{"name":"wp","href":"https:\/\/api.w.org\/{rel}","templated":true}]}}