{"id":34971,"date":"2020-11-06T00:00:00","date_gmt":"2020-11-05T23:00:00","guid":{"rendered":"https:\/\/imagazine.it\/?p=34971"},"modified":"2020-11-06T00:00:00","modified_gmt":"2020-11-05T23:00:00","slug":"scuola-per-gli-studenti-in-classe-mascherina-sempre-obbligatoria","status":"publish","type":"post","link":"https:\/\/imagazine.it\/home_desk\/scuola-per-gli-studenti-in-classe-mascherina-sempre-obbligatoria\/","title":{"rendered":"Scuola, per gli studenti in classe mascherina sempre obbligatoria"},"content":{"rendered":"<p>&#8220;La Regione investe un ulteriore mezzo milione di euro per garantire dispositivi per la didattica digitale integrata. Dall&#39;inizio della pandemia, attingendo a risorse del Fondo sociale europeo, della Regione e del Ministero, sale cos\u00ec a 4,3 milioni di euro il totale delle risorse destinate ad adeguare la strumentazione (pc portatili, tablet, chiavette usb) delle famiglie del Friuli Venezia Giulia e consentire cos\u00ec di seguire le lezioni in un momento complesso come quello attuale&#8221;.<\/p>\n<p>Lo ha affermato l&#39;assessore regionale all&#39;Istruzione, <strong>Alessia Rosolen<\/strong>, spiegando che &#8220;si tratta di un intervento complementare rispetto ai precedenti. Le famiglie segnalano infatti disagi legati alla connettivit\u00e0, alla mancanza di strumenti adeguati e altre criticit\u00e0 alle scuole che, interpellate da Regione e Ufficio scolastico regionale con monitoraggi specifici, intervengono per colmare le lacune&#8221;.<\/p>\n<p>L&#39;assessore ha confermato che &#8220;l&#39;ultimo Dpcm ha nuovamente trasferito le lezioni per le superiori dalle aule delle scuole agli spazi virtuali, ma restano alcune eccezioni sulle quali \u00e8 bene fare chiarezza. Le lezioni proseguono in presenza per le attivit\u00e0 laboratoriali e i progetti dedicati a studenti con necessit\u00e0 specifiche: la scuola in ospedale, l&#39;istruzione domiciliare, i disturbi specifici dell&#39;apprendimento, i bisogni educativi speciali e altre attivit\u00e0 delicate per i quali le indicazioni chiariscono che \u00e8 auspicabile il proseguimento del contatto diretto, nel rispetto delle normative e in rapporto stretto con i medici e le famiglie&#8221;.<\/p>\n<p><a href=\"http:\/\/imagazinevideotruck.it\/outlet\/relink_euro.html\" target=\"_top\" rel=\"noopener\"><img loading=\"lazy\" decoding=\"async\" align=\"LEFT\" height=\"250\" src=\"http:\/\/imagazinevideotruck.it\/outlet\/euromobili_banner_art.jpg\" width=\"300\" alt=\"\" title=\"\"><\/a><\/p>\n<p>\u00a0<\/p>\n<p>\u00a0<\/p>\n<p>\u00a0<\/p>\n<p>\u00a0<\/p>\n<p>\u00a0<\/p>\n<p>\u00a0<\/p>\n<p>\u00a0<\/p>\n<p>\u00a0<\/p>\n<p>\u00a0<\/p>\n<p>In merito all&#39;uso della mascherina, per il quale la Regione riceve molte richieste di chiarimento, l&#39;assessore ha precisato che &#8220;l&#39;attivit\u00e0 didattica ed educativa per la scuola dell&#39;infanzia, il primo ciclo di istruzione, la scuola secondaria di secondo grado e i servizi educativi per l&#39;infanzia continua a svolgersi in presenza, con uso obbligatorio di dispositivi di protezione delle vie respiratorie ad eccezione dei bambini di et\u00e0 inferiore ai sei anni e dei soggetti con patologie o disabilit\u00e0 incompatibili con l&#39;uso della mascherina. Quindi, <strong>la mascherina va indossata anche quando si \u00e8 seduti al banco, non solo durante gli spostamenti<\/strong>. Chiedo a tutti di rispettare le regole: l&#39;obiettivo \u00e8 mantenere le scuole aperte ed \u00e8 prezioso e imprescindibile che tutti diano il proprio contributo. L&#39;auspicio \u00e8 che si possa tornare al pi\u00f9 presto a una situazione di normalit\u00e0. Adesso \u00e8 veramente importante attenersi alle regole deputate a contrastare e contenere il contagio&#8221;.<\/p>\n","protected":false},"excerpt":{"rendered":"<p>Dai 6 anni in su<\/p>\n","protected":false},"author":28,"featured_media":34972,"comment_status":"closed","ping_status":"closed","sticky":false,"template":"","format":"standard","meta":{"dwc-title":[],"dwc-content":[],"footnotes":""},"categories":[5],"tags":[],"class_list":["post-34971","post","type-post","status-publish","format-standard","has-post-thumbnail","hentry","category-attualita"],"rttpg_featured_image_url":{"full":["https:\/\/imagazine.it\/wp-content\/uploads\/2024\/01\/36864-1.webp",1000,719,false],"landscape":["https:\/\/imagazine.it\/wp-content\/uploads\/2024\/01\/36864-1.webp",1000,719,false],"portraits":["https:\/\/imagazine.it\/wp-content\/uploads\/2024\/01\/36864-1.webp",1000,719,false],"thumbnail":["https:\/\/imagazine.it\/wp-content\/uploads\/2024\/01\/36864-1-150x150.webp",150,150,true],"medium":["https:\/\/imagazine.it\/wp-content\/uploads\/2024\/01\/36864-1-300x216.webp",300,216,true],"large":["https:\/\/imagazine.it\/wp-content\/uploads\/2024\/01\/36864-1.webp",640,460,false],"thumblist":["https:\/\/imagazine.it\/wp-content\/uploads\/2024\/01\/36864-1.webp",300,216,false],"thumbrelated":["https:\/\/imagazine.it\/wp-content\/uploads\/2024\/01\/36864-1.webp",500,360,false],"meccarouselthumb":["https:\/\/imagazine.it\/wp-content\/uploads\/2024\/01\/36864-1.webp",451,324,false],"gridsquare":["https:\/\/imagazine.it\/wp-content\/uploads\/2024\/01\/36864-1.webp",362,260,false],"tileview":["https:\/\/imagazine.it\/wp-content\/uploads\/2024\/01\/36864-1.webp",300,216,false],"1536x1536":["https:\/\/imagazine.it\/wp-content\/uploads\/2024\/01\/36864-1.webp",1000,719,false],"2048x2048":["https:\/\/imagazine.it\/wp-content\/uploads\/2024\/01\/36864-1.webp",1000,719,false],"newsup-slider-full":["https:\/\/imagazine.it\/wp-content\/uploads\/2024\/01\/36864-1.webp",1000,719,false],"newsup-featured":["https:\/\/imagazine.it\/wp-content\/uploads\/2024\/01\/36864-1.webp",1000,719,false],"newsup-medium":["https:\/\/imagazine.it\/wp-content\/uploads\/2024\/01\/36864-1-720x380.webp",720,380,true],"tptn_thumbnail":["https:\/\/imagazine.it\/wp-content\/uploads\/2024\/01\/36864-1.webp",250,180,false],"sow-carousel-default":["https:\/\/imagazine.it\/wp-content\/uploads\/2024\/01\/36864-1-272x182.webp",272,182,true]},"rttpg_author":{"display_name":"redazione","author_link":"https:\/\/imagazine.it\/home_desk\/author\/redazione\/"},"rttpg_comment":0,"rttpg_category":"<a href=\"https:\/\/imagazine.it\/home_desk\/category\/attualita\/\" rel=\"category tag\">ATTUALIT\u00c0<\/a>","rttpg_excerpt":"Dai 6 anni in su","_links":{"self":[{"href":"https:\/\/imagazine.it\/home_desk\/wp-json\/wp\/v2\/posts\/34971","targetHints":{"allow":["GET"]}}],"collection":[{"href":"https:\/\/imagazine.it\/home_desk\/wp-json\/wp\/v2\/posts"}],"about":[{"href":"https:\/\/imagazine.it\/home_desk\/wp-json\/wp\/v2\/types\/post"}],"author":[{"embeddable":true,"href":"https:\/\/imagazine.it\/home_desk\/wp-json\/wp\/v2\/users\/28"}],"replies":[{"embeddable":true,"href":"https:\/\/imagazine.it\/home_desk\/wp-json\/wp\/v2\/comments?post=34971"}],"version-history":[{"count":0,"href":"https:\/\/imagazine.it\/home_desk\/wp-json\/wp\/v2\/posts\/34971\/revisions"}],"wp:featuredmedia":[{"embeddable":true,"href":"https:\/\/imagazine.it\/home_desk\/wp-json\/wp\/v2\/media\/34972"}],"wp:attachment":[{"href":"https:\/\/imagazine.it\/home_desk\/wp-json\/wp\/v2\/media?parent=34971"}],"wp:term":[{"taxonomy":"category","embeddable":true,"href":"https:\/\/imagazine.it\/home_desk\/wp-json\/wp\/v2\/categories?post=34971"},{"taxonomy":"post_tag","embeddable":true,"href":"https:\/\/imagazine.it\/home_desk\/wp-json\/wp\/v2\/tags?post=34971"}],"curies":[{"name":"wp","href":"https:\/\/api.w.org\/{rel}","templated":true}]}}