{"id":34965,"date":"2020-11-06T00:00:00","date_gmt":"2020-11-05T23:00:00","guid":{"rendered":"https:\/\/imagazine.it\/?p=34965"},"modified":"2020-11-06T00:00:00","modified_gmt":"2020-11-05T23:00:00","slug":"trieste-a-dicembre-le-nuove-graduatorie-ater","status":"publish","type":"post","link":"https:\/\/imagazine.it\/home_desk\/trieste-a-dicembre-le-nuove-graduatorie-ater\/","title":{"rendered":"Trieste, a dicembre le nuove graduatorie Ater"},"content":{"rendered":"<p>Saranno formulate nella prima settimana di dicembre le graduatorie definitive per l\u2019assegnazione degli alloggi Ater a <strong>Trieste<\/strong>, riferite all\u2019ultimo bando pubblicato. Intanto l\u2019Azienda Territoriale per l&#39;Edilizia Residenziale comunica i dati e le informazioni relative alle domande pervenute.<\/p>\n<p>Gli elenchi definitivi non si discosteranno molto dalle graduatorie provvisorie, per altro gi\u00e0 comunicate all\u2019utenza. L\u201980% dei richiedenti \u00e8 cittadino italiano; la percentuale tra uomini e donne si equivale, in merito all\u2019et\u00e0 la categoria 31-50 anni rappresenta il 43% degli aspiranti inquilini, seguita dalla fascia 18-30 anni. \u00c8 stato accolto complessivamente l\u201980% delle domande inviate.<\/p>\n<p>Tra le prossime assegnazioni i 50 appartamenti innovativi da poco ultimati in via Cesare dell\u2019Acqua. La media di consegna \u00e8 di 250 alloggi all\u2019anno. \u00abMa il mio impegno &#8211; anticipa il presidente di Ater, <strong>Riccardo Novacco<\/strong> &#8211; \u00e8 di elevare questo numero, grazie alla lotta agli sfitti, che prosegue grazie anche al lavoro eccezionale del nostro Cda e degli uffici\u00bb.<\/p>\n<p>Sono <strong>3.914 le domande pervenute all\u2019Ater<\/strong> in relazione all\u2019ultimo bando. Quelle accolte, che rispondono ai requisiti richiesti, sono 3.116 (80%), quelle escluse sono 798 (20%). I due principali motivi di esclusione sono legati all\u2019assenza della documentazione necessaria (24%) e alla mancata residenza in regione da almeno cinque anni (24%). L\u201980% delle domande accolte sono presentate da italiani, il 13% da extra Ue e il 7% da Ue.<\/p>\n<p><a href=\"http:\/\/imagazinevideotruck.it\/outlet\/relink_euro.html\" target=\"_top\" rel=\"noopener\"><img loading=\"lazy\" decoding=\"async\" align=\"LEFT\" height=\"250\" src=\"http:\/\/imagazinevideotruck.it\/outlet\/euromobili_banner_art.jpg\" width=\"300\" alt=\"\" title=\"\"><\/a><\/p>\n<p>\u00a0<\/p>\n<p>\u00a0<\/p>\n<p>\u00a0<\/p>\n<p>\u00a0<\/p>\n<p>\u00a0<\/p>\n<p>\u00a0<\/p>\n<p>\u00a0<\/p>\n<p>\u00a0<\/p>\n<p>\u00a0<\/p>\n<p>\u00abUn dato rilevante &#8211; spiega <strong>Daniele Mosetti<\/strong>, membro del Cda di Ater &#8211; riguarda il netto calo delle domande pervenute dagli extra Ue, tra queste diminuiscono in particolare le presenze di kosovari, serbi e in generale di persone dall\u2019area dell\u2019ex Yugoslavia. Tra le domande escluse &#8211; aggiunge &#8211; 289 riguardano cittadini extra Ue e tra queste 71 sono motivate dalla mancanza del requisito dei cinque anni di residenza\u00bb.<\/p>\n<p>Le domande giunte da Trieste sono 2.917, da Muggia 125, da Duino-Aurisina 29, dal San Dorligo della Valle 35, da Sgonico 8, da Monrupino 2. Il 49% sono uomini, il 51% donne. Molte domande riguardano giovani, 796, tra questi 540 sono ragazzi senza figli, 160 con un figlio, 96 con pi\u00f9 di uno. Seguono gli anziani, 350, tra questi 269 sono soli. Le famiglie numerose sono 163. I single con figli 332.<\/p>\n<p>L\u2019et\u00e0 media del richiedente \u00e8 tra 31-50 anni, il 43% del totale, segue la fascia 51-64 (25%), quella 18-30 (18%) e gli over 65 sono il 14%.<\/p>\n<p>La graduatoria durer\u00e0 pi\u00f9 anni (il requisito minimo previsto per legge \u00e8 di due). Per il 2020, ad esempio, le assegnazioni sono state effettuate in base al bando 2017, le cui graduatorie aggiornate sono state pubblicate proprio oggi.\u00a0 Dopo l\u2019approvazione della graduatoria definitiva del bando 2019, si partir\u00e0 con la procedura di assegnazione, che presume, in prima battuta, la visita dell&#39;alloggio da parte dell&#39;inquilino.\u00a0<\/p>\n","protected":false},"excerpt":{"rendered":"<p>Riferite al bando 2019<\/p>\n","protected":false},"author":28,"featured_media":34966,"comment_status":"closed","ping_status":"closed","sticky":false,"template":"","format":"standard","meta":{"dwc-title":[],"dwc-content":[],"footnotes":""},"categories":[5],"tags":[],"class_list":["post-34965","post","type-post","status-publish","format-standard","has-post-thumbnail","hentry","category-attualita"],"rttpg_featured_image_url":{"full":["https:\/\/imagazine.it\/wp-content\/uploads\/2024\/01\/36843-1.webp",1000,563,false],"landscape":["https:\/\/imagazine.it\/wp-content\/uploads\/2024\/01\/36843-1.webp",1000,563,false],"portraits":["https:\/\/imagazine.it\/wp-content\/uploads\/2024\/01\/36843-1.webp",1000,563,false],"thumbnail":["https:\/\/imagazine.it\/wp-content\/uploads\/2024\/01\/36843-1-150x150.webp",150,150,true],"medium":["https:\/\/imagazine.it\/wp-content\/uploads\/2024\/01\/36843-1-300x169.webp",300,169,true],"large":["https:\/\/imagazine.it\/wp-content\/uploads\/2024\/01\/36843-1.webp",640,360,false],"thumblist":["https:\/\/imagazine.it\/wp-content\/uploads\/2024\/01\/36843-1.webp",300,169,false],"thumbrelated":["https:\/\/imagazine.it\/wp-content\/uploads\/2024\/01\/36843-1.webp",500,282,false],"meccarouselthumb":["https:\/\/imagazine.it\/wp-content\/uploads\/2024\/01\/36843-1.webp",474,267,false],"gridsquare":["https:\/\/imagazine.it\/wp-content\/uploads\/2024\/01\/36843-1.webp",391,220,false],"tileview":["https:\/\/imagazine.it\/wp-content\/uploads\/2024\/01\/36843-1.webp",300,169,false],"1536x1536":["https:\/\/imagazine.it\/wp-content\/uploads\/2024\/01\/36843-1.webp",1000,563,false],"2048x2048":["https:\/\/imagazine.it\/wp-content\/uploads\/2024\/01\/36843-1.webp",1000,563,false],"newsup-slider-full":["https:\/\/imagazine.it\/wp-content\/uploads\/2024\/01\/36843-1.webp",1000,563,false],"newsup-featured":["https:\/\/imagazine.it\/wp-content\/uploads\/2024\/01\/36843-1.webp",1000,563,false],"newsup-medium":["https:\/\/imagazine.it\/wp-content\/uploads\/2024\/01\/36843-1-720x380.webp",720,380,true],"tptn_thumbnail":["https:\/\/imagazine.it\/wp-content\/uploads\/2024\/01\/36843-1.webp",250,141,false],"sow-carousel-default":["https:\/\/imagazine.it\/wp-content\/uploads\/2024\/01\/36843-1-272x182.webp",272,182,true]},"rttpg_author":{"display_name":"redazione","author_link":"https:\/\/imagazine.it\/home_desk\/author\/redazione\/"},"rttpg_comment":0,"rttpg_category":"<a href=\"https:\/\/imagazine.it\/home_desk\/category\/attualita\/\" rel=\"category tag\">ATTUALIT\u00c0<\/a>","rttpg_excerpt":"Riferite al bando 2019","_links":{"self":[{"href":"https:\/\/imagazine.it\/home_desk\/wp-json\/wp\/v2\/posts\/34965","targetHints":{"allow":["GET"]}}],"collection":[{"href":"https:\/\/imagazine.it\/home_desk\/wp-json\/wp\/v2\/posts"}],"about":[{"href":"https:\/\/imagazine.it\/home_desk\/wp-json\/wp\/v2\/types\/post"}],"author":[{"embeddable":true,"href":"https:\/\/imagazine.it\/home_desk\/wp-json\/wp\/v2\/users\/28"}],"replies":[{"embeddable":true,"href":"https:\/\/imagazine.it\/home_desk\/wp-json\/wp\/v2\/comments?post=34965"}],"version-history":[{"count":0,"href":"https:\/\/imagazine.it\/home_desk\/wp-json\/wp\/v2\/posts\/34965\/revisions"}],"wp:featuredmedia":[{"embeddable":true,"href":"https:\/\/imagazine.it\/home_desk\/wp-json\/wp\/v2\/media\/34966"}],"wp:attachment":[{"href":"https:\/\/imagazine.it\/home_desk\/wp-json\/wp\/v2\/media?parent=34965"}],"wp:term":[{"taxonomy":"category","embeddable":true,"href":"https:\/\/imagazine.it\/home_desk\/wp-json\/wp\/v2\/categories?post=34965"},{"taxonomy":"post_tag","embeddable":true,"href":"https:\/\/imagazine.it\/home_desk\/wp-json\/wp\/v2\/tags?post=34965"}],"curies":[{"name":"wp","href":"https:\/\/api.w.org\/{rel}","templated":true}]}}