{"id":34959,"date":"2020-11-06T00:00:00","date_gmt":"2020-11-05T23:00:00","guid":{"rendered":"https:\/\/imagazine.it\/?p=34959"},"modified":"2020-11-06T00:00:00","modified_gmt":"2020-11-05T23:00:00","slug":"cambiamento-climatico-una-denuncia-a-ritmo-di-rap","status":"publish","type":"post","link":"https:\/\/imagazine.it\/home_desk\/cambiamento-climatico-una-denuncia-a-ritmo-di-rap\/","title":{"rendered":"Cambiamento climatico, una denuncia a ritmo di rap"},"content":{"rendered":"<p>\u201c<em>Fuori Stagione<\/em>\u201d \u00e8 il <u><a href=\"http:\/\/www.imagazine.it\/notizie-trieste-gorizia-udine-friuli\/5460\" target=\"_blank\" rel=\"noopener\">nuovo singolo di\u00a0<strong>Doro Gjat<\/strong><\/a><\/u>, disponibile in streaming su Spotify e su tutti i digital store, fuori per\u00a0<strong>AAR Music<\/strong>.<\/p>\n<p>Dopo \u201c<u><a href=\"https:\/\/open.spotify.com\/track\/6nFTNBGkBUNDgSh2Un2dD2?si=uOwvWI16QuOefd-doy9OxQ\" target=\"_blank\" rel=\"noopener\"><em>Naufrago del cielo<\/em><\/a><\/u>\u201d, il rapper friulano\u00a0 pubblica il secondo estratto del suo terzo disco solista, \u201c<em>Mondonuovo<\/em>\u201d, di prossima uscita.<\/p>\n<p>L\u2019artista classe \u201983 nel nuovo brano affronta una delle problematiche pi\u00f9 delicate e rilevanti del terzo millennio, quella del cambiamento climatico. Su una delicata e suggestiva produzione di\u00a0<strong>Eiemgei<\/strong>\u00a0(gi\u00e0 producer, tra gli altri, di\u00a0<strong>Madame<\/strong>,\u00a0<strong>Leon Faun<\/strong>,\u00a0<strong>Rocco Hunt<\/strong>\u00a0e\u00a0<strong>\u00a5EM<\/strong>), Doro Gjat scrive un evocativo storytelling che vede la natura come protagonista; ne esalta la magia, ma al contempo sottolinea quanto il cambiamento climatico la stia profondamente sconvolgendo, finendo per stravolgerne i ritmi \u2013 da qui quel \u201cfuori stagione\u201d che d\u00e0 il titolo al brano.<\/p>\n<p>\u201cFuori Stagione\u201d \u00e8 stata mixata e masterizzata da\u00a0<strong>Paolo \u2018Scarto\u2019 Dragani<\/strong>. La cover \u00e8 a cura di\u00a0<strong>Filippo Di Primo.<\/strong><\/p>\n<p>\u201c<em>I riferimenti alla natura sono sempre stati presenti nei miei testi. Sar\u00e0 perch\u00e9 il mio surrounding \u00e8 caratterizzato da montagne, alberi, roccia e vento; usare metafore di asfalto e cemento non sarebbe stato onesto. Dev&#39;essere proprio perch\u00e8 vivo in mezzo alle montagne che la tematica del cambiamento climatico mi ha toccato cos\u00ec da vicino: basta guardare fuori dalla finestra per rendersi conto che qualcosa sta cambiando pi\u00f9 velocemente di quanto dovrebbe<\/em>\u201d, afferma\u00a0<strong>Doro Gjat<\/strong>.<\/p>\n","protected":false},"excerpt":{"rendered":"<p>Esce \u201cFuori Stagione\u201d<\/p>\n","protected":false},"author":28,"featured_media":34960,"comment_status":"closed","ping_status":"closed","sticky":false,"template":"","format":"standard","meta":{"dwc-title":[],"dwc-content":[],"footnotes":""},"categories":[37],"tags":[],"class_list":["post-34959","post","type-post","status-publish","format-standard","has-post-thumbnail","hentry","category-cultura-e-spettacolo"],"rttpg_featured_image_url":{"full":["https:\/\/imagazine.it\/wp-content\/uploads\/2024\/01\/36836-1.webp",1000,812,false],"landscape":["https:\/\/imagazine.it\/wp-content\/uploads\/2024\/01\/36836-1.webp",1000,812,false],"portraits":["https:\/\/imagazine.it\/wp-content\/uploads\/2024\/01\/36836-1.webp",1000,812,false],"thumbnail":["https:\/\/imagazine.it\/wp-content\/uploads\/2024\/01\/36836-1-150x150.webp",150,150,true],"medium":["https:\/\/imagazine.it\/wp-content\/uploads\/2024\/01\/36836-1-300x244.webp",300,244,true],"large":["https:\/\/imagazine.it\/wp-content\/uploads\/2024\/01\/36836-1.webp",640,520,false],"thumblist":["https:\/\/imagazine.it\/wp-content\/uploads\/2024\/01\/36836-1.webp",300,244,false],"thumbrelated":["https:\/\/imagazine.it\/wp-content\/uploads\/2024\/01\/36836-1.webp",500,406,false],"meccarouselthumb":["https:\/\/imagazine.it\/wp-content\/uploads\/2024\/01\/36836-1.webp",399,324,false],"gridsquare":["https:\/\/imagazine.it\/wp-content\/uploads\/2024\/01\/36836-1.webp",320,260,false],"tileview":["https:\/\/imagazine.it\/wp-content\/uploads\/2024\/01\/36836-1.webp",300,244,false],"1536x1536":["https:\/\/imagazine.it\/wp-content\/uploads\/2024\/01\/36836-1.webp",1000,812,false],"2048x2048":["https:\/\/imagazine.it\/wp-content\/uploads\/2024\/01\/36836-1.webp",1000,812,false],"newsup-slider-full":["https:\/\/imagazine.it\/wp-content\/uploads\/2024\/01\/36836-1-1000x720.webp",1000,720,true],"newsup-featured":["https:\/\/imagazine.it\/wp-content\/uploads\/2024\/01\/36836-1.webp",1000,812,false],"newsup-medium":["https:\/\/imagazine.it\/wp-content\/uploads\/2024\/01\/36836-1-720x380.webp",720,380,true],"tptn_thumbnail":["https:\/\/imagazine.it\/wp-content\/uploads\/2024\/01\/36836-1.webp",250,203,false],"sow-carousel-default":["https:\/\/imagazine.it\/wp-content\/uploads\/2024\/01\/36836-1-272x182.webp",272,182,true]},"rttpg_author":{"display_name":"redazione","author_link":"https:\/\/imagazine.it\/home_desk\/author\/redazione\/"},"rttpg_comment":0,"rttpg_category":"<a href=\"https:\/\/imagazine.it\/home_desk\/category\/cultura-e-spettacolo\/\" rel=\"category tag\">CULTURA&amp;SPETTACOLO<\/a>","rttpg_excerpt":"Esce \u201cFuori Stagione\u201d","_links":{"self":[{"href":"https:\/\/imagazine.it\/home_desk\/wp-json\/wp\/v2\/posts\/34959","targetHints":{"allow":["GET"]}}],"collection":[{"href":"https:\/\/imagazine.it\/home_desk\/wp-json\/wp\/v2\/posts"}],"about":[{"href":"https:\/\/imagazine.it\/home_desk\/wp-json\/wp\/v2\/types\/post"}],"author":[{"embeddable":true,"href":"https:\/\/imagazine.it\/home_desk\/wp-json\/wp\/v2\/users\/28"}],"replies":[{"embeddable":true,"href":"https:\/\/imagazine.it\/home_desk\/wp-json\/wp\/v2\/comments?post=34959"}],"version-history":[{"count":0,"href":"https:\/\/imagazine.it\/home_desk\/wp-json\/wp\/v2\/posts\/34959\/revisions"}],"wp:featuredmedia":[{"embeddable":true,"href":"https:\/\/imagazine.it\/home_desk\/wp-json\/wp\/v2\/media\/34960"}],"wp:attachment":[{"href":"https:\/\/imagazine.it\/home_desk\/wp-json\/wp\/v2\/media?parent=34959"}],"wp:term":[{"taxonomy":"category","embeddable":true,"href":"https:\/\/imagazine.it\/home_desk\/wp-json\/wp\/v2\/categories?post=34959"},{"taxonomy":"post_tag","embeddable":true,"href":"https:\/\/imagazine.it\/home_desk\/wp-json\/wp\/v2\/tags?post=34959"}],"curies":[{"name":"wp","href":"https:\/\/api.w.org\/{rel}","templated":true}]}}