{"id":34955,"date":"2020-11-05T00:00:00","date_gmt":"2020-11-04T23:00:00","guid":{"rendered":"https:\/\/imagazine.it\/?p=34955"},"modified":"2020-11-05T00:00:00","modified_gmt":"2020-11-04T23:00:00","slug":"coronavirus-in-fvg-richieste-piu-cure-intermedie-per-la-seconda-ondata","status":"publish","type":"post","link":"https:\/\/imagazine.it\/home_desk\/coronavirus-in-fvg-richieste-piu-cure-intermedie-per-la-seconda-ondata\/","title":{"rendered":"Coronavirus, in FVG richieste pi\u00f9 cure intermedie per la seconda ondata"},"content":{"rendered":"<p>In Friuli Venezia Giulia, dall&#39;inizio dell&#39;epidemia, sono stati eseguiti 543 mila tamponi che hanno permesso di individuare 11.264 casi di Covid-19 con un&#39;et\u00e0 mediana delle persone colpite di 50 anni. Sono stati poi registrati 414 decessi di persone con un&#39;et\u00e0 media di 85 anni, che fissano la letalit\u00e0 grezza della nostra regione al 3,5% dei casi, contro il 5,5% di quella nazionale.<\/p>\n<p>\u201cL&#39;andamento dell&#39;epidemia nella seconda ondata \u00e8 per\u00f2 molto diverso da quello della prima a causa di una maggiore richiesta di ospedalizzazione e di cure intermedie, per garantire le quali \u00e8 stato avviato un riassetto delle strutture di tutte le aziende del nostro sistema sanitario, con l&#39;individuazione di strutture destinate principalmente ai malati Covid e altre solo ai pazienti affetti da altre patologie&#8221;, ha spiegato il vicegovernatore con delega alla Salute, <strong>Riccardo Riccardi<\/strong>, illustrando ai capigruppo in Consiglio regionale l&#39;andamento della pandemia in Friuli Venezia Giulia e le misure messe in campo per contrastarla.<\/p>\n<p>Il punto \u00e8 stato fatto nel corso di un incontro in videoconferenza al quale hanno partecipato anche il governatore <strong>Massimiliano Fedriga<\/strong> e il presidente del Consiglio regionale <strong>Piero Mauro Zanin<\/strong>.<\/p>\n<p>Riccardi ha spiegato che &#8220;durante la prima ondata l&#39;indice della richiesta di posti in terapia intensiva ha seguito una curva quasi verticale nonostante il numero dei malati fosse minore. Ora la situazione \u00e8 molto diversa perch\u00e9 c&#39;\u00e8 una rilevante ospedalizzazione nei reparti di pazienti che necessitano di cure di media intensit\u00e0, ma \u00e8 cresciuto moltissimo anche il numero delle persone in isolamento. Una situazione, questa, che sta mettendo sotto stress tutto il comparto sanitario e che ha portato al necessario riassetto di ospedali e pres\u00ecdi in tutto il territorio regionale, secondo un modello basato non solo sulla disponibilit\u00e0 di posti letto ma anche di personale sanitario, per il quale prosegue comunque l&#39;attivit\u00e0 di reclutamento. Alcune strutture sono state quindi ritenute pi\u00f9 idonee di altre a ospitare i malati di Covid in un&#39;ottica di sistema&#8221;.<\/p>\n<p><a href=\"http:\/\/imagazinevideotruck.it\/outlet\/relink_euro.html\" target=\"_top\" rel=\"noopener\"><img loading=\"lazy\" decoding=\"async\" align=\"LEFT\" height=\"250\" src=\"http:\/\/imagazinevideotruck.it\/outlet\/euromobili_banner_art.jpg\" width=\"300\" alt=\"\" title=\"\"><\/a><\/p>\n<p>\u00a0<\/p>\n<p>\u00a0<\/p>\n<p>\u00a0<\/p>\n<p>\u00a0<\/p>\n<p>\u00a0<\/p>\n<p>\u00a0<\/p>\n<p>\u00a0<\/p>\n<p>\u00a0<\/p>\n<p>\u00a0<\/p>\n<p>Commentando i dati della prima e della seconda ondata, l&#39;esponente della Giunta ha quindi confermato che rispetto ai 374 focolai d&#39;infezione registrati nella settimana dal 19 al 25 ottobre, 283 (76%) hanno avuto origine all&#39;interno del nucleo familiare, 31 (8%) al lavoro, 24 nell&#39;ambito amicale (6%), 16 nelle case di riposo (4%), 11 nelle scuole (3%), 4 in ospedale (1%), 3 durante eventi sportivi o in palestra (1%).<\/p>\n<p>&#8220;Mentre in luglio e agosto la principale fonte di diffusione era stata il rientro dalle vacanze da Paesi ad alta incidenza come Balcani, Croazia, Malta, Spagna e ha riguardato in particolare casi importati di persone trentenni, in settembre e ottobre sono subentrati focolai nati nel nostro territorio, in parte secondari ai casi importati nei mesi precedenti &#8211; ha sottolineato Riccardi -. Inoltre hanno sicuramente inciso sulla diffusione del virus il mancato distanziamento e l\u2019inadeguato uso delle mascherine sia durante la &#39;movida&#39;, sia sui servizi di trasporto pubblico e alla fine delle lezioni scolastiche&#8221;.<\/p>\n<p>L&#39;esperienza maturata nel contrasto al Covid-19 \u00e8 per\u00f2 servita ad attuare azioni di contrasto alla diffusione del virus, come dimostrano i dati delle strutture per anziani, dove prosegue un&#39;azione di screening. &#8220;Complessivamente sono stati effettuato sugli ospiti delle 170 case di riposo della regione 43.890 tamponi: da questi test \u00e8 emerso che tra marzo e giugno la percentuale di contagi rispetto ai tamponi ha avuto picchi superiori al 50%, mentre a ottobre, a seguito di un lavoro dettagliato e ampio di controllo e screening, la punta massima \u00e8 stata del 26% con una media del 20%, con 676 casi registrati nella prima ondata contro i 366 di ottobre &#8211; ha chiarito il vicegovernatore -. I contagi sono quindi pi\u00f9 che dimezzati; inoltre va evidenziato che pi\u00f9 del 90% degli oltre 11 mila ospiti delle strutture per anziani \u00e8 stato sottoposto al test per il Covid e che la percentuale sale al 99,3% per le realt\u00e0 dell&#39;area giuliano-isontina&#8221;.<\/p>\n<p>Tra prima e seconda ondata si \u00e8 inoltre ridotto il tasso di contagi tra il personale delle case di riposo, con 291 positivit\u00e0 (4,14%) contro 171 (2,43%), mentre \u00e8 aumentato, anche se rimane contenuto, quello tra i dipendenti del servizio sanitario regionale con 276 positivit\u00e0 (2,02%) contro 315 (2,31%).<br \/> Infine per quanto attiene le scuole, sono stati registrati contagi in 109 istituti (34 di Pordenone, 32 di Trieste, 28 di Udine e 15 di Gorizia) con il contagio complessivo di 186 alunni e 23 persone tra il personale.<\/p>\n","protected":false},"excerpt":{"rendered":"<p>La conferma del vicegovernatore Riccardi<\/p>\n","protected":false},"author":28,"featured_media":34956,"comment_status":"closed","ping_status":"closed","sticky":false,"template":"","format":"standard","meta":{"dwc-title":[],"dwc-content":[],"footnotes":""},"categories":[5],"tags":[],"class_list":["post-34955","post","type-post","status-publish","format-standard","has-post-thumbnail","hentry","category-attualita"],"rttpg_featured_image_url":{"full":["https:\/\/imagazine.it\/wp-content\/uploads\/2024\/01\/36834-1.webp",750,501,false],"landscape":["https:\/\/imagazine.it\/wp-content\/uploads\/2024\/01\/36834-1.webp",750,501,false],"portraits":["https:\/\/imagazine.it\/wp-content\/uploads\/2024\/01\/36834-1.webp",750,501,false],"thumbnail":["https:\/\/imagazine.it\/wp-content\/uploads\/2024\/01\/36834-1-150x150.webp",150,150,true],"medium":["https:\/\/imagazine.it\/wp-content\/uploads\/2024\/01\/36834-1-300x200.webp",300,200,true],"large":["https:\/\/imagazine.it\/wp-content\/uploads\/2024\/01\/36834-1.webp",640,428,false],"thumblist":["https:\/\/imagazine.it\/wp-content\/uploads\/2024\/01\/36834-1.webp",300,200,false],"thumbrelated":["https:\/\/imagazine.it\/wp-content\/uploads\/2024\/01\/36834-1.webp",500,334,false],"meccarouselthumb":["https:\/\/imagazine.it\/wp-content\/uploads\/2024\/01\/36834-1.webp",474,317,false],"gridsquare":["https:\/\/imagazine.it\/wp-content\/uploads\/2024\/01\/36834-1.webp",389,260,false],"tileview":["https:\/\/imagazine.it\/wp-content\/uploads\/2024\/01\/36834-1.webp",300,200,false],"1536x1536":["https:\/\/imagazine.it\/wp-content\/uploads\/2024\/01\/36834-1.webp",750,501,false],"2048x2048":["https:\/\/imagazine.it\/wp-content\/uploads\/2024\/01\/36834-1.webp",750,501,false],"newsup-slider-full":["https:\/\/imagazine.it\/wp-content\/uploads\/2024\/01\/36834-1.webp",750,501,false],"newsup-featured":["https:\/\/imagazine.it\/wp-content\/uploads\/2024\/01\/36834-1.webp",750,501,false],"newsup-medium":["https:\/\/imagazine.it\/wp-content\/uploads\/2024\/01\/36834-1-720x380.webp",720,380,true],"tptn_thumbnail":["https:\/\/imagazine.it\/wp-content\/uploads\/2024\/01\/36834-1.webp",250,167,false],"sow-carousel-default":["https:\/\/imagazine.it\/wp-content\/uploads\/2024\/01\/36834-1-272x182.webp",272,182,true]},"rttpg_author":{"display_name":"redazione","author_link":"https:\/\/imagazine.it\/home_desk\/author\/redazione\/"},"rttpg_comment":0,"rttpg_category":"<a href=\"https:\/\/imagazine.it\/home_desk\/category\/attualita\/\" rel=\"category tag\">ATTUALIT\u00c0<\/a>","rttpg_excerpt":"La conferma del vicegovernatore Riccardi","_links":{"self":[{"href":"https:\/\/imagazine.it\/home_desk\/wp-json\/wp\/v2\/posts\/34955","targetHints":{"allow":["GET"]}}],"collection":[{"href":"https:\/\/imagazine.it\/home_desk\/wp-json\/wp\/v2\/posts"}],"about":[{"href":"https:\/\/imagazine.it\/home_desk\/wp-json\/wp\/v2\/types\/post"}],"author":[{"embeddable":true,"href":"https:\/\/imagazine.it\/home_desk\/wp-json\/wp\/v2\/users\/28"}],"replies":[{"embeddable":true,"href":"https:\/\/imagazine.it\/home_desk\/wp-json\/wp\/v2\/comments?post=34955"}],"version-history":[{"count":0,"href":"https:\/\/imagazine.it\/home_desk\/wp-json\/wp\/v2\/posts\/34955\/revisions"}],"wp:featuredmedia":[{"embeddable":true,"href":"https:\/\/imagazine.it\/home_desk\/wp-json\/wp\/v2\/media\/34956"}],"wp:attachment":[{"href":"https:\/\/imagazine.it\/home_desk\/wp-json\/wp\/v2\/media?parent=34955"}],"wp:term":[{"taxonomy":"category","embeddable":true,"href":"https:\/\/imagazine.it\/home_desk\/wp-json\/wp\/v2\/categories?post=34955"},{"taxonomy":"post_tag","embeddable":true,"href":"https:\/\/imagazine.it\/home_desk\/wp-json\/wp\/v2\/tags?post=34955"}],"curies":[{"name":"wp","href":"https:\/\/api.w.org\/{rel}","templated":true}]}}