{"id":34953,"date":"2020-11-05T00:00:00","date_gmt":"2020-11-04T23:00:00","guid":{"rendered":"https:\/\/imagazine.it\/?p=34953"},"modified":"2020-11-05T00:00:00","modified_gmt":"2020-11-04T23:00:00","slug":"cervignano-altri-mille-euro-per-la-ricerca-contro-la-sla","status":"publish","type":"post","link":"https:\/\/imagazine.it\/home_desk\/cervignano-altri-mille-euro-per-la-ricerca-contro-la-sla\/","title":{"rendered":"Cervignano, altri mille euro per la ricerca contro la SLA"},"content":{"rendered":"<p>Prosegue l\u2019attivit\u00e0 dell\u2019Associazione Progetto Futuro di Cervignano che, dopo aver organizzato durante\u00a0il lockdown della scorsa primavera\u00a0la raccolta alimentare \u201cDiamoci una mano\u201d a sostegno delle persone che in quel periodo si trovavano in difficolt\u00e0, ha continuato la sua attivit\u00e0 portando a termine, seppur in forma ridotta causa le restrizioni di legge, \u201cUniti contro la SLA\u201d, arrivata alla sesta edizione.\u00a0<\/p>\n<p>Dopo un primo periodo di incertezze, la proposta di collaborazione \u00e8 arrivata dal gruppo Bach Sheep Garage in occasione dell\u2019evento LowLevel 8.0 svoltosi\u00a0nel centro commerciale Citt\u00e0 Fiera di Udine, venuto a conoscenza dell\u2019iniziativa leggendo i vari post che sono stati\u00a0pubblicati sulla pagina dell\u2019associazione e sul gruppo FB Cervignanesi Reloaded; durante l\u2019evento \u00e8 stato organizzato un banchetto per la raccolta fondi.<\/p>\n<p>\u201cAbbiamo accolto con entusiasmo la proposta di questi ragazzi, per noi inusuale dal momento che proviene dal mondo dei motori. Questo significa che le sinergie e le collaborazioni possono giungere anche da realt\u00e0 molto differenti da quelle con cui si \u00e8 abituati a operare, quando lo scopo \u00e8 la solidariet\u00e0\u201d, afferma <strong>Luca Furios<\/strong>, presidente di Progetto Futuro.<\/p>\n<p>Successivamente sono arrivate all\u2019associazione richieste di partecipazione da parte di alcuni esercizi commerciali della zona che hanno manifestato il desiderio di contribuire alla raccolta fondi a favore dei malati di SLA posizionando delle cassettine presso le loro attivit\u00e0. \u201cLa dimostrazione di affetto e solidariet\u00e0 che i cittadini e le attivit\u00e0 commerciali hanno manifestato\u00a0in questo periodo di difficolt\u00e0 e stato per noi appagante e motivo di gioia, ed \u00e8 segno evidente che il nostro operato arriva al cuore delle persone\u201d, aggiunge <strong>Sandro Ciulla<\/strong>, vice presidente del sodalizio. L\u2019associazione infatti ha raccolto la somma di mille euro che verr\u00e0\u00a0devoluta alla sezione di Udine di AISLA FVG, a sostegno dei gruppi di mutuo aiuto.<\/p>\n<p>Tra le varie attivit\u00e0 di Progetto Futuro da sottolineare la collaborazione con Cervignano Nostra per la rassegna LibrOsteria e l\u2019assemblea annuale dei soci svoltasi lo scorso settembre che comprendeva, oltre al rinnovo del direttivo dell\u2019associazione, anche le modifiche dello statuto previste dalle normative del terzo settore.\u00a0\u00a0\u201cAbbiamo cercato in tutti i modi &#8211;\u00a0spiega <strong>Massimo Pagani<\/strong>, referente per la cultura &#8211;\u00a0di non fermare mai i motori della nostra associazione e, anche con le difficolt\u00e0 del momento, siamo stati presenti per dare il nostro supporto alla comunit\u00e0\u201d.\u00a0<\/p>\n<p><a href=\"http:\/\/imagazinevideotruck.it\/outlet\/relink_euro.html\" target=\"_top\" rel=\"noopener\"><img loading=\"lazy\" decoding=\"async\" align=\"LEFT\" height=\"250\" src=\"http:\/\/imagazinevideotruck.it\/outlet\/euromobili_banner_art.jpg\" width=\"300\" alt=\"\" title=\"\"><\/a><\/p>\n<p>\u00a0<\/p>\n<p>\u00a0<\/p>\n<p>\u00a0<\/p>\n<p>\u00a0<\/p>\n<p>\u00a0<\/p>\n<p>\u00a0<\/p>\n<p>\u00a0<\/p>\n<p>\u00a0<\/p>\n<p>\u00a0<\/p>\n<p>Fanno parte del nuovo direttivo, oltre al rieletto presidente Luca Furios, al neo vicepresidente Sandro Ciulla e a Massimo Pagani, referente per la cultura, anche le consigliere <strong>Lucia Nussio<\/strong> e <strong>Ljiljana Damjanovic<\/strong>, referenti per il sociale, la tesoriera <strong>Cristina Brighi<\/strong> e <strong>Sara Castrovinci<\/strong> alle relazioni con il pubblico.<\/p>\n","protected":false},"excerpt":{"rendered":"<p>Grazie anche alla solidariet\u00e0 delle attivit\u00e0 commerciali<\/p>\n","protected":false},"author":28,"featured_media":34954,"comment_status":"closed","ping_status":"closed","sticky":false,"template":"","format":"standard","meta":{"dwc-title":[],"dwc-content":[],"footnotes":""},"categories":[5],"tags":[],"class_list":["post-34953","post","type-post","status-publish","format-standard","has-post-thumbnail","hentry","category-attualita"],"rttpg_featured_image_url":{"full":["https:\/\/imagazine.it\/wp-content\/uploads\/2024\/01\/36832-1.webp",900,593,false],"landscape":["https:\/\/imagazine.it\/wp-content\/uploads\/2024\/01\/36832-1.webp",900,593,false],"portraits":["https:\/\/imagazine.it\/wp-content\/uploads\/2024\/01\/36832-1.webp",900,593,false],"thumbnail":["https:\/\/imagazine.it\/wp-content\/uploads\/2024\/01\/36832-1-150x150.webp",150,150,true],"medium":["https:\/\/imagazine.it\/wp-content\/uploads\/2024\/01\/36832-1-300x198.webp",300,198,true],"large":["https:\/\/imagazine.it\/wp-content\/uploads\/2024\/01\/36832-1.webp",640,422,false],"thumblist":["https:\/\/imagazine.it\/wp-content\/uploads\/2024\/01\/36832-1.webp",300,198,false],"thumbrelated":["https:\/\/imagazine.it\/wp-content\/uploads\/2024\/01\/36832-1.webp",500,329,false],"meccarouselthumb":["https:\/\/imagazine.it\/wp-content\/uploads\/2024\/01\/36832-1.webp",474,312,false],"gridsquare":["https:\/\/imagazine.it\/wp-content\/uploads\/2024\/01\/36832-1.webp",391,258,false],"tileview":["https:\/\/imagazine.it\/wp-content\/uploads\/2024\/01\/36832-1.webp",300,198,false],"1536x1536":["https:\/\/imagazine.it\/wp-content\/uploads\/2024\/01\/36832-1.webp",900,593,false],"2048x2048":["https:\/\/imagazine.it\/wp-content\/uploads\/2024\/01\/36832-1.webp",900,593,false],"newsup-slider-full":["https:\/\/imagazine.it\/wp-content\/uploads\/2024\/01\/36832-1.webp",900,593,false],"newsup-featured":["https:\/\/imagazine.it\/wp-content\/uploads\/2024\/01\/36832-1.webp",900,593,false],"newsup-medium":["https:\/\/imagazine.it\/wp-content\/uploads\/2024\/01\/36832-1-720x380.webp",720,380,true],"tptn_thumbnail":["https:\/\/imagazine.it\/wp-content\/uploads\/2024\/01\/36832-1.webp",250,165,false],"sow-carousel-default":["https:\/\/imagazine.it\/wp-content\/uploads\/2024\/01\/36832-1-272x182.webp",272,182,true]},"rttpg_author":{"display_name":"redazione","author_link":"https:\/\/imagazine.it\/home_desk\/author\/redazione\/"},"rttpg_comment":0,"rttpg_category":"<a href=\"https:\/\/imagazine.it\/home_desk\/category\/attualita\/\" rel=\"category tag\">ATTUALIT\u00c0<\/a>","rttpg_excerpt":"Grazie anche alla solidariet\u00e0 delle attivit\u00e0 commerciali","_links":{"self":[{"href":"https:\/\/imagazine.it\/home_desk\/wp-json\/wp\/v2\/posts\/34953","targetHints":{"allow":["GET"]}}],"collection":[{"href":"https:\/\/imagazine.it\/home_desk\/wp-json\/wp\/v2\/posts"}],"about":[{"href":"https:\/\/imagazine.it\/home_desk\/wp-json\/wp\/v2\/types\/post"}],"author":[{"embeddable":true,"href":"https:\/\/imagazine.it\/home_desk\/wp-json\/wp\/v2\/users\/28"}],"replies":[{"embeddable":true,"href":"https:\/\/imagazine.it\/home_desk\/wp-json\/wp\/v2\/comments?post=34953"}],"version-history":[{"count":0,"href":"https:\/\/imagazine.it\/home_desk\/wp-json\/wp\/v2\/posts\/34953\/revisions"}],"wp:featuredmedia":[{"embeddable":true,"href":"https:\/\/imagazine.it\/home_desk\/wp-json\/wp\/v2\/media\/34954"}],"wp:attachment":[{"href":"https:\/\/imagazine.it\/home_desk\/wp-json\/wp\/v2\/media?parent=34953"}],"wp:term":[{"taxonomy":"category","embeddable":true,"href":"https:\/\/imagazine.it\/home_desk\/wp-json\/wp\/v2\/categories?post=34953"},{"taxonomy":"post_tag","embeddable":true,"href":"https:\/\/imagazine.it\/home_desk\/wp-json\/wp\/v2\/tags?post=34953"}],"curies":[{"name":"wp","href":"https:\/\/api.w.org\/{rel}","templated":true}]}}