{"id":34937,"date":"2020-11-04T00:00:00","date_gmt":"2020-11-03T23:00:00","guid":{"rendered":"https:\/\/imagazine.it\/?p=34937"},"modified":"2020-11-04T00:00:00","modified_gmt":"2020-11-03T23:00:00","slug":"cividale-iniziato-il-restauro-della-fontana-di-piazza-paolo-diacono","status":"publish","type":"post","link":"https:\/\/imagazine.it\/home_desk\/cividale-iniziato-il-restauro-della-fontana-di-piazza-paolo-diacono\/","title":{"rendered":"Cividale, iniziato il restauro della fontana di Piazza Paolo Diacono"},"content":{"rendered":"<p>Allestito a Cividale del Friuli il cantiere di <strong>restauro conservativo della<\/strong> <strong>fontana di piazza Paolo Diacono<\/strong>.<\/p>\n<p>\u201cLa statua di Diana e la sottostante vasca \u2013 spiega l\u2019assessore ai lavori pubblici, <strong>Giuseppe Ruolo<\/strong> \u2013 erano gi\u00e0 state oggetto di un\u2019opera di valorizzazione grazie alla realizzazione di un\u2019illuminazione ad hoc finanziata dal nostro concittadino Claudio Zanuttigh. Ora, grazie ai fondi di bilancio messi in campo dall\u2019amministrazione, ai quali si vanno a sommare quelli donati dal Lions Club\u00a0Cividale del Friuli \u2013 Manzano, il simbolo della piazza trover\u00e0 una definitiva riqualificazione che le dar\u00e0 un rinnovato aspetto; questa operazione si va a sommare a quanto gi\u00e0 fatto in precedenza con gli interventi sul Monumento di Piazza della Resistenza ed il Pennone di Piazza Duomo\u201d.<\/p>\n<p><a href=\"http:\/\/imagazinevideotruck.it\/outlet\/relink_euro.html\" target=\"_top\" rel=\"noopener\"><img loading=\"lazy\" decoding=\"async\" align=\"LEFT\" height=\"250\" src=\"http:\/\/imagazinevideotruck.it\/outlet\/euromobili_banner_art.jpg\" width=\"300\" alt=\"\" title=\"\"><\/a><\/p>\n<p>\u00a0<\/p>\n<p>\u00a0<\/p>\n<p>\u00a0<\/p>\n<p>\u00a0<\/p>\n<p>\u00a0<\/p>\n<p>\u00a0<\/p>\n<p>\u00a0<\/p>\n<p>\u00a0<\/p>\n<p>\u00a0<\/p>\n<p>Sempre in questi giorni si proceder\u00e0 al posizionamento di <strong>varchi antisfondamento<\/strong> in Largo Boiani e in Borgo di Ponte. \u201cSi tratta di strutture \u2013 illustra il sindaco<strong> Daniela Bernardi<\/strong> \u2013 che, una volta aperte in tutta la loro larghezza, creeranno un\u2019isola pedonale pi\u00f9 sicura per i cittadini nelle giornate festive e, da chiuse, saranno utili anche nei giorni feriali per rallentare il traffico veicolare in quanto le auto dovranno superare i varchi a velocit\u00e0 ridotta. Garantendo in ogni caso il passaggio per i residenti e per i mezzi di soccorso, esse rappresentano sicuramente una miglioria rispetto alle classiche transenne installate e tolte all\u2019occorrenza. Alla stregua di altre importanti realt\u00e0 turistiche, le strutture saranno abbellite con composizioni floreali adatte alle varie stagione che le renderanno pi\u00f9 gradevoli all\u2019interno del contesto urbano\u201d.<\/p>\n","protected":false},"excerpt":{"rendered":"<p>Al via l&#8217;intervento conservativo<\/p>\n","protected":false},"author":28,"featured_media":34938,"comment_status":"closed","ping_status":"closed","sticky":false,"template":"","format":"standard","meta":{"dwc-title":[],"dwc-content":[],"footnotes":""},"categories":[5],"tags":[],"class_list":["post-34937","post","type-post","status-publish","format-standard","has-post-thumbnail","hentry","category-attualita"],"rttpg_featured_image_url":{"full":["https:\/\/imagazine.it\/wp-content\/uploads\/2024\/01\/36819-1.webp",1000,782,false],"landscape":["https:\/\/imagazine.it\/wp-content\/uploads\/2024\/01\/36819-1.webp",1000,782,false],"portraits":["https:\/\/imagazine.it\/wp-content\/uploads\/2024\/01\/36819-1.webp",1000,782,false],"thumbnail":["https:\/\/imagazine.it\/wp-content\/uploads\/2024\/01\/36819-1-150x150.webp",150,150,true],"medium":["https:\/\/imagazine.it\/wp-content\/uploads\/2024\/01\/36819-1-300x235.webp",300,235,true],"large":["https:\/\/imagazine.it\/wp-content\/uploads\/2024\/01\/36819-1.webp",640,500,false],"thumblist":["https:\/\/imagazine.it\/wp-content\/uploads\/2024\/01\/36819-1.webp",300,235,false],"thumbrelated":["https:\/\/imagazine.it\/wp-content\/uploads\/2024\/01\/36819-1.webp",500,391,false],"meccarouselthumb":["https:\/\/imagazine.it\/wp-content\/uploads\/2024\/01\/36819-1.webp",414,324,false],"gridsquare":["https:\/\/imagazine.it\/wp-content\/uploads\/2024\/01\/36819-1.webp",332,260,false],"tileview":["https:\/\/imagazine.it\/wp-content\/uploads\/2024\/01\/36819-1.webp",300,235,false],"1536x1536":["https:\/\/imagazine.it\/wp-content\/uploads\/2024\/01\/36819-1.webp",1000,782,false],"2048x2048":["https:\/\/imagazine.it\/wp-content\/uploads\/2024\/01\/36819-1.webp",1000,782,false],"newsup-slider-full":["https:\/\/imagazine.it\/wp-content\/uploads\/2024\/01\/36819-1-1000x720.webp",1000,720,true],"newsup-featured":["https:\/\/imagazine.it\/wp-content\/uploads\/2024\/01\/36819-1.webp",1000,782,false],"newsup-medium":["https:\/\/imagazine.it\/wp-content\/uploads\/2024\/01\/36819-1-720x380.webp",720,380,true],"tptn_thumbnail":["https:\/\/imagazine.it\/wp-content\/uploads\/2024\/01\/36819-1.webp",250,196,false],"sow-carousel-default":["https:\/\/imagazine.it\/wp-content\/uploads\/2024\/01\/36819-1-272x182.webp",272,182,true]},"rttpg_author":{"display_name":"redazione","author_link":"https:\/\/imagazine.it\/home_desk\/author\/redazione\/"},"rttpg_comment":0,"rttpg_category":"<a href=\"https:\/\/imagazine.it\/home_desk\/category\/attualita\/\" rel=\"category tag\">ATTUALIT\u00c0<\/a>","rttpg_excerpt":"Al via l'intervento conservativo","_links":{"self":[{"href":"https:\/\/imagazine.it\/home_desk\/wp-json\/wp\/v2\/posts\/34937","targetHints":{"allow":["GET"]}}],"collection":[{"href":"https:\/\/imagazine.it\/home_desk\/wp-json\/wp\/v2\/posts"}],"about":[{"href":"https:\/\/imagazine.it\/home_desk\/wp-json\/wp\/v2\/types\/post"}],"author":[{"embeddable":true,"href":"https:\/\/imagazine.it\/home_desk\/wp-json\/wp\/v2\/users\/28"}],"replies":[{"embeddable":true,"href":"https:\/\/imagazine.it\/home_desk\/wp-json\/wp\/v2\/comments?post=34937"}],"version-history":[{"count":0,"href":"https:\/\/imagazine.it\/home_desk\/wp-json\/wp\/v2\/posts\/34937\/revisions"}],"wp:featuredmedia":[{"embeddable":true,"href":"https:\/\/imagazine.it\/home_desk\/wp-json\/wp\/v2\/media\/34938"}],"wp:attachment":[{"href":"https:\/\/imagazine.it\/home_desk\/wp-json\/wp\/v2\/media?parent=34937"}],"wp:term":[{"taxonomy":"category","embeddable":true,"href":"https:\/\/imagazine.it\/home_desk\/wp-json\/wp\/v2\/categories?post=34937"},{"taxonomy":"post_tag","embeddable":true,"href":"https:\/\/imagazine.it\/home_desk\/wp-json\/wp\/v2\/tags?post=34937"}],"curies":[{"name":"wp","href":"https:\/\/api.w.org\/{rel}","templated":true}]}}