{"id":34935,"date":"2020-11-04T00:00:00","date_gmt":"2020-11-03T23:00:00","guid":{"rendered":"https:\/\/imagazine.it\/?p=34935"},"modified":"2020-11-04T00:00:00","modified_gmt":"2020-11-03T23:00:00","slug":"individuazione-precoce-dei-disturbi-dellapprendimento-al-via-il-progetto-regionale","status":"publish","type":"post","link":"https:\/\/imagazine.it\/home_desk\/individuazione-precoce-dei-disturbi-dellapprendimento-al-via-il-progetto-regionale\/","title":{"rendered":"Individuazione precoce dei disturbi dell&#8217;apprendimento, al via il progetto regionale"},"content":{"rendered":"<p>Individuazione precoce del disturbo. Interventi mirati con programmi e strumenti dedicati sin dai primi anni delle primarie, con una didattica su misura che consenta di colmare il gap di apprendimento. Misure innovative che si accompagnano a una formazione specializzata per gli insegnanti. Sono i punti chiave del progetto \u201cIdentificazione precoce degli alunni con sospetto disturbo specifico dell\u2019apprendimento\u201d, finalizzato all\u2019individuazione degli alunni con difficolt\u00e0 scolastiche e all\u2019effettuazione di azioni ad hoc per i bambini ritenuti a rischio di sviluppare un disturbo specifico dell\u2019apprendimento (Dsa), che partir\u00e0 in Friuli Venezia Giulia gioved\u00ec 5 novembre.<\/p>\n<p>Il progetto, che si svilupper\u00e0 nel corso degli anni scolastici 2020-2021 e 2021-2022, \u00e8 stato promosso grazie alla collaborazione tra Regione \u2013 con l\u2019assessore\u00a0al lavoro, formazione, istruzione, ricerca, universit\u00e0 e famiglia, Alessia Rosolen \u2013 Irccs Materno Infantile \u201cBurlo Garofolo\u201d (Struttura Complessa di Neuropsichiatria Infantile) e Ufficio Scolastico Regionale per il Friuli Venezia Giulia, Istituto Comprensivo \u201cRoiano Gretta\u201d:\u00a0\u00abRingrazio tutti gli attori in gioco per aver dato vita a questo importante progetto dedicato agli alunni con deficit di apprendimento\u00bb, dichiara il vicepresidente del FVG, <strong>Riccardo\u00a0Riccardi<\/strong>.<\/p>\n<p>Le fasi del progetto prevedono un\u2019attivit\u00e0 di formazione, online, rivolta ai docenti delle scuole che hanno aderito al progetto sulla tematica dei Dsa e sull\u2019intervento di screening e potenziamento.<\/p>\n<p>L\u2019offerta formativa sar\u00e0 proposta a distanza (video-pillole formative sulle tematiche dei Dsa), a cura dei professionisti dell\u2019Irccs \u201cBurlo Garofolo\u201d, dell\u2019Universit\u00e0 degli Studi di Udine, dell\u2019Ufficio Scolastico Regionale e della casa editrice Anastasis che proporr\u00e0 una parte laboratoriale sui programmi che utilizzeranno applicazioni scaricabili da smartphone o tablet.<\/p>\n<p>Il progetto permette lo svolgimento dello screening e del potenziamento in un ambiente ecologico come quello scolastico e il monitoraggio tramite via telematica per rendere il trattamento personalizzato e specifico.<\/p>\n<p><a href=\"http:\/\/imagazinevideotruck.it\/outlet\/relink_euro.html\" target=\"_top\" rel=\"noopener\"><img loading=\"lazy\" decoding=\"async\" align=\"LEFT\" height=\"250\" src=\"http:\/\/imagazinevideotruck.it\/outlet\/euromobili_banner_art.jpg\" width=\"300\" alt=\"\" title=\"\"><\/a><\/p>\n<p>\u00a0<\/p>\n<p>\u00a0<\/p>\n<p>\u00a0<\/p>\n<p>\u00a0<\/p>\n<p>\u00a0<\/p>\n<p>\u00a0<\/p>\n<p>\u00a0<\/p>\n<p>\u00a0<\/p>\n<p>\u00a0<\/p>\n<p>\u00abMai come in quest\u2019anno scolastico \u2013 sottolinea il direttore generale del Burlo, <strong>Stefano Dorbol\u00f2<\/strong> \u2013 il progetto risulta fondamentale, viste le misure per il contrasto e il contenimento della diffusione del virus Covid-19. L\u2019esperienza della didattica online, acquisita dagli insegnanti e dagli alunni nel periodo del lockdown, faciliter\u00e0 la realizzazione del progetto. Il nostro istituto \u00e8 da anni impegnato nel supportare bambini e ragazzi ad affrontare e superare i disturbi dell\u2019apprendimento. La finalit\u00e0 del progetto vuole essere quella di intercettare il prima possibile una difficolt\u00e0 che potrebbe compromettere lo sviluppo della personalit\u00e0 e l\u2019adattamento sociale di questi alunni, lavorando su interventi didattici mirati e compensativi, in modo da consentire loro di avere un percorso scolastico e di vita sereno\u00bb.<\/p>\n<p>Gioved\u00ec 5 novembre si svolger\u00e0 il primo dei sei webinar di formazione a favore dei docenti e dei dirigenti delle 42 scuole della Regione Friuli Venezia Giulia che parteciperanno al progetto.<\/p>\n<p>Saranno presenti proprio l\u2019assessore <strong>Rosolen<\/strong>, il direttore generale del Burlo, Dorbol\u00f2, oltre al direttore generale dell\u2019Ufficio Scolastico Regionale, <strong>Daniela Beltrame<\/strong>. Moderer\u00e0 l\u2019incontro <strong>Giovanna Berizzi<\/strong>, referente Inclusione-Sostegno alla persona e alla partecipazione studentesca dell\u2019Ufficio Scolastico Regionale FVG, che ha coordinato il progetto dell\u2019offerta formativa, in sinergia con <strong>Isabella Lonciari<\/strong> e <strong>Maura Bin<\/strong>, dirigenti psicologhe presso la Struttura complessa di Neuropsichiatria Infantile del Burlo.<\/p>\n<p>\u00ab\u00c8 un progetto strategico \u2013 chiarisce il direttore generale, Daniela Beltrame \u2013 che intende, attraverso una formazione mirata, favorire la sinergia tra insegnanti e psicologi nel processo di individuazione e gestione delle difficolt\u00e0 scolastiche e\/o dei disturbi specifici dell\u2019apprendimento. La sperimentazione dell\u2019integrazione tra le diverse competenze professionali ha l\u2019obiettivo di validare un modello di azione che possa avere una ricaduta estesa a tutte le scuole del territorio regionale\u00bb.<\/p>\n<p>\u00abGi\u00e0 dall\u2019inizio della legislatura \u2013 sottolinea l\u2019assessore Alessia Rosolen \u2013 avevamo deciso di investire su progetti specifici per bambini con difficolt\u00e0 di apprendimento o impossibilitati a seguire le lezioni a scuola, perch\u00e9 costretti a stare a casa o in ospedale. La pandemia ha inevitabilmente amplificato alcune criticit\u00e0 e ci costringe a valutare quotidianamente innovative forme di didattica. Complessivamente, il budget assegnato al progetto Dsa di 90 mila euro, di cui 40 mila euro di fondi regionali. Ci abbiamo creduto dall\u2019inizio e adesso, a maggior ragione, ribadiamo la nostra totale adesione a un percorso che pu\u00f2 letteralmente cambiare la vita di alcuni bambini. Alcuni disturbi, se intercettati in tempo, possono essere risolti e superati e il bambino pu\u00f2 intraprendere un percorso di crescita pi\u00f9 sereno\u00bb.<\/p>\n","protected":false},"excerpt":{"rendered":"<p>Il 5 novembre il primo webinar<\/p>\n","protected":false},"author":28,"featured_media":34936,"comment_status":"closed","ping_status":"closed","sticky":false,"template":"","format":"standard","meta":{"dwc-title":[],"dwc-content":[],"footnotes":""},"categories":[6],"tags":[],"class_list":["post-34935","post","type-post","status-publish","format-standard","has-post-thumbnail","hentry","category-societa"],"rttpg_featured_image_url":{"full":["https:\/\/imagazine.it\/wp-content\/uploads\/2024\/01\/36818-1.webp",1280,853,false],"landscape":["https:\/\/imagazine.it\/wp-content\/uploads\/2024\/01\/36818-1.webp",1280,853,false],"portraits":["https:\/\/imagazine.it\/wp-content\/uploads\/2024\/01\/36818-1.webp",1280,853,false],"thumbnail":["https:\/\/imagazine.it\/wp-content\/uploads\/2024\/01\/36818-1-150x150.webp",150,150,true],"medium":["https:\/\/imagazine.it\/wp-content\/uploads\/2024\/01\/36818-1-300x200.webp",300,200,true],"large":["https:\/\/imagazine.it\/wp-content\/uploads\/2024\/01\/36818-1-1024x682.webp",640,426,true],"thumblist":["https:\/\/imagazine.it\/wp-content\/uploads\/2024\/01\/36818-1.webp",300,200,false],"thumbrelated":["https:\/\/imagazine.it\/wp-content\/uploads\/2024\/01\/36818-1.webp",500,333,false],"meccarouselthumb":["https:\/\/imagazine.it\/wp-content\/uploads\/2024\/01\/36818-1.webp",474,316,false],"gridsquare":["https:\/\/imagazine.it\/wp-content\/uploads\/2024\/01\/36818-1.webp",391,260,false],"tileview":["https:\/\/imagazine.it\/wp-content\/uploads\/2024\/01\/36818-1.webp",300,200,false],"1536x1536":["https:\/\/imagazine.it\/wp-content\/uploads\/2024\/01\/36818-1.webp",1280,853,false],"2048x2048":["https:\/\/imagazine.it\/wp-content\/uploads\/2024\/01\/36818-1.webp",1280,853,false],"newsup-slider-full":["https:\/\/imagazine.it\/wp-content\/uploads\/2024\/01\/36818-1-1280x720.webp",1280,720,true],"newsup-featured":["https:\/\/imagazine.it\/wp-content\/uploads\/2024\/01\/36818-1-1024x682.webp",1024,682,true],"newsup-medium":["https:\/\/imagazine.it\/wp-content\/uploads\/2024\/01\/36818-1-720x380.webp",720,380,true],"tptn_thumbnail":["https:\/\/imagazine.it\/wp-content\/uploads\/2024\/01\/36818-1.webp",250,167,false],"sow-carousel-default":["https:\/\/imagazine.it\/wp-content\/uploads\/2024\/01\/36818-1-272x182.webp",272,182,true]},"rttpg_author":{"display_name":"redazione","author_link":"https:\/\/imagazine.it\/home_desk\/author\/redazione\/"},"rttpg_comment":0,"rttpg_category":"<a href=\"https:\/\/imagazine.it\/home_desk\/category\/societa\/\" rel=\"category tag\">SOCIET\u00c0<\/a>","rttpg_excerpt":"Il 5 novembre il primo webinar","_links":{"self":[{"href":"https:\/\/imagazine.it\/home_desk\/wp-json\/wp\/v2\/posts\/34935","targetHints":{"allow":["GET"]}}],"collection":[{"href":"https:\/\/imagazine.it\/home_desk\/wp-json\/wp\/v2\/posts"}],"about":[{"href":"https:\/\/imagazine.it\/home_desk\/wp-json\/wp\/v2\/types\/post"}],"author":[{"embeddable":true,"href":"https:\/\/imagazine.it\/home_desk\/wp-json\/wp\/v2\/users\/28"}],"replies":[{"embeddable":true,"href":"https:\/\/imagazine.it\/home_desk\/wp-json\/wp\/v2\/comments?post=34935"}],"version-history":[{"count":0,"href":"https:\/\/imagazine.it\/home_desk\/wp-json\/wp\/v2\/posts\/34935\/revisions"}],"wp:featuredmedia":[{"embeddable":true,"href":"https:\/\/imagazine.it\/home_desk\/wp-json\/wp\/v2\/media\/34936"}],"wp:attachment":[{"href":"https:\/\/imagazine.it\/home_desk\/wp-json\/wp\/v2\/media?parent=34935"}],"wp:term":[{"taxonomy":"category","embeddable":true,"href":"https:\/\/imagazine.it\/home_desk\/wp-json\/wp\/v2\/categories?post=34935"},{"taxonomy":"post_tag","embeddable":true,"href":"https:\/\/imagazine.it\/home_desk\/wp-json\/wp\/v2\/tags?post=34935"}],"curies":[{"name":"wp","href":"https:\/\/api.w.org\/{rel}","templated":true}]}}