{"id":34923,"date":"2020-11-03T00:00:00","date_gmt":"2020-11-02T23:00:00","guid":{"rendered":"https:\/\/imagazine.it\/?p=34923"},"modified":"2020-11-03T00:00:00","modified_gmt":"2020-11-02T23:00:00","slug":"guardare-oltre-grazie-alla-musica","status":"publish","type":"post","link":"https:\/\/imagazine.it\/home_desk\/guardare-oltre-grazie-alla-musica\/","title":{"rendered":"Guardare oltre, grazie alla musica"},"content":{"rendered":"<p>Uno slancio verso il futuro, per rilanciare una visione positiva dell\u2019avvenire. \u00c8 questo uno degli obiettivi della nuova iniziativa promossa dai musicisti friulani <strong>Serena Finatti<\/strong> e <strong>Andrea Varnier<\/strong>, con il coinvolgimento dei loro allievi.<\/p>\n<p>Un gruppo di studenti di canto, i Sing&#038;Feel, e alcuni di quelli di chitarra interpreteranno un brano scritto anni fa proprio da Serena Finatti: <em>Non c\u2019\u00e8 ragione<\/em>, arrangiato da Varnier in chiave rock metal.<\/p>\n<p>Nelle giornate di sabato 7 e domenica 8 novembre, verranno realizzate le registrazioni nello studio dei due musicisti, mentre le riprese video saranno effettuate tra Aquileia e Grado.<\/p>\n<p>\u00abIl brano \u2013 spiega Finatti \u2013 parla dell\u2019incapacit\u00e0 di \u201cguardare oltre e anche attraverso\u201d come se la memoria di ci\u00f2 che si \u00e8 vissuto, non bastasse per non rifare gli stessi errori, forse perch\u00e9, troppo spesso, eliminare ci\u00f2 che non si riesce a controllare \u00e8 la tentazione dominante. Il brano parla anche della voglia di capire, di comprendere, di scegliere come comportarci, basandoci prima di tutto sulla propria coscienza, perch\u00e9 \u201cnon c\u2019\u00e8 ragione al mondo che ci convinca che distruggere \u00e8 l\u2019unica scelta!\u201d\u00bb.<\/p>\n<p><a href=\"http:\/\/imagazinevideotruck.it\/outlet\/relink_euro.html\" target=\"_top\" rel=\"noopener\"><img loading=\"lazy\" decoding=\"async\" align=\"LEFT\" height=\"250\" src=\"http:\/\/imagazinevideotruck.it\/outlet\/euromobili_banner_art.jpg\" width=\"300\" alt=\"\" title=\"\"><\/a><\/p>\n<p>\u00a0<\/p>\n<p>\u00a0<\/p>\n<p>\u00a0<\/p>\n<p>\u00a0<\/p>\n<p>\u00a0<\/p>\n<p>\u00a0<\/p>\n<p>\u00a0<\/p>\n<p>\u00a0<\/p>\n<p>\u00a0<\/p>\n<p>Il videoclip verr\u00e0 pubblicato <u><a href=\"https:\/\/www.youtube.com\/user\/palka\" target=\"_blank\" rel=\"noopener\">sul canale YouTube di Andrea Varnier<\/a><\/u> gioved\u00ec 12 novembre. Questi i nomi dei protagonisti: <strong>Deborah Civita,<\/strong>\u00a0<strong>Elisa Perucci, Lorenzo Tosi, Marta Burba, Michela Poletto, Sofia Giraldi, Stefano Zorzutti e Vittoria Moscatelli<\/strong>.<\/p>\n<p>Le registrazioni audio e le riprese video si svolgeranno nel rispetto delle norme anti Covid-19.<\/p>\n","protected":false},"excerpt":{"rendered":"<p>\u201cNon c\u2019\u00e8 ragione\u201d<\/p>\n","protected":false},"author":28,"featured_media":34924,"comment_status":"closed","ping_status":"closed","sticky":false,"template":"","format":"standard","meta":{"dwc-title":[],"dwc-content":[],"footnotes":""},"categories":[37],"tags":[],"class_list":["post-34923","post","type-post","status-publish","format-standard","has-post-thumbnail","hentry","category-cultura-e-spettacolo"],"rttpg_featured_image_url":{"full":["https:\/\/imagazine.it\/wp-content\/uploads\/2024\/01\/36810-1.webp",782,609,false],"landscape":["https:\/\/imagazine.it\/wp-content\/uploads\/2024\/01\/36810-1.webp",782,609,false],"portraits":["https:\/\/imagazine.it\/wp-content\/uploads\/2024\/01\/36810-1.webp",782,609,false],"thumbnail":["https:\/\/imagazine.it\/wp-content\/uploads\/2024\/01\/36810-1-150x150.webp",150,150,true],"medium":["https:\/\/imagazine.it\/wp-content\/uploads\/2024\/01\/36810-1-300x234.webp",300,234,true],"large":["https:\/\/imagazine.it\/wp-content\/uploads\/2024\/01\/36810-1.webp",640,498,false],"thumblist":["https:\/\/imagazine.it\/wp-content\/uploads\/2024\/01\/36810-1.webp",300,234,false],"thumbrelated":["https:\/\/imagazine.it\/wp-content\/uploads\/2024\/01\/36810-1.webp",500,389,false],"meccarouselthumb":["https:\/\/imagazine.it\/wp-content\/uploads\/2024\/01\/36810-1.webp",416,324,false],"gridsquare":["https:\/\/imagazine.it\/wp-content\/uploads\/2024\/01\/36810-1.webp",334,260,false],"tileview":["https:\/\/imagazine.it\/wp-content\/uploads\/2024\/01\/36810-1.webp",300,234,false],"1536x1536":["https:\/\/imagazine.it\/wp-content\/uploads\/2024\/01\/36810-1.webp",782,609,false],"2048x2048":["https:\/\/imagazine.it\/wp-content\/uploads\/2024\/01\/36810-1.webp",782,609,false],"newsup-slider-full":["https:\/\/imagazine.it\/wp-content\/uploads\/2024\/01\/36810-1.webp",782,609,false],"newsup-featured":["https:\/\/imagazine.it\/wp-content\/uploads\/2024\/01\/36810-1.webp",782,609,false],"newsup-medium":["https:\/\/imagazine.it\/wp-content\/uploads\/2024\/01\/36810-1-720x380.webp",720,380,true],"tptn_thumbnail":["https:\/\/imagazine.it\/wp-content\/uploads\/2024\/01\/36810-1.webp",250,195,false],"sow-carousel-default":["https:\/\/imagazine.it\/wp-content\/uploads\/2024\/01\/36810-1-272x182.webp",272,182,true]},"rttpg_author":{"display_name":"redazione","author_link":"https:\/\/imagazine.it\/home_desk\/author\/redazione\/"},"rttpg_comment":0,"rttpg_category":"<a href=\"https:\/\/imagazine.it\/home_desk\/category\/cultura-e-spettacolo\/\" rel=\"category tag\">CULTURA&amp;SPETTACOLO<\/a>","rttpg_excerpt":"\u201cNon c\u2019\u00e8 ragione\u201d","_links":{"self":[{"href":"https:\/\/imagazine.it\/home_desk\/wp-json\/wp\/v2\/posts\/34923","targetHints":{"allow":["GET"]}}],"collection":[{"href":"https:\/\/imagazine.it\/home_desk\/wp-json\/wp\/v2\/posts"}],"about":[{"href":"https:\/\/imagazine.it\/home_desk\/wp-json\/wp\/v2\/types\/post"}],"author":[{"embeddable":true,"href":"https:\/\/imagazine.it\/home_desk\/wp-json\/wp\/v2\/users\/28"}],"replies":[{"embeddable":true,"href":"https:\/\/imagazine.it\/home_desk\/wp-json\/wp\/v2\/comments?post=34923"}],"version-history":[{"count":0,"href":"https:\/\/imagazine.it\/home_desk\/wp-json\/wp\/v2\/posts\/34923\/revisions"}],"wp:featuredmedia":[{"embeddable":true,"href":"https:\/\/imagazine.it\/home_desk\/wp-json\/wp\/v2\/media\/34924"}],"wp:attachment":[{"href":"https:\/\/imagazine.it\/home_desk\/wp-json\/wp\/v2\/media?parent=34923"}],"wp:term":[{"taxonomy":"category","embeddable":true,"href":"https:\/\/imagazine.it\/home_desk\/wp-json\/wp\/v2\/categories?post=34923"},{"taxonomy":"post_tag","embeddable":true,"href":"https:\/\/imagazine.it\/home_desk\/wp-json\/wp\/v2\/tags?post=34923"}],"curies":[{"name":"wp","href":"https:\/\/api.w.org\/{rel}","templated":true}]}}