{"id":34919,"date":"2020-11-02T00:00:00","date_gmt":"2020-11-01T23:00:00","guid":{"rendered":"https:\/\/imagazine.it\/?p=34919"},"modified":"2020-11-02T00:00:00","modified_gmt":"2020-11-01T23:00:00","slug":"coronavirus-il-fvg-destina-18-milioni-alle-categorie-economiche-piu-colpite","status":"publish","type":"post","link":"https:\/\/imagazine.it\/home_desk\/coronavirus-il-fvg-destina-18-milioni-alle-categorie-economiche-piu-colpite\/","title":{"rendered":"Coronavirus, il FVG destina 18 milioni alle categorie economiche pi\u00f9 colpite"},"content":{"rendered":"<p>Il Fondo emergenza da 18 milioni di euro introdotto con l&#39;assestamento di bilancio autunnale dalla Regione FVG sar\u00e0 utilizzato per erogare contributi a fondo perduto alle stesse categorie economiche penalizzate dall&#39;ultimo Dpcm nazionale.<\/p>\n<p>\u00c8 questo il criterio generale che l&#39;assessore regionale alle Attivit\u00e0 produttive, <strong>Sergio Emidio Bini<\/strong>, ha condiviso con i sindacati e con i rappresentanti delle categorie economiche nel corso di due incontri tenutisi nel pomeriggio con l&#39;obiettivo di definire le modalit\u00e0 di utilizzo del Fondo regionale.<\/p>\n<p>&#8220;Faremo tutti gli sforzi possibili per andare incontro alle categorie pi\u00f9 penalizzate sovrapponendoci ai codici Ateco del Dpcm Ristori e aggiungendo alcune categorie come, a titolo esemplificativo, le agenzie di viaggio e tour operator che non sono chiusi ma \u00e8 come se lo fossero&#8221;, ha spiegato Bini, aggiungendo che &#8220;il secondo obiettivo che ci siamo dati \u00e8 la velocit\u00e0 di erogazione: dobbiamo essere in grado di processare tutte le pratiche affinch\u00e9 entro met\u00e0 dicembre i contributi siano accreditati ai beneficiari&#8221;.<\/p>\n<p>Tra le categorie da ristorare Bini indica anche le imprese del mondo della cultura, ricreative, sportive, i cinema, noleggio attrezzature e spettacoli, trasporto privato.<\/p>\n<p>&#8220;Stiamo valutando in queste ore come integrare le categorie escluse dal Dpcm governativo rispetto al tessuto economico regionale, fermo restando che questo fondo andr\u00e0 a beneficio prevalente del settore terziario&#8221;, ha affermato Bini.<\/p>\n<p>Il meccanismo di accesso al contributo sar\u00e0 articolato in due modalit\u00e0: da un lato, un accredito una tantum diretto a tutti coloro che avevano gi\u00e0 fatto domanda sulla prima linea contributiva (34 milioni di euro licenziati a luglio); dall&#39;altro, la possibilit\u00e0 di accedere al ristoro ex novo per le partite Iva che non rientravano nel primo bando.<\/p>\n<p><a href=\"http:\/\/imagazinevideotruck.it\/outlet\/relink_euro.html\" target=\"_top\" rel=\"noopener\"><img loading=\"lazy\" decoding=\"async\" align=\"LEFT\" height=\"250\" src=\"http:\/\/imagazinevideotruck.it\/outlet\/euromobili_banner_art.jpg\" width=\"300\" alt=\"\" title=\"\"><\/a><\/p>\n<p>\u00a0<\/p>\n<p>\u00a0<\/p>\n<p>\u00a0<\/p>\n<p>\u00a0<\/p>\n<p>\u00a0<\/p>\n<p>\u00a0<\/p>\n<p>\u00a0<\/p>\n<p>\u00a0<\/p>\n<p>\u00a0<\/p>\n<p>Quanto alle modalit\u00e0 di domanda Bini ha garantito che sar\u00e0 improntata alla massima semplificazione, senza necessit\u00e0 di presentare alcun genere di documentazione se non un&#39;autocertificazione come gi\u00e0 avvenuto per la prima tranche dei ristori anti-crisi.\u00a0<\/p>\n<p>Relativamente all&#39;ammontare degli importi &#8220;non siamo ancora in grado di dare una determinazione specifica &#8211; ha affermato Bini -, ma intendiamo offrire cifre non troppo esigue, tali da dare una garanzia di tenuta alle attivit\u00e0 economiche che affrontano questa seconda ondata&#8221;.<\/p>\n<p>Bini ha inoltre concordato con i rappresentanti dei sindacati (<strong>Villiam Pezzetta<\/strong> per la Cgil, <strong>Franco Colautti<\/strong> per la Cisl, <strong>Giacinto Menis<\/strong> per la Uil) l&#39;istituzione di un Osservatorio con focus specifici per elaborare i dati oggettivi sull&#39;andamento della situazione economica, categoria per categoria, con incontri almeno quindicinali.<\/p>\n<p>&#8220;Ogni quindici giorni &#8211; ha dichiarato Bini &#8211; vorrei fare un punto della situazione e condividere l&#39;efficacia dei provvedimenti e l&#39;andamento della crisi&#8221;.<\/p>\n","protected":false},"excerpt":{"rendered":"<p>Intesa con le parti sociali, accrediti entro met\u00e0 dicembre<\/p>\n","protected":false},"author":28,"featured_media":34920,"comment_status":"closed","ping_status":"closed","sticky":false,"template":"","format":"standard","meta":{"dwc-title":[],"dwc-content":[],"footnotes":""},"categories":[5],"tags":[],"class_list":["post-34919","post","type-post","status-publish","format-standard","has-post-thumbnail","hentry","category-attualita"],"rttpg_featured_image_url":{"full":["https:\/\/imagazine.it\/wp-content\/uploads\/2024\/01\/36805-1.webp",1000,560,false],"landscape":["https:\/\/imagazine.it\/wp-content\/uploads\/2024\/01\/36805-1.webp",1000,560,false],"portraits":["https:\/\/imagazine.it\/wp-content\/uploads\/2024\/01\/36805-1.webp",1000,560,false],"thumbnail":["https:\/\/imagazine.it\/wp-content\/uploads\/2024\/01\/36805-1-150x150.webp",150,150,true],"medium":["https:\/\/imagazine.it\/wp-content\/uploads\/2024\/01\/36805-1-300x168.webp",300,168,true],"large":["https:\/\/imagazine.it\/wp-content\/uploads\/2024\/01\/36805-1.webp",640,358,false],"thumblist":["https:\/\/imagazine.it\/wp-content\/uploads\/2024\/01\/36805-1.webp",300,168,false],"thumbrelated":["https:\/\/imagazine.it\/wp-content\/uploads\/2024\/01\/36805-1.webp",500,280,false],"meccarouselthumb":["https:\/\/imagazine.it\/wp-content\/uploads\/2024\/01\/36805-1.webp",474,265,false],"gridsquare":["https:\/\/imagazine.it\/wp-content\/uploads\/2024\/01\/36805-1.webp",391,219,false],"tileview":["https:\/\/imagazine.it\/wp-content\/uploads\/2024\/01\/36805-1.webp",300,168,false],"1536x1536":["https:\/\/imagazine.it\/wp-content\/uploads\/2024\/01\/36805-1.webp",1000,560,false],"2048x2048":["https:\/\/imagazine.it\/wp-content\/uploads\/2024\/01\/36805-1.webp",1000,560,false],"newsup-slider-full":["https:\/\/imagazine.it\/wp-content\/uploads\/2024\/01\/36805-1.webp",1000,560,false],"newsup-featured":["https:\/\/imagazine.it\/wp-content\/uploads\/2024\/01\/36805-1.webp",1000,560,false],"newsup-medium":["https:\/\/imagazine.it\/wp-content\/uploads\/2024\/01\/36805-1-720x380.webp",720,380,true],"tptn_thumbnail":["https:\/\/imagazine.it\/wp-content\/uploads\/2024\/01\/36805-1.webp",250,140,false],"sow-carousel-default":["https:\/\/imagazine.it\/wp-content\/uploads\/2024\/01\/36805-1-272x182.webp",272,182,true]},"rttpg_author":{"display_name":"redazione","author_link":"https:\/\/imagazine.it\/home_desk\/author\/redazione\/"},"rttpg_comment":0,"rttpg_category":"<a href=\"https:\/\/imagazine.it\/home_desk\/category\/attualita\/\" rel=\"category tag\">ATTUALIT\u00c0<\/a>","rttpg_excerpt":"Intesa con le parti sociali, accrediti entro met\u00e0 dicembre","_links":{"self":[{"href":"https:\/\/imagazine.it\/home_desk\/wp-json\/wp\/v2\/posts\/34919","targetHints":{"allow":["GET"]}}],"collection":[{"href":"https:\/\/imagazine.it\/home_desk\/wp-json\/wp\/v2\/posts"}],"about":[{"href":"https:\/\/imagazine.it\/home_desk\/wp-json\/wp\/v2\/types\/post"}],"author":[{"embeddable":true,"href":"https:\/\/imagazine.it\/home_desk\/wp-json\/wp\/v2\/users\/28"}],"replies":[{"embeddable":true,"href":"https:\/\/imagazine.it\/home_desk\/wp-json\/wp\/v2\/comments?post=34919"}],"version-history":[{"count":0,"href":"https:\/\/imagazine.it\/home_desk\/wp-json\/wp\/v2\/posts\/34919\/revisions"}],"wp:featuredmedia":[{"embeddable":true,"href":"https:\/\/imagazine.it\/home_desk\/wp-json\/wp\/v2\/media\/34920"}],"wp:attachment":[{"href":"https:\/\/imagazine.it\/home_desk\/wp-json\/wp\/v2\/media?parent=34919"}],"wp:term":[{"taxonomy":"category","embeddable":true,"href":"https:\/\/imagazine.it\/home_desk\/wp-json\/wp\/v2\/categories?post=34919"},{"taxonomy":"post_tag","embeddable":true,"href":"https:\/\/imagazine.it\/home_desk\/wp-json\/wp\/v2\/tags?post=34919"}],"curies":[{"name":"wp","href":"https:\/\/api.w.org\/{rel}","templated":true}]}}