{"id":34904,"date":"2020-11-02T00:00:00","date_gmt":"2020-11-01T23:00:00","guid":{"rendered":"https:\/\/imagazine.it\/?p=34904"},"modified":"2020-11-02T00:00:00","modified_gmt":"2020-11-01T23:00:00","slug":"comera-la-vita-del-giovane-pasolini","status":"publish","type":"post","link":"https:\/\/imagazine.it\/home_desk\/comera-la-vita-del-giovane-pasolini\/","title":{"rendered":"Com&#8217;era la vita del giovane Pasolini?"},"content":{"rendered":"<p>Il 2 novembre 2020 ricorrono i 45 anni dalla morte all\u2019idroscalo di Ostia di Pier Paolo Pasolini.<\/p>\n<p>Per celebrare il poeta nel giorno dell\u2019anniversario uscir\u00e0 il documentario <strong><em>In un futuro aprile \u2013 Il giovane Pasolini<\/em><\/strong>, firmato da\u00a0<strong>Francesco Costabile<\/strong>\u00a0e\u00a0<strong>Federico Savonitto<\/strong> al cinema con la friulana\u00a0<strong>Tucker Film<\/strong>.\u00a0\u00a0<\/p>\n<p>Se Abel Ferrara, di Pasolini, aveva raccontato le ultime ore, Costabile e Savonitto raccontano l\u2019inizio, cio\u00e8 il Pasolini friulano. Il Pasolini dei\u00a0<em>temporali<\/em>\u00a0e delle\u00a0<em>primule<\/em>. Il Pasolini dell\u2019<em>Academiuta<\/em>.<\/p>\n<p>E assieme ai due registi lo racconta il cugino di PPP,\u00a0<strong>Nico Naldini<\/strong> (\u00abL&#39;arrivo dei Pasolini a Casarsa all&#39;inizio dell&#39;estate, dopo un soggiorno al mare, era per me il momento pi\u00f9 felice dell&#39;anno. Andavo alla stazione a prenderli, ad accoglierli e poi li accompagnavo a casa\u00bb).<\/p>\n<p>Durante gli anni Quaranta, Pasolini scopre il paesaggio friulano, la lingua e le tradizioni del mondo contadino e sperimenta le prime avventure amorose con alcuni giovani del posto. Il contatto con questa realt\u00e0 lo porta anche all\u2019impegno politico nel Partito Comunista e all\u2019esperienza dell\u2019insegnamento scolastico. La vita di Pasolini scorre attraverso la voce di Nico, svelando due percorsi di vita inevitabilmente connessi. Entrambi, in quel momento, assorbono la violenza estetica ed erotica di un mondo sconosciuto, che si svela nella sua cruda realt\u00e0: un universo che influenzer\u00e0 tutta la successiva opera pasoliniana\u2026<\/p>\n<p>\u00abL\u2019impianto registico \u2013 spiegano\u00a0<strong>Costabile<\/strong>\u00a0e\u00a0<strong>Savonitto<\/strong>\u00a0\u2013 cerca di ricostruire da un lato il racconto biografico dell\u2019artista, attraverso i documenti e la testimonianza di Nico Naldini, dall\u2019altro di rievocare la dimensione poetica dei suoi testi attraverso una partitura visiva, quasi musicale, che accompagna tutto il documentario. A questo proposito abbiamo adottato uno stile di regia piuttosto asciutto ed evocativo, per non cadere nel classico prodotto di ricostruzione storica da docu-fiction. Anzi il Friuli di oggi, il suo contrasto con il passato, \u00e8 protagonista di questo lavoro, come a testimonianza di ci\u00f2 che resta e di ci\u00f2 che \u00e8 andato irrimediabilmente perduto\u00bb.<\/p>\n<p><a href=\"http:\/\/imagazinevideotruck.it\/outlet\/relink.html\" target=\"_top\" rel=\"noopener\"><img loading=\"lazy\" decoding=\"async\" align=\"LEFT\" height=\"250\" src=\"http:\/\/imagazinevideotruck.it\/outlet\/outlet30.gif\" width=\"300\" alt=\"\" title=\"\"><\/a><\/p>\n<p>\u00a0<\/p>\n<p>\u00a0<\/p>\n<p>\u00a0<\/p>\n<p>\u00a0<\/p>\n<p>\u00a0<\/p>\n<p>\u00a0<\/p>\n<p>\u00a0<\/p>\n<p>\u00a0<\/p>\n<p>\u00a0<\/p>\n<p>Prodotto da\u00a0<strong>Altreforme<\/strong>\u00a0in associazione con il Centro Studi Pier Paolo Pasolini, Cinemazero, AAMOD, Kublai Film e con il sostegno di Fondo per l&#39;Audiovisivo FVG, FVG Film Commission, Fondazione Friuli,\u00a0<strong><em>In un futuro aprile \u2013 Il giovane Pasolini\u00a0<\/em><\/strong>ha debuttato\u00a0al\u00a0Minsk International Film Festival \u201cListapad\u201d ed \u00e8 stato presentato al Biografilm Festival.<\/p>\n","protected":false},"excerpt":{"rendered":"<p>&#8220;In un futuro aprile&#8221;<\/p>\n","protected":false},"author":28,"featured_media":34905,"comment_status":"closed","ping_status":"closed","sticky":false,"template":"","format":"standard","meta":{"dwc-title":[],"dwc-content":[],"footnotes":""},"categories":[37],"tags":[],"class_list":["post-34904","post","type-post","status-publish","format-standard","has-post-thumbnail","hentry","category-cultura-e-spettacolo"],"rttpg_featured_image_url":{"full":["https:\/\/imagazine.it\/wp-content\/uploads\/2024\/01\/36790-1.webp",1000,563,false],"landscape":["https:\/\/imagazine.it\/wp-content\/uploads\/2024\/01\/36790-1.webp",1000,563,false],"portraits":["https:\/\/imagazine.it\/wp-content\/uploads\/2024\/01\/36790-1.webp",1000,563,false],"thumbnail":["https:\/\/imagazine.it\/wp-content\/uploads\/2024\/01\/36790-1-150x150.webp",150,150,true],"medium":["https:\/\/imagazine.it\/wp-content\/uploads\/2024\/01\/36790-1-300x169.webp",300,169,true],"large":["https:\/\/imagazine.it\/wp-content\/uploads\/2024\/01\/36790-1.webp",640,360,false],"thumblist":["https:\/\/imagazine.it\/wp-content\/uploads\/2024\/01\/36790-1.webp",300,169,false],"thumbrelated":["https:\/\/imagazine.it\/wp-content\/uploads\/2024\/01\/36790-1.webp",500,282,false],"meccarouselthumb":["https:\/\/imagazine.it\/wp-content\/uploads\/2024\/01\/36790-1.webp",474,267,false],"gridsquare":["https:\/\/imagazine.it\/wp-content\/uploads\/2024\/01\/36790-1.webp",391,220,false],"tileview":["https:\/\/imagazine.it\/wp-content\/uploads\/2024\/01\/36790-1.webp",300,169,false],"1536x1536":["https:\/\/imagazine.it\/wp-content\/uploads\/2024\/01\/36790-1.webp",1000,563,false],"2048x2048":["https:\/\/imagazine.it\/wp-content\/uploads\/2024\/01\/36790-1.webp",1000,563,false],"newsup-slider-full":["https:\/\/imagazine.it\/wp-content\/uploads\/2024\/01\/36790-1.webp",1000,563,false],"newsup-featured":["https:\/\/imagazine.it\/wp-content\/uploads\/2024\/01\/36790-1.webp",1000,563,false],"newsup-medium":["https:\/\/imagazine.it\/wp-content\/uploads\/2024\/01\/36790-1-720x380.webp",720,380,true],"tptn_thumbnail":["https:\/\/imagazine.it\/wp-content\/uploads\/2024\/01\/36790-1.webp",250,141,false],"sow-carousel-default":["https:\/\/imagazine.it\/wp-content\/uploads\/2024\/01\/36790-1-272x182.webp",272,182,true]},"rttpg_author":{"display_name":"redazione","author_link":"https:\/\/imagazine.it\/home_desk\/author\/redazione\/"},"rttpg_comment":0,"rttpg_category":"<a href=\"https:\/\/imagazine.it\/home_desk\/category\/cultura-e-spettacolo\/\" rel=\"category tag\">CULTURA&amp;SPETTACOLO<\/a>","rttpg_excerpt":"\"In un futuro aprile\"","_links":{"self":[{"href":"https:\/\/imagazine.it\/home_desk\/wp-json\/wp\/v2\/posts\/34904","targetHints":{"allow":["GET"]}}],"collection":[{"href":"https:\/\/imagazine.it\/home_desk\/wp-json\/wp\/v2\/posts"}],"about":[{"href":"https:\/\/imagazine.it\/home_desk\/wp-json\/wp\/v2\/types\/post"}],"author":[{"embeddable":true,"href":"https:\/\/imagazine.it\/home_desk\/wp-json\/wp\/v2\/users\/28"}],"replies":[{"embeddable":true,"href":"https:\/\/imagazine.it\/home_desk\/wp-json\/wp\/v2\/comments?post=34904"}],"version-history":[{"count":0,"href":"https:\/\/imagazine.it\/home_desk\/wp-json\/wp\/v2\/posts\/34904\/revisions"}],"wp:featuredmedia":[{"embeddable":true,"href":"https:\/\/imagazine.it\/home_desk\/wp-json\/wp\/v2\/media\/34905"}],"wp:attachment":[{"href":"https:\/\/imagazine.it\/home_desk\/wp-json\/wp\/v2\/media?parent=34904"}],"wp:term":[{"taxonomy":"category","embeddable":true,"href":"https:\/\/imagazine.it\/home_desk\/wp-json\/wp\/v2\/categories?post=34904"},{"taxonomy":"post_tag","embeddable":true,"href":"https:\/\/imagazine.it\/home_desk\/wp-json\/wp\/v2\/tags?post=34904"}],"curies":[{"name":"wp","href":"https:\/\/api.w.org\/{rel}","templated":true}]}}