{"id":34892,"date":"2020-10-30T00:00:00","date_gmt":"2020-10-29T23:00:00","guid":{"rendered":"https:\/\/imagazine.it\/?p=34892"},"modified":"2020-10-30T00:00:00","modified_gmt":"2020-10-29T23:00:00","slug":"povoletto-nuova-citta-del-vino-in-fvg","status":"publish","type":"post","link":"https:\/\/imagazine.it\/home_desk\/povoletto-nuova-citta-del-vino-in-fvg\/","title":{"rendered":"Povoletto nuova Citt\u00e0 del Vino in FVG"},"content":{"rendered":"<p>Poco prima dell&#39;entrata in vigore dei nuovi Dpcm con relativi limitazioni ai convegni, il coordinatore regionale delle Citt\u00e0 del Vino del Friuli Venezia Giulia, <strong>Tiziano Venturini<\/strong> (assessore alle attivit\u00e0 produttive e turismo del Comune di Buttrio), ha consegnato la bandiera associativa al Comune di Povoletto entrato a far parte del sodalizio che a livello nazionale conta oltre 450 municipi associati. In Friuli Venezia Giulia invece, lungo il 2020, le Citt\u00e0 del Vino sono cresciute fino a raggiungere quota 25, grazie alle new entry Moraro e alla citata Povoletto.<\/p>\n<p>&#8220;Una piacevole tradizione, quella della consegna della bandiera, che rappresenta l&#39;entrata nella nostra grande famiglia delle nuove Citt\u00e0 del Vino aderenti. In questi ultimi mesi nostro gruppo &#8211; spiega Venturini &#8211; si \u00e8 ulteriormente rafforzato con un coordinamento regionale unitario, promuovendo l&#39;enoturismo in maniera sinergica e in dialogo continuo con l&#39;associazione nazionale Citt\u00e0 del Vino. Dopo i giorni drammatici della fase 1 con il lockdown, durante l&#39;estate la nostra personale risposta al coronavirus \u00e8 stata quella di aver organizzato, vedendo la partecipazione di 150 cantine, un&#39;edizione 2020 della manifestazione Calici di stelle che \u00e8 risultata una delle pi\u00f9 riuscite della Penisola, con una bella affluenza di persone rispettose delle norme anti contagio. Abbiamo poi concluso la nostra stagione estiva incontrandoci in assemblea, insieme al presidente nazionale Floriano Zambon, a settembre ospiti del Comune di Gradisca d&#39;Isonzo&#8221;.\u00a0<\/p>\n<p>Le 25 citt\u00e0 aderenti sono in ordine alfabetico Aquileia, Bertiolo, Buttrio, Camino al Tagliamento, Capriva del Friuli, Casarsa della Delizia, Chiopris Viscone, Cividale del Friuli, Corm\u00f2ns, Corno di Rosazzo, Dolegna del Collio, Duino Aurisina, Gorizia, Gradisca d\u2019Isonzo, Latisana, Manzano, Moraro, Nimis, Povoletto, Premariacco, Prepotto, San Giorgio della Richinvelda, Sequals, Trivignano Udinese e Torreano.<\/p>\n<p>Parallelamente ognuno dei Comuni sta portando avanti specifici progetti sostenuti anche dalle altre aderenti. Per esempio proprio il Comune di Povoletto ha da poco avviato il progetto multimediale &#8220;Racconti di Vino&#8221; in cui i produttori locali sono diventati protagonisti di videointerviste per raccontare il loro rapporto con il vino e il territorio in cui nasce (i video sono visibili sul canale Youtube di PromoturismoFVG e sulla pagina Facebook del Comune di Povoletto).<\/p>\n<p>Proprio l&#39;avvio del progetto, alla presenza del sindaco <strong>Giuliano Castenetto<\/strong>, l&#39;assessore a Bilancio Patrimonio Comunicazione e Innovazione <strong>Lisa Rossi<\/strong>, il giornalista ed enologo <strong>Claudio Fabbro<\/strong> e il presidente di Assoenologi FVG <strong>Rodolfo Rizzi<\/strong> ha visto la consegna della bandiera. Invece il Comune di Duino Aurisina ha presentato la propria candidatura a Citt\u00e0 Italiana del Vino 2021.\u00a0<\/p>\n<p>&#8220;Una candidatura che si estende con gli eventi anche ad altre realt\u00e0 del territorio regionale &#8211; conclude Venturini &#8211; e che abbiamo sostenuto all&#39;unanimit\u00e0 nella riunione di Gradisca d&#39;Isonzo e che a giorni dovrebbe vedere proclamata la vincitrice, la quale sar\u00e0 la &#8220;capitale&#8221; italiana delle Citt\u00e0 del Vino. Nell&#39;attesa guardiamo al futuro, vicini ai nostri produttori in questi giorni complicati per la recrudescenza del coronavirus e progettando nei limiti del possibile i prossimi eventi e progetti, come quello con l&#39;Universit\u00e0 di Udine sulla sostenibilit\u00e0 di prossima presentazione&#8221;.<\/p>\n<p>Tutti gli aggiornamenti sul nuovo sito web <u><a href=\"http:\/\/www.cittadelvinofvg.it\/\" target=\"_blank\" rel=\"noopener\">www.cittadelvinofvg.it<\/a><\/u> e sulla pagina Facebook Citt\u00e0 del Vino del Friuli Venezia Giulia.\u00a0<\/p>\n","protected":false},"excerpt":{"rendered":"<p>Consegnata ufficialmente la bandiera<\/p>\n","protected":false},"author":28,"featured_media":34893,"comment_status":"closed","ping_status":"closed","sticky":false,"template":"","format":"standard","meta":{"dwc-title":[],"dwc-content":[],"footnotes":""},"categories":[5],"tags":[],"class_list":["post-34892","post","type-post","status-publish","format-standard","has-post-thumbnail","hentry","category-attualita"],"rttpg_featured_image_url":{"full":["https:\/\/imagazine.it\/wp-content\/uploads\/2024\/01\/36767-1.webp",1000,757,false],"landscape":["https:\/\/imagazine.it\/wp-content\/uploads\/2024\/01\/36767-1.webp",1000,757,false],"portraits":["https:\/\/imagazine.it\/wp-content\/uploads\/2024\/01\/36767-1.webp",1000,757,false],"thumbnail":["https:\/\/imagazine.it\/wp-content\/uploads\/2024\/01\/36767-1-150x150.webp",150,150,true],"medium":["https:\/\/imagazine.it\/wp-content\/uploads\/2024\/01\/36767-1-300x227.webp",300,227,true],"large":["https:\/\/imagazine.it\/wp-content\/uploads\/2024\/01\/36767-1.webp",640,484,false],"thumblist":["https:\/\/imagazine.it\/wp-content\/uploads\/2024\/01\/36767-1.webp",300,227,false],"thumbrelated":["https:\/\/imagazine.it\/wp-content\/uploads\/2024\/01\/36767-1.webp",500,379,false],"meccarouselthumb":["https:\/\/imagazine.it\/wp-content\/uploads\/2024\/01\/36767-1.webp",428,324,false],"gridsquare":["https:\/\/imagazine.it\/wp-content\/uploads\/2024\/01\/36767-1.webp",343,260,false],"tileview":["https:\/\/imagazine.it\/wp-content\/uploads\/2024\/01\/36767-1.webp",300,227,false],"1536x1536":["https:\/\/imagazine.it\/wp-content\/uploads\/2024\/01\/36767-1.webp",1000,757,false],"2048x2048":["https:\/\/imagazine.it\/wp-content\/uploads\/2024\/01\/36767-1.webp",1000,757,false],"newsup-slider-full":["https:\/\/imagazine.it\/wp-content\/uploads\/2024\/01\/36767-1-1000x720.webp",1000,720,true],"newsup-featured":["https:\/\/imagazine.it\/wp-content\/uploads\/2024\/01\/36767-1.webp",1000,757,false],"newsup-medium":["https:\/\/imagazine.it\/wp-content\/uploads\/2024\/01\/36767-1-720x380.webp",720,380,true],"tptn_thumbnail":["https:\/\/imagazine.it\/wp-content\/uploads\/2024\/01\/36767-1.webp",250,189,false],"sow-carousel-default":["https:\/\/imagazine.it\/wp-content\/uploads\/2024\/01\/36767-1-272x182.webp",272,182,true]},"rttpg_author":{"display_name":"redazione","author_link":"https:\/\/imagazine.it\/home_desk\/author\/redazione\/"},"rttpg_comment":0,"rttpg_category":"<a href=\"https:\/\/imagazine.it\/home_desk\/category\/attualita\/\" rel=\"category tag\">ATTUALIT\u00c0<\/a>","rttpg_excerpt":"Consegnata ufficialmente la bandiera","_links":{"self":[{"href":"https:\/\/imagazine.it\/home_desk\/wp-json\/wp\/v2\/posts\/34892","targetHints":{"allow":["GET"]}}],"collection":[{"href":"https:\/\/imagazine.it\/home_desk\/wp-json\/wp\/v2\/posts"}],"about":[{"href":"https:\/\/imagazine.it\/home_desk\/wp-json\/wp\/v2\/types\/post"}],"author":[{"embeddable":true,"href":"https:\/\/imagazine.it\/home_desk\/wp-json\/wp\/v2\/users\/28"}],"replies":[{"embeddable":true,"href":"https:\/\/imagazine.it\/home_desk\/wp-json\/wp\/v2\/comments?post=34892"}],"version-history":[{"count":0,"href":"https:\/\/imagazine.it\/home_desk\/wp-json\/wp\/v2\/posts\/34892\/revisions"}],"wp:featuredmedia":[{"embeddable":true,"href":"https:\/\/imagazine.it\/home_desk\/wp-json\/wp\/v2\/media\/34893"}],"wp:attachment":[{"href":"https:\/\/imagazine.it\/home_desk\/wp-json\/wp\/v2\/media?parent=34892"}],"wp:term":[{"taxonomy":"category","embeddable":true,"href":"https:\/\/imagazine.it\/home_desk\/wp-json\/wp\/v2\/categories?post=34892"},{"taxonomy":"post_tag","embeddable":true,"href":"https:\/\/imagazine.it\/home_desk\/wp-json\/wp\/v2\/tags?post=34892"}],"curies":[{"name":"wp","href":"https:\/\/api.w.org\/{rel}","templated":true}]}}