{"id":34886,"date":"2020-10-30T00:00:00","date_gmt":"2020-10-29T23:00:00","guid":{"rendered":"https:\/\/imagazine.it\/?p=34886"},"modified":"2020-10-30T00:00:00","modified_gmt":"2020-10-29T23:00:00","slug":"il-covid-non-ferma-la-fiaccola-alpina-della-fraternita","status":"publish","type":"post","link":"https:\/\/imagazine.it\/home_desk\/il-covid-non-ferma-la-fiaccola-alpina-della-fraternita\/","title":{"rendered":"Il Covid non ferma la Fiaccola alpina della fraternit\u00e0"},"content":{"rendered":"<p>\u00c8 arrivata l&#39;autorizzazione da Roma, la \u201cFiaccola alpina della fraternit\u00e0\u201d si far\u00e0.<\/p>\n<p>Per la 64esima volta l\u2019avvenimento, organizzato dalla sezione di Gorizia dell&#39;Associazione Nazionale Alpini (sul percorso ci sar\u00e0 la collaborazione delle sezioni ANA di competenza del territorio), vuol ricordare tutti i caduti non solo della Grande Guerra ma anche di tutti i conflitti, oltre a chi \u00e8 caduto nell\u2019adempiere il proprio dovere di proteggere la nostra sicurezza e la nostra democrazia.<\/p>\n<p>In tempi di Covid-19 sar\u00e0 una edizione sobria con la riduzione nella partecipazione all&#39;evento che dovr\u00e0 essere statico, senza la presenza del pubblico.<\/p>\n<p>Si parte domenica 1 novembre, di prima mattina, come da tradizione dal 1957, dal Tempio Ossario di Timau dove sono sepolti 1.763 caduti (tra i quali 298 ignoti italiani e 65 ignoti austro-ungarici): dopo l&#39;alza bandiera, sar\u00e0 acceso dagli alpini il braciere, e sar\u00e0 benedetto dopo la preghiera a tutti i caduti, con il Fuoco Sacro sar\u00e0 accesa la fiaccola che partir\u00e0 sopra una campagnola (affiancata da un mezzo della sezione ANA di Gorizia) per il suo viaggio attraverso la regione.<\/p>\n<p>La prima tappa sar\u00e0 in loco al Monumento delle Portatrici Carniche, poi la carovana scortata da una staffetta dei carabinieri arriver\u00e0, con varie soste, a Udine e subito dopo a Cargnacco, al Tempio dei Dispersi i Russia per proseguire verso Aquileia, alla Tomba dei Militi Ignoti, Grado e risalire l&#39;isontino fino all&#39;Ossario di Oslavia, dove la fiaccola verr\u00e0 custodita fino al 4 novembre.<\/p>\n<p>Il protocollo prevede che nelle soste per le varie cerimonie sia presente il Gruppo Fiaccola (quest&#39;anno 3 o 4 persone): due porta-corona, il sindaco o un suo delegato, rappresentanti della Sezione e\/o Gruppo ANA del territorio. Mercoled\u00ec 4 novembre il Gruppo Fiaccola ripartir\u00e0 da Oslavia dopo aver attraversato tutto l&#39;alto isontino, con una fermata a Peteano, dove vennero uccisi tre carabinieri il 31 maggio 1972 in un attentato, infine la fiaccola stazioner\u00e0 nel cimitero Austro Ungarico di Fogliano (dove il 13 settembre del 2014 papa Francesco sost\u00f2 e depose una corona) e successivamente raggiunger\u00e0 il Sacrario di Redipuglia.<\/p>\n<p>Il protocollo non prevede l&#39;accensione del braciere ai piedi del Sacrario dove sono sepolti oltre 100.000 caduti della Grande Guerra: la cerimonia istituzionale, che simboleggia \u201cil Giorno dell\u2019Unit\u00e0 Nazionale\u201d e \u201cla Giornata delle Forze Armate\u201d, vedr\u00e0 la partecipazione di piccole unit\u00e0 che comprenderanno tutte le forze armate, oltre alla presenza di una carica istituzionale, mentre la fiaccola attender\u00e0 il termine della commemorazione per poi recarsi sul colle Sant&#39;Elia, l\u2019altura che si trova di fronte al Sacrario, che ospit\u00f2 il Cimitero degli Invitti della Terza Armata, il primo sacrario monumentale della Prima guerra mondiale, dove verr\u00e0 acceso il braciere e si concluder\u00e0 il suo lungo viaggio con il suo messaggio di pace.\u00a0<\/p>\n","protected":false},"excerpt":{"rendered":"<p>In programma domenica<\/p>\n","protected":false},"author":22,"featured_media":34887,"comment_status":"closed","ping_status":"closed","sticky":false,"template":"","format":"standard","meta":{"dwc-title":[],"dwc-content":[],"footnotes":""},"categories":[5],"tags":[],"class_list":["post-34886","post","type-post","status-publish","format-standard","has-post-thumbnail","hentry","category-attualita"],"rttpg_featured_image_url":{"full":["https:\/\/imagazine.it\/wp-content\/uploads\/2024\/01\/36742-1.webp",1000,563,false],"landscape":["https:\/\/imagazine.it\/wp-content\/uploads\/2024\/01\/36742-1.webp",1000,563,false],"portraits":["https:\/\/imagazine.it\/wp-content\/uploads\/2024\/01\/36742-1.webp",1000,563,false],"thumbnail":["https:\/\/imagazine.it\/wp-content\/uploads\/2024\/01\/36742-1-150x150.webp",150,150,true],"medium":["https:\/\/imagazine.it\/wp-content\/uploads\/2024\/01\/36742-1-300x169.webp",300,169,true],"large":["https:\/\/imagazine.it\/wp-content\/uploads\/2024\/01\/36742-1.webp",640,360,false],"thumblist":["https:\/\/imagazine.it\/wp-content\/uploads\/2024\/01\/36742-1.webp",300,169,false],"thumbrelated":["https:\/\/imagazine.it\/wp-content\/uploads\/2024\/01\/36742-1.webp",500,282,false],"meccarouselthumb":["https:\/\/imagazine.it\/wp-content\/uploads\/2024\/01\/36742-1.webp",474,267,false],"gridsquare":["https:\/\/imagazine.it\/wp-content\/uploads\/2024\/01\/36742-1.webp",391,220,false],"tileview":["https:\/\/imagazine.it\/wp-content\/uploads\/2024\/01\/36742-1.webp",300,169,false],"1536x1536":["https:\/\/imagazine.it\/wp-content\/uploads\/2024\/01\/36742-1.webp",1000,563,false],"2048x2048":["https:\/\/imagazine.it\/wp-content\/uploads\/2024\/01\/36742-1.webp",1000,563,false],"newsup-slider-full":["https:\/\/imagazine.it\/wp-content\/uploads\/2024\/01\/36742-1.webp",1000,563,false],"newsup-featured":["https:\/\/imagazine.it\/wp-content\/uploads\/2024\/01\/36742-1.webp",1000,563,false],"newsup-medium":["https:\/\/imagazine.it\/wp-content\/uploads\/2024\/01\/36742-1-720x380.webp",720,380,true],"tptn_thumbnail":["https:\/\/imagazine.it\/wp-content\/uploads\/2024\/01\/36742-1.webp",250,141,false],"sow-carousel-default":["https:\/\/imagazine.it\/wp-content\/uploads\/2024\/01\/36742-1-272x182.webp",272,182,true]},"rttpg_author":{"display_name":"Livio Nonis","author_link":"https:\/\/imagazine.it\/home_desk\/author\/nonis\/"},"rttpg_comment":0,"rttpg_category":"<a href=\"https:\/\/imagazine.it\/home_desk\/category\/attualita\/\" rel=\"category tag\">ATTUALIT\u00c0<\/a>","rttpg_excerpt":"In programma domenica","_links":{"self":[{"href":"https:\/\/imagazine.it\/home_desk\/wp-json\/wp\/v2\/posts\/34886","targetHints":{"allow":["GET"]}}],"collection":[{"href":"https:\/\/imagazine.it\/home_desk\/wp-json\/wp\/v2\/posts"}],"about":[{"href":"https:\/\/imagazine.it\/home_desk\/wp-json\/wp\/v2\/types\/post"}],"author":[{"embeddable":true,"href":"https:\/\/imagazine.it\/home_desk\/wp-json\/wp\/v2\/users\/22"}],"replies":[{"embeddable":true,"href":"https:\/\/imagazine.it\/home_desk\/wp-json\/wp\/v2\/comments?post=34886"}],"version-history":[{"count":0,"href":"https:\/\/imagazine.it\/home_desk\/wp-json\/wp\/v2\/posts\/34886\/revisions"}],"wp:featuredmedia":[{"embeddable":true,"href":"https:\/\/imagazine.it\/home_desk\/wp-json\/wp\/v2\/media\/34887"}],"wp:attachment":[{"href":"https:\/\/imagazine.it\/home_desk\/wp-json\/wp\/v2\/media?parent=34886"}],"wp:term":[{"taxonomy":"category","embeddable":true,"href":"https:\/\/imagazine.it\/home_desk\/wp-json\/wp\/v2\/categories?post=34886"},{"taxonomy":"post_tag","embeddable":true,"href":"https:\/\/imagazine.it\/home_desk\/wp-json\/wp\/v2\/tags?post=34886"}],"curies":[{"name":"wp","href":"https:\/\/api.w.org\/{rel}","templated":true}]}}