{"id":34882,"date":"2020-10-29T00:00:00","date_gmt":"2020-10-28T23:00:00","guid":{"rendered":"https:\/\/imagazine.it\/?p=34882"},"modified":"2020-10-29T00:00:00","modified_gmt":"2020-10-28T23:00:00","slug":"fvg-19-milioni-a-casa-viabilita-e-trasporti","status":"publish","type":"post","link":"https:\/\/imagazine.it\/home_desk\/fvg-19-milioni-a-casa-viabilita-e-trasporti\/","title":{"rendered":"FVG: 19 milioni a casa, viabilit\u00e0 e trasporti"},"content":{"rendered":"<p>&#8220;Casa, viabilit\u00e0 e trasporti sono le priorit\u00e0 a cui abbiamo destinato complessivamente quasi 19 milioni di euro dell&#39;assestamento di bilancio autunnale, considerando che queste sono le leve su cui far ripartire parte del mercato dell&#39;edilizia e della logistica&#8221;.<\/p>\n<p>Questo il commento rilasciato dall&#39;assessore regionale alle Infrastrutture e territorio, <strong>Graziano Pizzimenti<\/strong>, a margine del Consiglio regionale, dopo l&#39;approvazione del pacchetto di misure di sua competenza contenuto nell&#39;assestamento autunnale.<\/p>\n<p>Per quanto attiene le abitazioni private, 4 milioni vanno all&#39;edilizia agevolata per l&#39;acquisto della prima casa, ulteriori 4,9 milioni di euro sono le risorse destinate allo scorrimento delle graduatorie per i contributi sulla sostituzione degli infissi (3,7 milioni di euro) e sull&#39;installazione di impianti fotovoltaici per le utenze domestiche (1,2 milioni).<\/p>\n<p>Confermati due contributi al Comune di Gorizia (1,5 mln) e al Comune di Pordenone (2,6 mln) rispettivamente per la realizzazione di interventi di riqualificazione viaria e per l&#39;adeguamento della viabilit\u00e0 urbana comunale funzionale al comprensorio ospedaliero di Pordenone.<\/p>\n<p>Tra gli interventi infrastrutturali, vengono confermate per 2,5 milioni di euro tre opere necessarie a migliorare, anche ai fini della sicurezza, l&#39;accesso al porto a San Giorgio di Nogaro. Gli investimenti consistono nella realizzazione di un parcheggio limitrofo all&#39;accesso al porto Margreth, di una rotatoria sulla SP80 e nella sistemazione del varco di accesso al porto (che rimane comunque nella posizione attuale) al fine di rendere direttamente accessibile la palazzina portuale dall&#39;esterno.<\/p>\n<p><a href=\"http:\/\/imagazinevideotruck.it\/outlet\/relink.html\" target=\"_top\" rel=\"noopener\"><img loading=\"lazy\" decoding=\"async\" align=\"LEFT\" height=\"250\" src=\"http:\/\/imagazinevideotruck.it\/outlet\/outlet30.gif\" width=\"300\" alt=\"\" title=\"\"><\/a><\/p>\n<p>\u00a0<\/p>\n<p>\u00a0<\/p>\n<p>\u00a0<\/p>\n<p>\u00a0<\/p>\n<p>\u00a0<\/p>\n<p>\u00a0<\/p>\n<p>\u00a0<\/p>\n<p>\u00a0<\/p>\n<p>\u00a0<\/p>\n<p>Nel quadro degli interventi per lo sviluppo dell&#39;intermodalit\u00e0, la norma inoltre incentiva l&#39;avvio del trasporto merci su ferrovia, assegnando 300 mila euro all&#39;Interporto Centro Ingrosso di Pordenone Spa quale soggetto destinatario dei contributi da corrispondere all&#39;impresa ferroviaria o gestore del terminal intermodale o Multi Transport Operator (M.T.O.). Il contributo servir\u00e0 a favorire gli interscambi tra l&#39;area del pordenonese e i Paesi della zona balcanica, nel rispetto della normativa sugli aiuti di Stato.<\/p>\n<p>Infine, 2,8 milioni sono devoluti a favore dei gestori del trasporto ferroviario regionale per fare fronte alle esigenze conseguenti l&#39;emergenza epidemiologica e ai maggiori costi che le imprese ferroviarie devono sopportare nel corso del 2020.<\/p>\n","protected":false},"excerpt":{"rendered":"<p>Assestamento autunnale di bilancio<\/p>\n","protected":false},"author":28,"featured_media":34883,"comment_status":"closed","ping_status":"closed","sticky":false,"template":"","format":"standard","meta":{"dwc-title":[],"dwc-content":[],"footnotes":""},"categories":[5],"tags":[],"class_list":["post-34882","post","type-post","status-publish","format-standard","has-post-thumbnail","hentry","category-attualita"],"rttpg_featured_image_url":{"full":["https:\/\/imagazine.it\/wp-content\/uploads\/2024\/01\/36729-1.webp",1000,669,false],"landscape":["https:\/\/imagazine.it\/wp-content\/uploads\/2024\/01\/36729-1.webp",1000,669,false],"portraits":["https:\/\/imagazine.it\/wp-content\/uploads\/2024\/01\/36729-1.webp",1000,669,false],"thumbnail":["https:\/\/imagazine.it\/wp-content\/uploads\/2024\/01\/36729-1-150x150.webp",150,150,true],"medium":["https:\/\/imagazine.it\/wp-content\/uploads\/2024\/01\/36729-1-300x201.webp",300,201,true],"large":["https:\/\/imagazine.it\/wp-content\/uploads\/2024\/01\/36729-1.webp",640,428,false],"thumblist":["https:\/\/imagazine.it\/wp-content\/uploads\/2024\/01\/36729-1.webp",300,201,false],"thumbrelated":["https:\/\/imagazine.it\/wp-content\/uploads\/2024\/01\/36729-1.webp",500,335,false],"meccarouselthumb":["https:\/\/imagazine.it\/wp-content\/uploads\/2024\/01\/36729-1.webp",474,317,false],"gridsquare":["https:\/\/imagazine.it\/wp-content\/uploads\/2024\/01\/36729-1.webp",389,260,false],"tileview":["https:\/\/imagazine.it\/wp-content\/uploads\/2024\/01\/36729-1.webp",300,201,false],"1536x1536":["https:\/\/imagazine.it\/wp-content\/uploads\/2024\/01\/36729-1.webp",1000,669,false],"2048x2048":["https:\/\/imagazine.it\/wp-content\/uploads\/2024\/01\/36729-1.webp",1000,669,false],"newsup-slider-full":["https:\/\/imagazine.it\/wp-content\/uploads\/2024\/01\/36729-1.webp",1000,669,false],"newsup-featured":["https:\/\/imagazine.it\/wp-content\/uploads\/2024\/01\/36729-1.webp",1000,669,false],"newsup-medium":["https:\/\/imagazine.it\/wp-content\/uploads\/2024\/01\/36729-1-720x380.webp",720,380,true],"tptn_thumbnail":["https:\/\/imagazine.it\/wp-content\/uploads\/2024\/01\/36729-1.webp",250,167,false],"sow-carousel-default":["https:\/\/imagazine.it\/wp-content\/uploads\/2024\/01\/36729-1-272x182.webp",272,182,true]},"rttpg_author":{"display_name":"redazione","author_link":"https:\/\/imagazine.it\/home_desk\/author\/redazione\/"},"rttpg_comment":0,"rttpg_category":"<a href=\"https:\/\/imagazine.it\/home_desk\/category\/attualita\/\" rel=\"category tag\">ATTUALIT\u00c0<\/a>","rttpg_excerpt":"Assestamento autunnale di bilancio","_links":{"self":[{"href":"https:\/\/imagazine.it\/home_desk\/wp-json\/wp\/v2\/posts\/34882","targetHints":{"allow":["GET"]}}],"collection":[{"href":"https:\/\/imagazine.it\/home_desk\/wp-json\/wp\/v2\/posts"}],"about":[{"href":"https:\/\/imagazine.it\/home_desk\/wp-json\/wp\/v2\/types\/post"}],"author":[{"embeddable":true,"href":"https:\/\/imagazine.it\/home_desk\/wp-json\/wp\/v2\/users\/28"}],"replies":[{"embeddable":true,"href":"https:\/\/imagazine.it\/home_desk\/wp-json\/wp\/v2\/comments?post=34882"}],"version-history":[{"count":0,"href":"https:\/\/imagazine.it\/home_desk\/wp-json\/wp\/v2\/posts\/34882\/revisions"}],"wp:featuredmedia":[{"embeddable":true,"href":"https:\/\/imagazine.it\/home_desk\/wp-json\/wp\/v2\/media\/34883"}],"wp:attachment":[{"href":"https:\/\/imagazine.it\/home_desk\/wp-json\/wp\/v2\/media?parent=34882"}],"wp:term":[{"taxonomy":"category","embeddable":true,"href":"https:\/\/imagazine.it\/home_desk\/wp-json\/wp\/v2\/categories?post=34882"},{"taxonomy":"post_tag","embeddable":true,"href":"https:\/\/imagazine.it\/home_desk\/wp-json\/wp\/v2\/tags?post=34882"}],"curies":[{"name":"wp","href":"https:\/\/api.w.org\/{rel}","templated":true}]}}