{"id":34838,"date":"2020-10-23T00:00:00","date_gmt":"2020-10-22T23:00:00","guid":{"rendered":"https:\/\/imagazine.it\/?p=34838"},"modified":"2020-10-23T00:00:00","modified_gmt":"2020-10-22T23:00:00","slug":"tamponi-negativi-lavviso-arriva-al-telefono","status":"publish","type":"post","link":"https:\/\/imagazine.it\/home_desk\/tamponi-negativi-lavviso-arriva-al-telefono\/","title":{"rendered":"Tamponi negativi, l&#8217;avviso arriva al telefono"},"content":{"rendered":"<p>Per ottimizzare i processi di gestione degli screening per COVID e di comunicazione ai cittadini, \u00e8 al via in Friuli Venezia Giulia il servizio di trasmissione degli esiti negativi dei tamponi tramite il sistema telefonico mobile o fisso.<\/p>\n<p>\u00c8 previsto che ogni giorno vengano inviati a tutte le persone con un esito negativo del tampone o un SMS, se \u00e8 confermata la validit\u00e0 di un numero di telefono cellulare, o una chiamata automatica sul telefono fisso. In quest\u2019ultimo caso, se non ci dovesse essere una risposta, sono previste fino a tre chiamate in orari diversi e in giornate diverse provenienti dal numero telefonico 040 0647840.<\/p>\n<p>Il servizio \u00e8 attivo tutti i giorni della settimana ed \u00e8 stato realizzato su richiesta delle Aziende sanitarie, con il mandato della Regione e il coordinamento dell\u2019Azienda Regionale di Coordinamento per la Salute (ARCS) e con l\u2019attivit\u00e0 tecnica di INSIEL e di Televita.<\/p>\n<p>La prima ad attivare il servizio di comunicazione telefonica automatica \u00e8 l\u2019Azienda Sanitaria Universitaria Friuli Centrale: da oggi inizia la fase di test del sistema con la spedizione dei messaggi ai cittadini che hanno effettuato il tampone presso le sedi del Dipartimento di Prevenzione di Udine e che sono risultati negativi.<\/p>\n<p>Oltre alla comunicazione telefonica, i referti sono disponibili nel fascicolo sanitario elettronico all\u2019interno della piattaforma \u2018SESAMO\u2019 e sono visibili anche ai Medici di Medicina Generale (MMG) e ai Pediatri di Libera Scelta, se autorizzati alla visione da parte di ogni assistito.<\/p>\n<p>Entro una settimana il servizio di comunicazione telefonica sar\u00e0 attivato da tutte le Aziende sanitarie della Regione.<\/p>\n","protected":false},"excerpt":{"rendered":"<p>Al via nuova modalit\u00e0 di comunicazione<\/p>\n","protected":false},"author":28,"featured_media":34839,"comment_status":"closed","ping_status":"closed","sticky":false,"template":"","format":"standard","meta":{"dwc-title":[],"dwc-content":[],"footnotes":""},"categories":[5],"tags":[],"class_list":["post-34838","post","type-post","status-publish","format-standard","has-post-thumbnail","hentry","category-attualita"],"rttpg_featured_image_url":{"full":["https:\/\/imagazine.it\/wp-content\/uploads\/2024\/01\/36679-1.webp",1000,666,false],"landscape":["https:\/\/imagazine.it\/wp-content\/uploads\/2024\/01\/36679-1.webp",1000,666,false],"portraits":["https:\/\/imagazine.it\/wp-content\/uploads\/2024\/01\/36679-1.webp",1000,666,false],"thumbnail":["https:\/\/imagazine.it\/wp-content\/uploads\/2024\/01\/36679-1-150x150.webp",150,150,true],"medium":["https:\/\/imagazine.it\/wp-content\/uploads\/2024\/01\/36679-1-300x200.webp",300,200,true],"large":["https:\/\/imagazine.it\/wp-content\/uploads\/2024\/01\/36679-1.webp",640,426,false],"thumblist":["https:\/\/imagazine.it\/wp-content\/uploads\/2024\/01\/36679-1.webp",300,200,false],"thumbrelated":["https:\/\/imagazine.it\/wp-content\/uploads\/2024\/01\/36679-1.webp",500,333,false],"meccarouselthumb":["https:\/\/imagazine.it\/wp-content\/uploads\/2024\/01\/36679-1.webp",474,316,false],"gridsquare":["https:\/\/imagazine.it\/wp-content\/uploads\/2024\/01\/36679-1.webp",391,260,false],"tileview":["https:\/\/imagazine.it\/wp-content\/uploads\/2024\/01\/36679-1.webp",300,200,false],"1536x1536":["https:\/\/imagazine.it\/wp-content\/uploads\/2024\/01\/36679-1.webp",1000,666,false],"2048x2048":["https:\/\/imagazine.it\/wp-content\/uploads\/2024\/01\/36679-1.webp",1000,666,false],"newsup-slider-full":["https:\/\/imagazine.it\/wp-content\/uploads\/2024\/01\/36679-1.webp",1000,666,false],"newsup-featured":["https:\/\/imagazine.it\/wp-content\/uploads\/2024\/01\/36679-1.webp",1000,666,false],"newsup-medium":["https:\/\/imagazine.it\/wp-content\/uploads\/2024\/01\/36679-1-720x380.webp",720,380,true],"tptn_thumbnail":["https:\/\/imagazine.it\/wp-content\/uploads\/2024\/01\/36679-1.webp",250,167,false],"sow-carousel-default":["https:\/\/imagazine.it\/wp-content\/uploads\/2024\/01\/36679-1-272x182.webp",272,182,true]},"rttpg_author":{"display_name":"redazione","author_link":"https:\/\/imagazine.it\/home_desk\/author\/redazione\/"},"rttpg_comment":0,"rttpg_category":"<a href=\"https:\/\/imagazine.it\/home_desk\/category\/attualita\/\" rel=\"category tag\">ATTUALIT\u00c0<\/a>","rttpg_excerpt":"Al via nuova modalit\u00e0 di comunicazione","_links":{"self":[{"href":"https:\/\/imagazine.it\/home_desk\/wp-json\/wp\/v2\/posts\/34838","targetHints":{"allow":["GET"]}}],"collection":[{"href":"https:\/\/imagazine.it\/home_desk\/wp-json\/wp\/v2\/posts"}],"about":[{"href":"https:\/\/imagazine.it\/home_desk\/wp-json\/wp\/v2\/types\/post"}],"author":[{"embeddable":true,"href":"https:\/\/imagazine.it\/home_desk\/wp-json\/wp\/v2\/users\/28"}],"replies":[{"embeddable":true,"href":"https:\/\/imagazine.it\/home_desk\/wp-json\/wp\/v2\/comments?post=34838"}],"version-history":[{"count":0,"href":"https:\/\/imagazine.it\/home_desk\/wp-json\/wp\/v2\/posts\/34838\/revisions"}],"wp:featuredmedia":[{"embeddable":true,"href":"https:\/\/imagazine.it\/home_desk\/wp-json\/wp\/v2\/media\/34839"}],"wp:attachment":[{"href":"https:\/\/imagazine.it\/home_desk\/wp-json\/wp\/v2\/media?parent=34838"}],"wp:term":[{"taxonomy":"category","embeddable":true,"href":"https:\/\/imagazine.it\/home_desk\/wp-json\/wp\/v2\/categories?post=34838"},{"taxonomy":"post_tag","embeddable":true,"href":"https:\/\/imagazine.it\/home_desk\/wp-json\/wp\/v2\/tags?post=34838"}],"curies":[{"name":"wp","href":"https:\/\/api.w.org\/{rel}","templated":true}]}}