{"id":34836,"date":"2020-10-23T00:00:00","date_gmt":"2020-10-22T23:00:00","guid":{"rendered":"https:\/\/imagazine.it\/?p=34836"},"modified":"2020-10-23T00:00:00","modified_gmt":"2020-10-22T23:00:00","slug":"chirurgia-i-pazienti-triestini-operati-a-gorizia-e-monfalcone","status":"publish","type":"post","link":"https:\/\/imagazine.it\/home_desk\/chirurgia-i-pazienti-triestini-operati-a-gorizia-e-monfalcone\/","title":{"rendered":"Chirurgia, i pazienti triestini operati a Gorizia e Monfalcone"},"content":{"rendered":"<p>Il Dipartimento Chirurgico di Gorizia e Monfalcone, dopo la riduzione dell\u2019attivit\u00e0 durante il periodo del lockdown, ha ripreso la sua normale attivit\u00e0 a partire da giugno e, da ottobre, ha avuto un incremento degli interventi chirurgici rispetto allo stesso periodo dell\u2019anno precedente.<\/p>\n<p>Da ottobre, infatti, sono state aggiunte alla normale programmazione 4 sedute operatorie a settimana. Ci\u00f2 \u00e8 avvenuto grazie all\u2019assunzione di infermieri, chirurghi e anestesisti e fa parte di un programma aziendale finalizzato a una maggior occupazione delle sale operatorie di Gorizia e Monfalcone.<\/p>\n<p>\u201cAnche in piena emergenza pandemica non sono stati trascurati i percorsi assistenziali e sanitari dei pazienti no Covid. Ne \u00e8 un chiaro esempio il lavoro svolto dal Dipartimento Chirurgico di Gorizia e Monfalcone. Il Dipartimento, infatti, non ha mai interrotto le operazioni chirurgiche e ora implementer\u00e0 anche gli interventi di Trieste per assicurare continuit\u00e0 assistenziale alla comunit\u00e0\u201d, dichiara il vicepresidente del FVG, <strong>Riccardo Riccardi<\/strong>.<\/p>\n<p>Grazie a questa riorganizzazione, che investe tutte le specialit\u00e0 chirurgiche, si stanno riducendo le liste d\u2019attesa che si erano incrementate durante il periodo compreso tra marzo e giugno a causa della pandemia.<\/p>\n<p>Dalla prossima settimana, inoltre, il Dipartimento Chirurgico di Gorizia e Monfalcone ha messo a disposizione due sale operatorie a settimana per i pazienti triestini: questi ultimi, opportunamente informati, saranno operati dagli stessi chirurghi che li avevano presi in carico a Trieste, garantendo la adeguata continuit\u00e0 assistenziale. Gli ospedali isontini, infatti, secondo protocollo aziendale, rimarranno \u201cCovid free\u201d, mentre a Trieste verranno concentrati i pazienti positivi dell\u2019area Giuliano Isontina. L\u2019aumento del carico di lavoro, che coinvolger\u00e0 in prima linea gli Anestesisti triestini, presumibilmente determiner\u00e0 una riduzione delle sedute operatorie di Cattinara e, proprio per ovviare a questo disagio, una quota di pazienti triestini verranno ospitati nel Dipartimento Chirurgico di Gorizia e Monfalcone. Questi pazienti verranno seguiti e operati dai medici triestini che collaboreranno fattivamente con le equipe di Gorizia e Monfalcone.<\/p>\n<p><a href=\"http:\/\/imagazinevideotruck.it\/outlet\/relink.html\" target=\"_top\" rel=\"noopener\"><img loading=\"lazy\" decoding=\"async\" align=\"LEFT\" height=\"250\" src=\"http:\/\/imagazinevideotruck.it\/outlet\/outlet30.gif\" width=\"300\" alt=\"\" title=\"\"><\/a><\/p>\n<p>\u00a0<\/p>\n<p>\u00a0<\/p>\n<p>\u00a0<\/p>\n<p>\u00a0<\/p>\n<p>\u00a0<\/p>\n<p>\u00a0<\/p>\n<p>\u00a0<\/p>\n<p>\u00a0<\/p>\n<p>\u00a0<\/p>\n<p>\u201cI pazienti di Gorizia e Monfalcone non subiranno alcun ritardo \u2013 precisa il professor <strong>Alessandro Balani<\/strong>, direttore del Dipartimento Chirurgico \u2013 si tratta infatti di sedute operatorie aggiuntive dedicate ai pazienti triestini, un bellissimo esempio di collaborazione e coesione tra i due ospedali, un processo gi\u00e0 avviato da tempo che si sta consolidando in questo grave momento di criticit\u00e0\u201d.<\/p>\n","protected":false},"excerpt":{"rendered":"<p>Riorganizzazione per la pandemia<\/p>\n","protected":false},"author":28,"featured_media":34837,"comment_status":"closed","ping_status":"closed","sticky":false,"template":"","format":"standard","meta":{"dwc-title":[],"dwc-content":[],"footnotes":""},"categories":[5],"tags":[],"class_list":["post-34836","post","type-post","status-publish","format-standard","has-post-thumbnail","hentry","category-attualita"],"rttpg_featured_image_url":{"full":["https:\/\/imagazine.it\/wp-content\/uploads\/2024\/01\/36678-1.webp",800,434,false],"landscape":["https:\/\/imagazine.it\/wp-content\/uploads\/2024\/01\/36678-1.webp",800,434,false],"portraits":["https:\/\/imagazine.it\/wp-content\/uploads\/2024\/01\/36678-1.webp",800,434,false],"thumbnail":["https:\/\/imagazine.it\/wp-content\/uploads\/2024\/01\/36678-1-150x150.webp",150,150,true],"medium":["https:\/\/imagazine.it\/wp-content\/uploads\/2024\/01\/36678-1-300x163.webp",300,163,true],"large":["https:\/\/imagazine.it\/wp-content\/uploads\/2024\/01\/36678-1.webp",640,347,false],"thumblist":["https:\/\/imagazine.it\/wp-content\/uploads\/2024\/01\/36678-1.webp",300,163,false],"thumbrelated":["https:\/\/imagazine.it\/wp-content\/uploads\/2024\/01\/36678-1.webp",500,271,false],"meccarouselthumb":["https:\/\/imagazine.it\/wp-content\/uploads\/2024\/01\/36678-1.webp",474,257,false],"gridsquare":["https:\/\/imagazine.it\/wp-content\/uploads\/2024\/01\/36678-1.webp",391,212,false],"tileview":["https:\/\/imagazine.it\/wp-content\/uploads\/2024\/01\/36678-1.webp",300,163,false],"1536x1536":["https:\/\/imagazine.it\/wp-content\/uploads\/2024\/01\/36678-1.webp",800,434,false],"2048x2048":["https:\/\/imagazine.it\/wp-content\/uploads\/2024\/01\/36678-1.webp",800,434,false],"newsup-slider-full":["https:\/\/imagazine.it\/wp-content\/uploads\/2024\/01\/36678-1.webp",800,434,false],"newsup-featured":["https:\/\/imagazine.it\/wp-content\/uploads\/2024\/01\/36678-1.webp",800,434,false],"newsup-medium":["https:\/\/imagazine.it\/wp-content\/uploads\/2024\/01\/36678-1-720x380.webp",720,380,true],"tptn_thumbnail":["https:\/\/imagazine.it\/wp-content\/uploads\/2024\/01\/36678-1.webp",250,136,false],"sow-carousel-default":["https:\/\/imagazine.it\/wp-content\/uploads\/2024\/01\/36678-1-272x182.webp",272,182,true]},"rttpg_author":{"display_name":"redazione","author_link":"https:\/\/imagazine.it\/home_desk\/author\/redazione\/"},"rttpg_comment":0,"rttpg_category":"<a href=\"https:\/\/imagazine.it\/home_desk\/category\/attualita\/\" rel=\"category tag\">ATTUALIT\u00c0<\/a>","rttpg_excerpt":"Riorganizzazione per la pandemia","_links":{"self":[{"href":"https:\/\/imagazine.it\/home_desk\/wp-json\/wp\/v2\/posts\/34836","targetHints":{"allow":["GET"]}}],"collection":[{"href":"https:\/\/imagazine.it\/home_desk\/wp-json\/wp\/v2\/posts"}],"about":[{"href":"https:\/\/imagazine.it\/home_desk\/wp-json\/wp\/v2\/types\/post"}],"author":[{"embeddable":true,"href":"https:\/\/imagazine.it\/home_desk\/wp-json\/wp\/v2\/users\/28"}],"replies":[{"embeddable":true,"href":"https:\/\/imagazine.it\/home_desk\/wp-json\/wp\/v2\/comments?post=34836"}],"version-history":[{"count":0,"href":"https:\/\/imagazine.it\/home_desk\/wp-json\/wp\/v2\/posts\/34836\/revisions"}],"wp:featuredmedia":[{"embeddable":true,"href":"https:\/\/imagazine.it\/home_desk\/wp-json\/wp\/v2\/media\/34837"}],"wp:attachment":[{"href":"https:\/\/imagazine.it\/home_desk\/wp-json\/wp\/v2\/media?parent=34836"}],"wp:term":[{"taxonomy":"category","embeddable":true,"href":"https:\/\/imagazine.it\/home_desk\/wp-json\/wp\/v2\/categories?post=34836"},{"taxonomy":"post_tag","embeddable":true,"href":"https:\/\/imagazine.it\/home_desk\/wp-json\/wp\/v2\/tags?post=34836"}],"curies":[{"name":"wp","href":"https:\/\/api.w.org\/{rel}","templated":true}]}}