{"id":34824,"date":"2020-10-22T00:00:00","date_gmt":"2020-10-21T23:00:00","guid":{"rendered":"https:\/\/imagazine.it\/?p=34824"},"modified":"2020-10-22T00:00:00","modified_gmt":"2020-10-21T23:00:00","slug":"gorizia-alla-scoperta-di-tre-secoli-di-abiti-e-gioielli","status":"publish","type":"post","link":"https:\/\/imagazine.it\/home_desk\/gorizia-alla-scoperta-di-tre-secoli-di-abiti-e-gioielli\/","title":{"rendered":"Gorizia, alla scoperta di tre secoli di abiti e gioielli"},"content":{"rendered":"<p>Sabato e domenica prossimi, in occasione della manifestazione nazionale <strong>ApritiModa<\/strong>, il <strong>Museo della Moda e delle Arti Applicate di Gorizia<\/strong> sar\u00e0 a ingresso gratuito e sar\u00e0 anche possibile usufruire di una guida gratuita, che accompagner\u00e0 i visitatori lungo il percorso espositivo.<\/p>\n<p>Le visite guidate saranno a numero chiuso e sar\u00e0 necessario <u><a href=\"https:\/\/apritimoda.it\/maison\/museo-della-moda-e-delle-arti-applicate\/\" target=\"_blank\" rel=\"noopener\">iscriversi al seguente indirizzo internet (clicca per iscriverti)<\/a><\/u>. \u00a0<\/p>\n<p>ApritiModa\u00a0\u00e8 un\u2019iniziativa nazionale che dal 2007 organizza ogni anno un fine settimana dedicato alla scoperta dei luoghi pi\u00f9 nascosti e segreti del mondo della moda. Quest\u2019anno il Museo della Moda di Gorizia, gestito da Erpac FVG, \u00e8 stato invitato a partecipare alla manifestazione, viste le sue prestigiose collezioni di abiti, gioielli, guanti e borsette dal \u2018700 al \u2018900.<\/p>\n","protected":false},"excerpt":{"rendered":"<p>In occasione della manifestazione nazionale<\/p>\n","protected":false},"author":28,"featured_media":34825,"comment_status":"closed","ping_status":"closed","sticky":false,"template":"","format":"standard","meta":{"dwc-title":[],"dwc-content":[],"footnotes":""},"categories":[37],"tags":[],"class_list":["post-34824","post","type-post","status-publish","format-standard","has-post-thumbnail","hentry","category-cultura-e-spettacolo"],"rttpg_featured_image_url":{"full":["https:\/\/imagazine.it\/wp-content\/uploads\/2024\/01\/36663-1.webp",1000,667,false],"landscape":["https:\/\/imagazine.it\/wp-content\/uploads\/2024\/01\/36663-1.webp",1000,667,false],"portraits":["https:\/\/imagazine.it\/wp-content\/uploads\/2024\/01\/36663-1.webp",1000,667,false],"thumbnail":["https:\/\/imagazine.it\/wp-content\/uploads\/2024\/01\/36663-1-150x150.webp",150,150,true],"medium":["https:\/\/imagazine.it\/wp-content\/uploads\/2024\/01\/36663-1-300x200.webp",300,200,true],"large":["https:\/\/imagazine.it\/wp-content\/uploads\/2024\/01\/36663-1.webp",640,427,false],"thumblist":["https:\/\/imagazine.it\/wp-content\/uploads\/2024\/01\/36663-1.webp",300,200,false],"thumbrelated":["https:\/\/imagazine.it\/wp-content\/uploads\/2024\/01\/36663-1.webp",500,334,false],"meccarouselthumb":["https:\/\/imagazine.it\/wp-content\/uploads\/2024\/01\/36663-1.webp",474,316,false],"gridsquare":["https:\/\/imagazine.it\/wp-content\/uploads\/2024\/01\/36663-1.webp",391,260,false],"tileview":["https:\/\/imagazine.it\/wp-content\/uploads\/2024\/01\/36663-1.webp",300,200,false],"1536x1536":["https:\/\/imagazine.it\/wp-content\/uploads\/2024\/01\/36663-1.webp",1000,667,false],"2048x2048":["https:\/\/imagazine.it\/wp-content\/uploads\/2024\/01\/36663-1.webp",1000,667,false],"newsup-slider-full":["https:\/\/imagazine.it\/wp-content\/uploads\/2024\/01\/36663-1.webp",1000,667,false],"newsup-featured":["https:\/\/imagazine.it\/wp-content\/uploads\/2024\/01\/36663-1.webp",1000,667,false],"newsup-medium":["https:\/\/imagazine.it\/wp-content\/uploads\/2024\/01\/36663-1-720x380.webp",720,380,true],"tptn_thumbnail":["https:\/\/imagazine.it\/wp-content\/uploads\/2024\/01\/36663-1.webp",250,167,false],"sow-carousel-default":["https:\/\/imagazine.it\/wp-content\/uploads\/2024\/01\/36663-1-272x182.webp",272,182,true]},"rttpg_author":{"display_name":"redazione","author_link":"https:\/\/imagazine.it\/home_desk\/author\/redazione\/"},"rttpg_comment":0,"rttpg_category":"<a href=\"https:\/\/imagazine.it\/home_desk\/category\/cultura-e-spettacolo\/\" rel=\"category tag\">CULTURA&amp;SPETTACOLO<\/a>","rttpg_excerpt":"In occasione della manifestazione nazionale","_links":{"self":[{"href":"https:\/\/imagazine.it\/home_desk\/wp-json\/wp\/v2\/posts\/34824","targetHints":{"allow":["GET"]}}],"collection":[{"href":"https:\/\/imagazine.it\/home_desk\/wp-json\/wp\/v2\/posts"}],"about":[{"href":"https:\/\/imagazine.it\/home_desk\/wp-json\/wp\/v2\/types\/post"}],"author":[{"embeddable":true,"href":"https:\/\/imagazine.it\/home_desk\/wp-json\/wp\/v2\/users\/28"}],"replies":[{"embeddable":true,"href":"https:\/\/imagazine.it\/home_desk\/wp-json\/wp\/v2\/comments?post=34824"}],"version-history":[{"count":0,"href":"https:\/\/imagazine.it\/home_desk\/wp-json\/wp\/v2\/posts\/34824\/revisions"}],"wp:featuredmedia":[{"embeddable":true,"href":"https:\/\/imagazine.it\/home_desk\/wp-json\/wp\/v2\/media\/34825"}],"wp:attachment":[{"href":"https:\/\/imagazine.it\/home_desk\/wp-json\/wp\/v2\/media?parent=34824"}],"wp:term":[{"taxonomy":"category","embeddable":true,"href":"https:\/\/imagazine.it\/home_desk\/wp-json\/wp\/v2\/categories?post=34824"},{"taxonomy":"post_tag","embeddable":true,"href":"https:\/\/imagazine.it\/home_desk\/wp-json\/wp\/v2\/tags?post=34824"}],"curies":[{"name":"wp","href":"https:\/\/api.w.org\/{rel}","templated":true}]}}