{"id":34820,"date":"2020-10-22T00:00:00","date_gmt":"2020-10-21T23:00:00","guid":{"rendered":"https:\/\/imagazine.it\/?p=34820"},"modified":"2020-10-22T00:00:00","modified_gmt":"2020-10-21T23:00:00","slug":"trieste-in-arrivo-50-appartamenti-ater-in-via-dellacqua","status":"publish","type":"post","link":"https:\/\/imagazine.it\/home_desk\/trieste-in-arrivo-50-appartamenti-ater-in-via-dellacqua\/","title":{"rendered":"Trieste, in arrivo 50 appartamenti Ater in via Dell&#8217;Acqua"},"content":{"rendered":"<p style=\"margin-left:7.1pt;\">Il Presidente dell\u2019Ater di Trieste, <strong>Riccardo Novacco<\/strong>, ha voluto tracciare un bilancio di quanto fatto in questi 12 mesi, delineando anche le priorit\u00e0 per l\u2019immediato futuro.<\/p>\n<p style=\"margin-left:7.1pt;\"><strong>ALLOGGI SFITTI<\/strong>. Erano circa 2 mila gli appartamenti sfitti registrati a settembre 2019, al momento dell\u2019insediamento del nuovo Consiglio di Amministrazione. \u201cCon il concreto aiuto della consigliera Paola Sgai, che ringrazio \u2013 spiega Novacco \u2013, abbiamo visionato finora 506 alloggi, 190 dei quali sono gi\u00e0 stati sistemati e consegnati, altri 109 sono gi\u00e0 oggetto di interventi e una trentina verranno consegnati a novembre.\u00a0 Alle volte si \u00e8 reso necessario solo qualche piccolo intervento, con una spesa contenuta, per renderli nuovamente fruibili. Si continuer\u00e0 in tal senso, anche perch\u00e9 il futuro dell\u2019Ater non \u00e8 tanto quello di procedere con nuove costruzioni, ma piuttosto di ristrutturare e valorizzare quelle gi\u00e0 esistenti, migliorandone l\u2019efficienza energetica e la funzionalit\u00e0\u201d.<\/p>\n<p style=\"margin-left:7.1pt;\"><strong>RIMOZIONI VEICOLI ABBANDONATI<\/strong>. Nell\u2019intento di migliorare la vita dei comprensori Ater, prosegue, grazie all\u2019accordo con il Comune di Trieste attraverso l\u2019operativit\u00e0 della Polizia Locale, la rimozione (e le sanzioni) dei mezzi a due e quattro ruote abbandonati. \u201cTra le aree pi\u00f9 critiche \u2013 segnala Novacco \u2013 i parcheggi delle \u201ccase dei Puffi\u201d e quelle di Valmaura. Ma si proseguir\u00e0 nel controllo e nel monitoraggio di tutti i park e i garage di pertinenza degli edifici Ater, al pari con un\u2019opera di sensibilizzazione, per evitare che nuovi episodi si verifichino in futuro\u201d.<\/p>\n<p style=\"margin-left:7.1pt;\"><strong>MICROAREE<\/strong>. \u201cL\u2019impegno di Ater \u2013 spiega Novacco \u2013 \u00e8 quello di rispondere ancora di pi\u00f9 alle esigenze degli inquilini attraverso le Microaree, punti di riferimento fondamentali sul territorio &#8211; sottolinea Novacco &#8211; con l\u2019obiettivo, grazie al supporto di Comune e Asugi, di venire incontro ai bisogni delle persone, un\u2019attenzione verso il benessere dei cittadini che si rivela fondamentale. Perch\u00e9 Ater deve avere sempre pi\u00f9 un ruolo sociale, nel supportare le famiglie e nell\u2019intercettare eventuali problematiche o richieste. Sul tema si sta occupando attivamente il consigliere Daniele Mosetti che ringrazio per la disponibilit\u00e0\u201d.<\/p>\n<p style=\"margin-left:7.1pt;\"><strong>PROTOCOLLO COVID<\/strong>. Durante tutta la situazione di emergenza, e anche dopo, l\u2019Ater \u00e8 intervenuta con opere di sanificazione degli spazi comuni di tutti gli edifici, per garantire la sicurezza in un momento delicato, legato alla diffusione del Covid-19. Un programma messo in campo attraverso un protocollo, volto a tutelare la salute di tutti gli inquilini.\u00a0 Inoltre non \u00e8 stata prevista alcuna mora per gli affitti relativi al periodo gennaio-giugno 2020 pagati in ritardo.<\/p>\n<p><a href=\"http:\/\/imagazinevideotruck.it\/outlet\/relink.html\" target=\"_top\" rel=\"noopener\"><img loading=\"lazy\" decoding=\"async\" align=\"LEFT\" height=\"250\" src=\"http:\/\/imagazinevideotruck.it\/outlet\/outlet30.gif\" width=\"300\" alt=\"\" title=\"\"><\/a><\/p>\n<p style=\"margin-left:7.1pt;\">\u00a0<\/p>\n<p style=\"margin-left:7.1pt;\">\u00a0<\/p>\n<p style=\"margin-left:7.1pt;\">\u00a0<\/p>\n<p style=\"margin-left:7.1pt;\">\u00a0<\/p>\n<p style=\"margin-left:7.1pt;\">\u00a0<\/p>\n<p style=\"margin-left:7.1pt;\">\u00a0<\/p>\n<p style=\"margin-left:7.1pt;\">\u00a0<\/p>\n<p style=\"margin-left:7.1pt;\">\u00a0<\/p>\n<p style=\"margin-left:7.1pt;\">\u00a0<\/p>\n<p style=\"margin-left:7.1pt;\"><strong>NUOVE CONSEGNE<\/strong>. I prossimi alloggi, che saranno consegnati tra qualche settimana, sono stati realizzati all\u2019insegna dell\u2019innovazione: palazzine pluriupiano con struttura portante interamente legno mai realizzate prima a Trieste e in regione, e tra i pochi edifici in Italia costruiti con tecniche che consentono un risparmio energetico su vari fronti. Si tratta delle case di <strong>via Cesare dell\u2019Acqua<\/strong>, cinquanta appartamenti, immersi nel verde, con vista panoramica su tutta la citt\u00e0, realizzati con un intervento ecocompatibile, a emissioni bassissime. Il riscaldamento ad aria, i pannelli solari e un sistema di recupero delle acque fanno del comprensorio un esempio in termini di tutela ambientale. E sulla facciata di una delle palazzine un monitor indicher\u00e0 in tempo reale il risparmio di emissioni di CO<sub>2<\/sub> ottenuto ogni giorno. Considerando l\u2019utilizzo di alcuni nuovi strumenti e modalit\u00e0 di gestione delle abitazioni, agli inquilini verranno fornite istruzioni precise per utilizzare al meglio gli appartamenti.<\/p>\n<p style=\"margin-left:7.1pt;\"><strong>PROGRAMMAZIONE<\/strong>. Le linee guida sono gi\u00e0 state deliberate, per un piano strategico che riguarder\u00e0 tutto il mandato. \u201cUna programmazione attenta con specifiche linee guida \u2013 sottolinea Novacco \u2013 che indicano come ogni area operativa dell\u2019Ater abbia ben definiti gli obiettivi da raggiungere e ogni sei mesi rendiconta al consiglio di amministrazione i risultati ottenuti. \u00c8 un sistema mai applicato prima, avviato grazie a un coinvolgimento dei nostri dipendenti, che ho incontrato personalmente. \u00c8 stato fondamentale dialogare con tutti, per esaminare ci\u00f2 che \u00e8 stato fatto e soprattutto quello che ancora serve fare\u201d.<\/p>\n<p style=\"margin-left:7.1pt;\"><strong>FORMAZIONE<\/strong>. Ater investe anche sulla formazione e l\u2019aggiornamento del personale, per migliorare l\u2019organizzazione generale dell\u2019ente. \u201cPenso che la formazione dei dipendenti sia un aspetto basilare. Abbiamo deliberato \u2013 annuncia Novacco \u2013 che il personale di determinati settori segua corsi alla Bocconi incentrati sull\u2019edilizia popolare, sulla sua gestione e sulla leadership. Alcuni hanno gi\u00e0 avuto la possibilit\u00e0 di parteciparvi, con il risultato di un lavoro pi\u00f9 efficace che ha portato anche a una soddisfazione in termini personali e professionali. In pi\u00f9 saremo una delle dieci Ater in tutta Italia che la Bocconi analizzer\u00e0, per fornire ulteriori indicazioni su come migliorare il lavoro. Diamo un segnale forte, la dimostrazione che un ente pubblico pu\u00f2 essere portato all\u2019eccellenza\u201d.<\/p>\n<p style=\"margin-left:7.1pt;\"><strong>DIGITALIZZAZIONE<\/strong>. Gi\u00e0 annunciata nei mesi scorsi la strada verso una completa digitalizzazione di Ater. \u201cSar\u00e0 un cambiamento radicale \u2013 conferma il presidente \u2013 che permetter\u00e0 a tutti gli utenti di svolgere una lunga serie di operazioni in totale autonomia. Attraverso il nuovo portale si potranno scaricare, compilare e inviare documenti, domande e richieste, con procedure che diventeranno pi\u00f9 snelle e rapide. Tra dicembre e gennaio partiremo con una prima nuova versione del sito che poi sar\u00e0 ulteriormente sviluppato e costantemente implementato. Fermo restando che saranno garantiti i servizi a disposizione di chi non ha familiarit\u00e0 con le nuove tecnologie o comunque preferisce rivolgersi ai nostri uffici\u201d.<\/p>\n<p style=\"margin-left:7.1pt;\"><strong>BANDI EDILIZIA SOVVENZIONATA<\/strong>. Sono state pubblicate le graduatorie provvisorie dei bandi di edilizia sovvenzionata per tutti i Comuni di competenza di Ater Trieste. Sono state ammesse 3.116 (88%) domande su un totale di 3.914 pervenute. I diretti interessati hanno tempo fino al 23 novembre per presentare eventuali osservazioni in merito alla posizione in graduatoria. Tutti i dati ed ulteriori dettagli saranno forniti agli organi di informazione con successivo comunicato.<\/p>\n<p style=\"margin-left:7.1pt;\"><strong>ATER e UTENZA<\/strong>. Il patrimonio immobiliare gestito complessivamente \u00e8 di 13.288 alloggi, di cui l\u201986% di propriet\u00e0 Ater. Il 92% \u00e8 di edilizia sovvenzionata. Il 50% supera i 40 anni di vetust\u00e0, il 30% i 60 anni.\u00a0 Il tasso di rinnovamento del patrimonio edilizio negli ultimi vent\u2019anni \u00e8 stato del 20%. Gli inquilini sono 19.417. La met\u00e0 dei titolari di contratti di edilizia sovvenzionata ha compiuto 65 anni. Il 48% degli inquilini vive da solo, il 32% con un\u2019altra persona. Il 92% dei titolari di contratto \u00e8 cittadino italiano.<\/p>\n<p style=\"margin-left:7.1pt;\"><strong>YOUTUBE E TWITTER<\/strong>. Per comunicare al meglio con i cittadini tutte le novit\u00e0 che riguardano l\u2019ente, \u00e8 gi\u00e0 attivo il canale ufficiale youtube di Ater, mentre da oggi sar\u00e0 aperto anche il profilo Twitter.<\/p>\n<p style=\"margin-left:7.1pt;\">\u201cSicuramente soddisfacente l\u2019attivit\u00e0 del primo anno del nuovo Cda dell\u2019Ater di Trieste \u2013 dichiara <strong>Graziano Pizzimenti<\/strong>, assessore regionale alle Infrastrutture e Territorio \u2013. In linea con la Regione ha infatti prediletto il riatto degli alloggi sfitti sia per dare una risposta pi\u00f9 rapida alle esigenze di alloggi popolari sia perch\u00e9 l\u2019indirizzo \u00e8 quello di rivalorizzare il patrimonio esistente al fine di evitare un maggior consumo di suolo. Un grande plauso a questa Amministrazione lo riservo anche al tema della rimozione dei veicoli abbandonati all\u2019interno di aree di propriet\u00e0 Ater. Si trattava di un problema trascinato da tantissimi anni e che finalmente ha avuto la sua soluzione\u201d.<\/p>\n","protected":false},"excerpt":{"rendered":"<p>Il presidente Novacco fa il bilancio del primo anno di attivit\u00e0<\/p>\n","protected":false},"author":28,"featured_media":34821,"comment_status":"closed","ping_status":"closed","sticky":false,"template":"","format":"standard","meta":{"dwc-title":[],"dwc-content":[],"footnotes":""},"categories":[5],"tags":[],"class_list":["post-34820","post","type-post","status-publish","format-standard","has-post-thumbnail","hentry","category-attualita"],"rttpg_featured_image_url":{"full":["https:\/\/imagazine.it\/wp-content\/uploads\/2024\/01\/36660-1.webp",1000,563,false],"landscape":["https:\/\/imagazine.it\/wp-content\/uploads\/2024\/01\/36660-1.webp",1000,563,false],"portraits":["https:\/\/imagazine.it\/wp-content\/uploads\/2024\/01\/36660-1.webp",1000,563,false],"thumbnail":["https:\/\/imagazine.it\/wp-content\/uploads\/2024\/01\/36660-1-150x150.webp",150,150,true],"medium":["https:\/\/imagazine.it\/wp-content\/uploads\/2024\/01\/36660-1-300x169.webp",300,169,true],"large":["https:\/\/imagazine.it\/wp-content\/uploads\/2024\/01\/36660-1.webp",640,360,false],"thumblist":["https:\/\/imagazine.it\/wp-content\/uploads\/2024\/01\/36660-1.webp",300,169,false],"thumbrelated":["https:\/\/imagazine.it\/wp-content\/uploads\/2024\/01\/36660-1.webp",500,282,false],"meccarouselthumb":["https:\/\/imagazine.it\/wp-content\/uploads\/2024\/01\/36660-1.webp",474,267,false],"gridsquare":["https:\/\/imagazine.it\/wp-content\/uploads\/2024\/01\/36660-1.webp",391,220,false],"tileview":["https:\/\/imagazine.it\/wp-content\/uploads\/2024\/01\/36660-1.webp",300,169,false],"1536x1536":["https:\/\/imagazine.it\/wp-content\/uploads\/2024\/01\/36660-1.webp",1000,563,false],"2048x2048":["https:\/\/imagazine.it\/wp-content\/uploads\/2024\/01\/36660-1.webp",1000,563,false],"newsup-slider-full":["https:\/\/imagazine.it\/wp-content\/uploads\/2024\/01\/36660-1.webp",1000,563,false],"newsup-featured":["https:\/\/imagazine.it\/wp-content\/uploads\/2024\/01\/36660-1.webp",1000,563,false],"newsup-medium":["https:\/\/imagazine.it\/wp-content\/uploads\/2024\/01\/36660-1-720x380.webp",720,380,true],"tptn_thumbnail":["https:\/\/imagazine.it\/wp-content\/uploads\/2024\/01\/36660-1.webp",250,141,false],"sow-carousel-default":["https:\/\/imagazine.it\/wp-content\/uploads\/2024\/01\/36660-1-272x182.webp",272,182,true]},"rttpg_author":{"display_name":"redazione","author_link":"https:\/\/imagazine.it\/home_desk\/author\/redazione\/"},"rttpg_comment":0,"rttpg_category":"<a href=\"https:\/\/imagazine.it\/home_desk\/category\/attualita\/\" rel=\"category tag\">ATTUALIT\u00c0<\/a>","rttpg_excerpt":"Il presidente Novacco fa il bilancio del primo anno di attivit\u00e0","_links":{"self":[{"href":"https:\/\/imagazine.it\/home_desk\/wp-json\/wp\/v2\/posts\/34820","targetHints":{"allow":["GET"]}}],"collection":[{"href":"https:\/\/imagazine.it\/home_desk\/wp-json\/wp\/v2\/posts"}],"about":[{"href":"https:\/\/imagazine.it\/home_desk\/wp-json\/wp\/v2\/types\/post"}],"author":[{"embeddable":true,"href":"https:\/\/imagazine.it\/home_desk\/wp-json\/wp\/v2\/users\/28"}],"replies":[{"embeddable":true,"href":"https:\/\/imagazine.it\/home_desk\/wp-json\/wp\/v2\/comments?post=34820"}],"version-history":[{"count":0,"href":"https:\/\/imagazine.it\/home_desk\/wp-json\/wp\/v2\/posts\/34820\/revisions"}],"wp:featuredmedia":[{"embeddable":true,"href":"https:\/\/imagazine.it\/home_desk\/wp-json\/wp\/v2\/media\/34821"}],"wp:attachment":[{"href":"https:\/\/imagazine.it\/home_desk\/wp-json\/wp\/v2\/media?parent=34820"}],"wp:term":[{"taxonomy":"category","embeddable":true,"href":"https:\/\/imagazine.it\/home_desk\/wp-json\/wp\/v2\/categories?post=34820"},{"taxonomy":"post_tag","embeddable":true,"href":"https:\/\/imagazine.it\/home_desk\/wp-json\/wp\/v2\/tags?post=34820"}],"curies":[{"name":"wp","href":"https:\/\/api.w.org\/{rel}","templated":true}]}}