{"id":34816,"date":"2020-10-21T00:00:00","date_gmt":"2020-10-20T23:00:00","guid":{"rendered":"https:\/\/imagazine.it\/?p=34816"},"modified":"2020-10-21T00:00:00","modified_gmt":"2020-10-20T23:00:00","slug":"gorizia-un-milione-di-euro-per-rifare-strade-e-marciapiedi","status":"publish","type":"post","link":"https:\/\/imagazine.it\/home_desk\/gorizia-un-milione-di-euro-per-rifare-strade-e-marciapiedi\/","title":{"rendered":"Gorizia, un milione di euro per rifare strade e marciapiedi"},"content":{"rendered":"<p>Il sindaco di <strong>Gorizia<\/strong>, <strong>Rodolfo Ziberna<\/strong>, ha annunciato oggi l\u2019avvio della progettazione definitiva per la riqualificazione di strade e marciapiedi.<\/p>\n<p>\u201cSi tratta di un programma \u2013 ha spiegato il primo cittadino \u2013 che era gi\u00e0 stato inserito nel piano delle opere pubbliche e prevedeva lavori per quasi due milioni di euro. Poi, all\u2019arrivo del Covid 19 si \u00e8 fermato tutto e, in attesa di riprendere la normale attivit\u00e0, bloccata dal lockdown,\u00a0una parte di questi fondi, 900 mila euro, sono stati stornati per interventi urgenti collegati all\u2019emergenza Covid ma saranno ripristinati in futuro. Si tratta di interventi attesi da tempo e che saranno accompagnati da altri lavori perch\u00e9 \u00e8 fondamentale migliorare la citt\u00e0, sia sotto l\u2019aspetto estetico sia per la sicurezza e, contestualmente, contribuire a rilanciare l\u2019economia con l\u2019apertura di nuovi cantieri\u201d.<\/p>\n<p>Il sindaco, peraltro, ha precisato che i fondi per i marciapiedi sono stati individuati e stanziati\u00a0da tempo e non arrivano da altri progetti soppressi.<\/p>\n<p>A essere interessate\u00a0dai lavori saranno <strong>le vie Toscanini, Consortiva, Rossini, Bellini, Randaccio, Brigata Pavia, Madonnina del Fante e Visini<\/strong>.<\/p>\n<p><a href=\"http:\/\/imagazinevideotruck.it\/outlet\/relink.html\" target=\"_top\" rel=\"noopener\"><img loading=\"lazy\" decoding=\"async\" align=\"LEFT\" height=\"250\" src=\"http:\/\/imagazinevideotruck.it\/outlet\/outlet30.gif\" width=\"300\" alt=\"\" title=\"\"><\/a><\/p>\n<p>\u00a0<\/p>\n<p>\u00a0<\/p>\n<p>\u00a0<\/p>\n<p>\u00a0<\/p>\n<p>\u00a0<\/p>\n<p>\u00a0<\/p>\n<p>\u00a0<\/p>\n<p>\u00a0<\/p>\n<p>\u00a0<\/p>\n<p>Sono previsti interventi sia sul manto stradale sia sui marciapiedi. In alcuni casi, saranno effettuati anche dei miglioramenti sotto l\u2019aspetto della viabilit\u00e0.<\/p>\n<p>A realizzare il progetto definitivo esecutivo sar\u00e0 l\u2019ingegner <strong>Marco Del Pin<\/strong>, con studio a San Giorgio di Nogaro.<\/p>\n","protected":false},"excerpt":{"rendered":"<p>L&#8217;annuncio del sindaco Ziberna<\/p>\n","protected":false},"author":28,"featured_media":34817,"comment_status":"closed","ping_status":"closed","sticky":false,"template":"","format":"standard","meta":{"dwc-title":[],"dwc-content":[],"footnotes":""},"categories":[5],"tags":[],"class_list":["post-34816","post","type-post","status-publish","format-standard","has-post-thumbnail","hentry","category-attualita"],"rttpg_featured_image_url":{"full":["https:\/\/imagazine.it\/wp-content\/uploads\/2024\/01\/36649-1.webp",1000,662,false],"landscape":["https:\/\/imagazine.it\/wp-content\/uploads\/2024\/01\/36649-1.webp",1000,662,false],"portraits":["https:\/\/imagazine.it\/wp-content\/uploads\/2024\/01\/36649-1.webp",1000,662,false],"thumbnail":["https:\/\/imagazine.it\/wp-content\/uploads\/2024\/01\/36649-1-150x150.webp",150,150,true],"medium":["https:\/\/imagazine.it\/wp-content\/uploads\/2024\/01\/36649-1-300x199.webp",300,199,true],"large":["https:\/\/imagazine.it\/wp-content\/uploads\/2024\/01\/36649-1.webp",640,424,false],"thumblist":["https:\/\/imagazine.it\/wp-content\/uploads\/2024\/01\/36649-1.webp",300,199,false],"thumbrelated":["https:\/\/imagazine.it\/wp-content\/uploads\/2024\/01\/36649-1.webp",500,331,false],"meccarouselthumb":["https:\/\/imagazine.it\/wp-content\/uploads\/2024\/01\/36649-1.webp",474,314,false],"gridsquare":["https:\/\/imagazine.it\/wp-content\/uploads\/2024\/01\/36649-1.webp",391,260,false],"tileview":["https:\/\/imagazine.it\/wp-content\/uploads\/2024\/01\/36649-1.webp",300,199,false],"1536x1536":["https:\/\/imagazine.it\/wp-content\/uploads\/2024\/01\/36649-1.webp",1000,662,false],"2048x2048":["https:\/\/imagazine.it\/wp-content\/uploads\/2024\/01\/36649-1.webp",1000,662,false],"newsup-slider-full":["https:\/\/imagazine.it\/wp-content\/uploads\/2024\/01\/36649-1.webp",1000,662,false],"newsup-featured":["https:\/\/imagazine.it\/wp-content\/uploads\/2024\/01\/36649-1.webp",1000,662,false],"newsup-medium":["https:\/\/imagazine.it\/wp-content\/uploads\/2024\/01\/36649-1-720x380.webp",720,380,true],"tptn_thumbnail":["https:\/\/imagazine.it\/wp-content\/uploads\/2024\/01\/36649-1.webp",250,166,false],"sow-carousel-default":["https:\/\/imagazine.it\/wp-content\/uploads\/2024\/01\/36649-1-272x182.webp",272,182,true]},"rttpg_author":{"display_name":"redazione","author_link":"https:\/\/imagazine.it\/home_desk\/author\/redazione\/"},"rttpg_comment":0,"rttpg_category":"<a href=\"https:\/\/imagazine.it\/home_desk\/category\/attualita\/\" rel=\"category tag\">ATTUALIT\u00c0<\/a>","rttpg_excerpt":"L'annuncio del sindaco Ziberna","_links":{"self":[{"href":"https:\/\/imagazine.it\/home_desk\/wp-json\/wp\/v2\/posts\/34816","targetHints":{"allow":["GET"]}}],"collection":[{"href":"https:\/\/imagazine.it\/home_desk\/wp-json\/wp\/v2\/posts"}],"about":[{"href":"https:\/\/imagazine.it\/home_desk\/wp-json\/wp\/v2\/types\/post"}],"author":[{"embeddable":true,"href":"https:\/\/imagazine.it\/home_desk\/wp-json\/wp\/v2\/users\/28"}],"replies":[{"embeddable":true,"href":"https:\/\/imagazine.it\/home_desk\/wp-json\/wp\/v2\/comments?post=34816"}],"version-history":[{"count":0,"href":"https:\/\/imagazine.it\/home_desk\/wp-json\/wp\/v2\/posts\/34816\/revisions"}],"wp:featuredmedia":[{"embeddable":true,"href":"https:\/\/imagazine.it\/home_desk\/wp-json\/wp\/v2\/media\/34817"}],"wp:attachment":[{"href":"https:\/\/imagazine.it\/home_desk\/wp-json\/wp\/v2\/media?parent=34816"}],"wp:term":[{"taxonomy":"category","embeddable":true,"href":"https:\/\/imagazine.it\/home_desk\/wp-json\/wp\/v2\/categories?post=34816"},{"taxonomy":"post_tag","embeddable":true,"href":"https:\/\/imagazine.it\/home_desk\/wp-json\/wp\/v2\/tags?post=34816"}],"curies":[{"name":"wp","href":"https:\/\/api.w.org\/{rel}","templated":true}]}}