{"id":34812,"date":"2020-10-18T00:00:00","date_gmt":"2020-10-17T23:00:00","guid":{"rendered":"https:\/\/imagazine.it\/?p=34812"},"modified":"2020-10-18T00:00:00","modified_gmt":"2020-10-17T23:00:00","slug":"turriaco-riprende-lattivita-dei-minidiman","status":"publish","type":"post","link":"https:\/\/imagazine.it\/home_desk\/turriaco-riprende-lattivita-dei-minidiman\/","title":{"rendered":"Turriaco, riprende l&#8217;attivit\u00e0 dei MiniDiman"},"content":{"rendered":"<p>Gioved\u00ec 29 ottobre 2020 riprender\u00e0 il Corso di propedeutica al canto e alla musica del MINI DIMAN del Gruppo Costumi Tradizionali Bisiachi, con la maestra <strong>Caterina Biasiol<\/strong>, dedicato ai bambini dai 4 ai 7 anni.<\/p>\n<p>I fanciulli, attraverso giochi, canzoni, movimenti di coordinazione, impareranno a riconoscere il suono e il silenzio, il piano e il forte, l\u2019alto e il basso e i diversi timbri dei suoni e degli strumenti musicali.\u00a0 Impareranno a muoversi nello spazio coordinatamente associando dei movimenti a diversi suoni.<\/p>\n<p>I Mini Diman si esibiranno in un loro repertorio e talvolta assieme al Coro Diman (8-15 anni) fino a farne parte se lo desiderano. Per informazioni rivolgersi alla maestra Biasiol o a <a href=\"mailto:costumibisiachi@libero.ti\">costumibisiachi@libero.ti<\/a> tel. 3474612447.<\/p>\n","protected":false},"excerpt":{"rendered":"<p>A partire dal 29 ottobre<\/p>\n","protected":false},"author":22,"featured_media":34813,"comment_status":"closed","ping_status":"closed","sticky":false,"template":"","format":"standard","meta":{"dwc-title":[],"dwc-content":[],"footnotes":""},"categories":[37],"tags":[],"class_list":["post-34812","post","type-post","status-publish","format-standard","has-post-thumbnail","hentry","category-cultura-e-spettacolo"],"rttpg_featured_image_url":{"full":["https:\/\/imagazine.it\/wp-content\/uploads\/2024\/01\/36625-1.webp",900,536,false],"landscape":["https:\/\/imagazine.it\/wp-content\/uploads\/2024\/01\/36625-1.webp",900,536,false],"portraits":["https:\/\/imagazine.it\/wp-content\/uploads\/2024\/01\/36625-1.webp",900,536,false],"thumbnail":["https:\/\/imagazine.it\/wp-content\/uploads\/2024\/01\/36625-1-150x150.webp",150,150,true],"medium":["https:\/\/imagazine.it\/wp-content\/uploads\/2024\/01\/36625-1-300x179.webp",300,179,true],"large":["https:\/\/imagazine.it\/wp-content\/uploads\/2024\/01\/36625-1.webp",640,381,false],"thumblist":["https:\/\/imagazine.it\/wp-content\/uploads\/2024\/01\/36625-1.webp",300,179,false],"thumbrelated":["https:\/\/imagazine.it\/wp-content\/uploads\/2024\/01\/36625-1.webp",500,298,false],"meccarouselthumb":["https:\/\/imagazine.it\/wp-content\/uploads\/2024\/01\/36625-1.webp",474,282,false],"gridsquare":["https:\/\/imagazine.it\/wp-content\/uploads\/2024\/01\/36625-1.webp",391,233,false],"tileview":["https:\/\/imagazine.it\/wp-content\/uploads\/2024\/01\/36625-1.webp",300,179,false],"1536x1536":["https:\/\/imagazine.it\/wp-content\/uploads\/2024\/01\/36625-1.webp",900,536,false],"2048x2048":["https:\/\/imagazine.it\/wp-content\/uploads\/2024\/01\/36625-1.webp",900,536,false],"newsup-slider-full":["https:\/\/imagazine.it\/wp-content\/uploads\/2024\/01\/36625-1.webp",900,536,false],"newsup-featured":["https:\/\/imagazine.it\/wp-content\/uploads\/2024\/01\/36625-1.webp",900,536,false],"newsup-medium":["https:\/\/imagazine.it\/wp-content\/uploads\/2024\/01\/36625-1-720x380.webp",720,380,true],"tptn_thumbnail":["https:\/\/imagazine.it\/wp-content\/uploads\/2024\/01\/36625-1.webp",250,149,false],"sow-carousel-default":["https:\/\/imagazine.it\/wp-content\/uploads\/2024\/01\/36625-1-272x182.webp",272,182,true]},"rttpg_author":{"display_name":"Livio Nonis","author_link":"https:\/\/imagazine.it\/home_desk\/author\/nonis\/"},"rttpg_comment":0,"rttpg_category":"<a href=\"https:\/\/imagazine.it\/home_desk\/category\/cultura-e-spettacolo\/\" rel=\"category tag\">CULTURA&amp;SPETTACOLO<\/a>","rttpg_excerpt":"A partire dal 29 ottobre","_links":{"self":[{"href":"https:\/\/imagazine.it\/home_desk\/wp-json\/wp\/v2\/posts\/34812","targetHints":{"allow":["GET"]}}],"collection":[{"href":"https:\/\/imagazine.it\/home_desk\/wp-json\/wp\/v2\/posts"}],"about":[{"href":"https:\/\/imagazine.it\/home_desk\/wp-json\/wp\/v2\/types\/post"}],"author":[{"embeddable":true,"href":"https:\/\/imagazine.it\/home_desk\/wp-json\/wp\/v2\/users\/22"}],"replies":[{"embeddable":true,"href":"https:\/\/imagazine.it\/home_desk\/wp-json\/wp\/v2\/comments?post=34812"}],"version-history":[{"count":0,"href":"https:\/\/imagazine.it\/home_desk\/wp-json\/wp\/v2\/posts\/34812\/revisions"}],"wp:featuredmedia":[{"embeddable":true,"href":"https:\/\/imagazine.it\/home_desk\/wp-json\/wp\/v2\/media\/34813"}],"wp:attachment":[{"href":"https:\/\/imagazine.it\/home_desk\/wp-json\/wp\/v2\/media?parent=34812"}],"wp:term":[{"taxonomy":"category","embeddable":true,"href":"https:\/\/imagazine.it\/home_desk\/wp-json\/wp\/v2\/categories?post=34812"},{"taxonomy":"post_tag","embeddable":true,"href":"https:\/\/imagazine.it\/home_desk\/wp-json\/wp\/v2\/tags?post=34812"}],"curies":[{"name":"wp","href":"https:\/\/api.w.org\/{rel}","templated":true}]}}