{"id":34804,"date":"2020-10-21T00:00:00","date_gmt":"2020-10-20T23:00:00","guid":{"rendered":"https:\/\/imagazine.it\/?p=34804"},"modified":"2020-10-21T00:00:00","modified_gmt":"2020-10-20T23:00:00","slug":"dallaustria-a-gorizia-per-la-mostra-su-vienna","status":"publish","type":"post","link":"https:\/\/imagazine.it\/home_desk\/dallaustria-a-gorizia-per-la-mostra-su-vienna\/","title":{"rendered":"Dall&#8217;Austria a Gorizia per la mostra su Vienna"},"content":{"rendered":"<p>L\u2019interesse per la mostra \u201cVienna 1900. Grafica e design\u201d, allestita a Palazzo Attems Petzenstein di Gorizia, varca i confini.<\/p>\n<p>Ieri <strong>Stephan Schild<\/strong>, giornalista della testata austriaca\u00a0<em>Kleine Zeitung<\/em>, ha visitato la mostra e raccolto il materiale per un articolo che uscir\u00e0 nei prossimi giorni.<\/p>\n<p>Accompagnato dalla direttrice dei Musei Provinciali <strong>Raffaella Sgubin<\/strong>, Schild si \u00e8 detto particolarmente soddisfatto del percorso espositivo della mostra organizzata da Erpac FVG e dedicata alla Secessione viennese.<\/p>\n<p>La mostra \u00e8 aperta dal marted\u00ec alla domenica dalle 10 alle 18; luned\u00ec chiuso.<\/p>\n<p>Per info:\u00a0<strong><u><a href=\"http:\/\/www.musei.regione.fvg.it\/\" target=\"_blank\" rel=\"noopener\">www.musei.regione.fvg.it<\/a><\/u><\/strong><\/p>\n","protected":false},"excerpt":{"rendered":"<p>&#8220;Grafica e design&#8221;<\/p>\n","protected":false},"author":28,"featured_media":34805,"comment_status":"closed","ping_status":"closed","sticky":false,"template":"","format":"standard","meta":{"dwc-title":[],"dwc-content":[],"footnotes":""},"categories":[37],"tags":[],"class_list":["post-34804","post","type-post","status-publish","format-standard","has-post-thumbnail","hentry","category-cultura-e-spettacolo"],"rttpg_featured_image_url":{"full":["https:\/\/imagazine.it\/wp-content\/uploads\/2024\/01\/36619-1.webp",800,506,false],"landscape":["https:\/\/imagazine.it\/wp-content\/uploads\/2024\/01\/36619-1.webp",800,506,false],"portraits":["https:\/\/imagazine.it\/wp-content\/uploads\/2024\/01\/36619-1.webp",800,506,false],"thumbnail":["https:\/\/imagazine.it\/wp-content\/uploads\/2024\/01\/36619-1-150x150.webp",150,150,true],"medium":["https:\/\/imagazine.it\/wp-content\/uploads\/2024\/01\/36619-1-300x190.webp",300,190,true],"large":["https:\/\/imagazine.it\/wp-content\/uploads\/2024\/01\/36619-1.webp",640,405,false],"thumblist":["https:\/\/imagazine.it\/wp-content\/uploads\/2024\/01\/36619-1.webp",300,190,false],"thumbrelated":["https:\/\/imagazine.it\/wp-content\/uploads\/2024\/01\/36619-1.webp",500,316,false],"meccarouselthumb":["https:\/\/imagazine.it\/wp-content\/uploads\/2024\/01\/36619-1.webp",474,300,false],"gridsquare":["https:\/\/imagazine.it\/wp-content\/uploads\/2024\/01\/36619-1.webp",391,247,false],"tileview":["https:\/\/imagazine.it\/wp-content\/uploads\/2024\/01\/36619-1.webp",300,190,false],"1536x1536":["https:\/\/imagazine.it\/wp-content\/uploads\/2024\/01\/36619-1.webp",800,506,false],"2048x2048":["https:\/\/imagazine.it\/wp-content\/uploads\/2024\/01\/36619-1.webp",800,506,false],"newsup-slider-full":["https:\/\/imagazine.it\/wp-content\/uploads\/2024\/01\/36619-1.webp",800,506,false],"newsup-featured":["https:\/\/imagazine.it\/wp-content\/uploads\/2024\/01\/36619-1.webp",800,506,false],"newsup-medium":["https:\/\/imagazine.it\/wp-content\/uploads\/2024\/01\/36619-1-720x380.webp",720,380,true],"tptn_thumbnail":["https:\/\/imagazine.it\/wp-content\/uploads\/2024\/01\/36619-1.webp",250,158,false],"sow-carousel-default":["https:\/\/imagazine.it\/wp-content\/uploads\/2024\/01\/36619-1-272x182.webp",272,182,true]},"rttpg_author":{"display_name":"redazione","author_link":"https:\/\/imagazine.it\/home_desk\/author\/redazione\/"},"rttpg_comment":0,"rttpg_category":"<a href=\"https:\/\/imagazine.it\/home_desk\/category\/cultura-e-spettacolo\/\" rel=\"category tag\">CULTURA&amp;SPETTACOLO<\/a>","rttpg_excerpt":"\"Grafica e design\"","_links":{"self":[{"href":"https:\/\/imagazine.it\/home_desk\/wp-json\/wp\/v2\/posts\/34804","targetHints":{"allow":["GET"]}}],"collection":[{"href":"https:\/\/imagazine.it\/home_desk\/wp-json\/wp\/v2\/posts"}],"about":[{"href":"https:\/\/imagazine.it\/home_desk\/wp-json\/wp\/v2\/types\/post"}],"author":[{"embeddable":true,"href":"https:\/\/imagazine.it\/home_desk\/wp-json\/wp\/v2\/users\/28"}],"replies":[{"embeddable":true,"href":"https:\/\/imagazine.it\/home_desk\/wp-json\/wp\/v2\/comments?post=34804"}],"version-history":[{"count":0,"href":"https:\/\/imagazine.it\/home_desk\/wp-json\/wp\/v2\/posts\/34804\/revisions"}],"wp:featuredmedia":[{"embeddable":true,"href":"https:\/\/imagazine.it\/home_desk\/wp-json\/wp\/v2\/media\/34805"}],"wp:attachment":[{"href":"https:\/\/imagazine.it\/home_desk\/wp-json\/wp\/v2\/media?parent=34804"}],"wp:term":[{"taxonomy":"category","embeddable":true,"href":"https:\/\/imagazine.it\/home_desk\/wp-json\/wp\/v2\/categories?post=34804"},{"taxonomy":"post_tag","embeddable":true,"href":"https:\/\/imagazine.it\/home_desk\/wp-json\/wp\/v2\/tags?post=34804"}],"curies":[{"name":"wp","href":"https:\/\/api.w.org\/{rel}","templated":true}]}}