{"id":34800,"date":"2020-10-20T00:00:00","date_gmt":"2020-10-19T23:00:00","guid":{"rendered":"https:\/\/imagazine.it\/?p=34800"},"modified":"2020-10-20T00:00:00","modified_gmt":"2020-10-19T23:00:00","slug":"san-daniele-nuovi-investimenti-per-la-guarneriana","status":"publish","type":"post","link":"https:\/\/imagazine.it\/home_desk\/san-daniele-nuovi-investimenti-per-la-guarneriana\/","title":{"rendered":"San Daniele, nuovi investimenti per la Guarneriana"},"content":{"rendered":"<p>&#8220;La Guarneriana \u00e8 un tesoro del Friuli Venezia Giulia da far conoscere maggiormente a livello nazionale e internazionale. Non solo il posto in s\u00e8 e quello che contiene ne fa un&#39;eccellenza, ma anche coloro che hanno saputo conservarla e custodirla: sono certo che San Daniele, gi\u00e0 cos\u00ec rinomata per il suo paesaggio e i suoi prodotti, sapr\u00e0 trovare la migliore valorizzazione anche di questo patrimonio&#8221;.<\/p>\n<p>Lo ha sottolineato il governatore del Friuli Venezia Giulia, <strong>Massimiliano Fedriga<\/strong>, al termine della visita alla biblioteca Guarneriana di San Daniele assieme all&#39;assessore regionale alla Cultura, <strong>Tiziana Gibelli<\/strong>.<\/p>\n<p>Fondata da Guarnerio d&#39;Artegna, visitata da personaggi illustri come Ippolito Nievo e Giosu\u00e8 Carducci, \u00e8 la pi\u00f9 antica biblioteca friulana e una delle prime biblioteche pubbliche d&#39;Europa. Sorta nel 1466 presso l&#39;ex palazzo comunale, ospita circa 600 codici manoscritti, 84 incunaboli, pi\u00f9 di 700 cinquecentine e altre preziosit\u00e0 a stampa per un totale di 12mila libri antichi.<\/p>\n<p>Fedriga e Gibelli, presenti anche l&#39;assessore regionale alle Autonomie locali, <strong>Pierpaolo Roberti<\/strong>, e il presidente del Consiglio regionale, <strong>Piero Mauro Zanin<\/strong>, hanno potuto apprezzare dal vivo la rara edizione dell&#39;Inferno di Dante del XIV secolo, la Bibbia bizantina, le cui miniature costituiscono un&#39;interessante commistione tra elementi occidentali e levantini, il primo incunabolo delle Costituzioni della Patria del Friuli (1484).<\/p>\n<p><a href=\"http:\/\/imagazinevideotruck.it\/outlet\/relink.html\" target=\"_top\" rel=\"noopener\"><img loading=\"lazy\" decoding=\"async\" align=\"LEFT\" height=\"250\" src=\"http:\/\/imagazinevideotruck.it\/outlet\/outlet30.gif\" width=\"300\" alt=\"\" title=\"\"><\/a><\/p>\n<p>\u00a0<\/p>\n<p>\u00a0<\/p>\n<p>\u00a0<\/p>\n<p>\u00a0<\/p>\n<p>\u00a0<\/p>\n<p>\u00a0<\/p>\n<p>\u00a0<\/p>\n<p>\u00a0<\/p>\n<p>\u00a0<\/p>\n<p>&#8220;Aprire al pubblico &#8211; ha spiegato Gibelli &#8211; e offrire la possibilit\u00e0 di &#39;sfogliare&#39; digitalmente online i codici, risponde al duplice obiettivo di rendere disponibili preziose risorse culturali che altrimenti rimarrebbero accessibili solo agli addetti ai lavori ed al contempo proteggerle dal deterioramento provocato dalla fruizione manuale, riuscendo cos\u00ec a realizzare insieme valorizzazione e conservazione. \u00c8 necessario trovare spazi adeguati per mettere a disposizione l&#39;inestimabile patrimonio della Biblioteca Guarnieriana: si tratta di un progetto avviato e ambizioso, sia per questione di tempi che di costi, perch\u00e8 quanto conservato qui \u00e8 inevitabilmente materiale delicatissimo, ma in cui l&#39;Amministrazione regionale &#8211; ha assicurato Gibelli &#8211; continuer\u00e0 a investire&#8221;.<br \/> Da parte del sindaco <strong>Pietro Valent<\/strong> \u00e8 stata confermata la forte sinergia tra la Regione e l&#39;Amministrazione comunale per la maggiore valorizzazione della Biblioteca.<\/p>\n<p>&#8220;Grazie al finanziamento regionale di 350 mila euro nel 2021 &#8211; ha spiegato Valent &#8211; partiranno i lavori per la sistemazione dell&#39;area moderna, altro tassello importante per il progetto che vede la biblioteca aprirsi sempre maggiormente alla fruizione di pubblico e visitatori&#8221;.<\/p>\n","protected":false},"excerpt":{"rendered":"<p>Visita dei vertici della Regione<\/p>\n","protected":false},"author":28,"featured_media":34801,"comment_status":"closed","ping_status":"closed","sticky":false,"template":"","format":"standard","meta":{"dwc-title":[],"dwc-content":[],"footnotes":""},"categories":[37],"tags":[],"class_list":["post-34800","post","type-post","status-publish","format-standard","has-post-thumbnail","hentry","category-cultura-e-spettacolo"],"rttpg_featured_image_url":{"full":["https:\/\/imagazine.it\/wp-content\/uploads\/2024\/01\/36616-1.webp",800,528,false],"landscape":["https:\/\/imagazine.it\/wp-content\/uploads\/2024\/01\/36616-1.webp",800,528,false],"portraits":["https:\/\/imagazine.it\/wp-content\/uploads\/2024\/01\/36616-1.webp",800,528,false],"thumbnail":["https:\/\/imagazine.it\/wp-content\/uploads\/2024\/01\/36616-1-150x150.webp",150,150,true],"medium":["https:\/\/imagazine.it\/wp-content\/uploads\/2024\/01\/36616-1-300x198.webp",300,198,true],"large":["https:\/\/imagazine.it\/wp-content\/uploads\/2024\/01\/36616-1.webp",640,422,false],"thumblist":["https:\/\/imagazine.it\/wp-content\/uploads\/2024\/01\/36616-1.webp",300,198,false],"thumbrelated":["https:\/\/imagazine.it\/wp-content\/uploads\/2024\/01\/36616-1.webp",500,330,false],"meccarouselthumb":["https:\/\/imagazine.it\/wp-content\/uploads\/2024\/01\/36616-1.webp",474,313,false],"gridsquare":["https:\/\/imagazine.it\/wp-content\/uploads\/2024\/01\/36616-1.webp",391,258,false],"tileview":["https:\/\/imagazine.it\/wp-content\/uploads\/2024\/01\/36616-1.webp",300,198,false],"1536x1536":["https:\/\/imagazine.it\/wp-content\/uploads\/2024\/01\/36616-1.webp",800,528,false],"2048x2048":["https:\/\/imagazine.it\/wp-content\/uploads\/2024\/01\/36616-1.webp",800,528,false],"newsup-slider-full":["https:\/\/imagazine.it\/wp-content\/uploads\/2024\/01\/36616-1.webp",800,528,false],"newsup-featured":["https:\/\/imagazine.it\/wp-content\/uploads\/2024\/01\/36616-1.webp",800,528,false],"newsup-medium":["https:\/\/imagazine.it\/wp-content\/uploads\/2024\/01\/36616-1-720x380.webp",720,380,true],"tptn_thumbnail":["https:\/\/imagazine.it\/wp-content\/uploads\/2024\/01\/36616-1.webp",250,165,false],"sow-carousel-default":["https:\/\/imagazine.it\/wp-content\/uploads\/2024\/01\/36616-1-272x182.webp",272,182,true]},"rttpg_author":{"display_name":"redazione","author_link":"https:\/\/imagazine.it\/home_desk\/author\/redazione\/"},"rttpg_comment":0,"rttpg_category":"<a href=\"https:\/\/imagazine.it\/home_desk\/category\/cultura-e-spettacolo\/\" rel=\"category tag\">CULTURA&amp;SPETTACOLO<\/a>","rttpg_excerpt":"Visita dei vertici della Regione","_links":{"self":[{"href":"https:\/\/imagazine.it\/home_desk\/wp-json\/wp\/v2\/posts\/34800","targetHints":{"allow":["GET"]}}],"collection":[{"href":"https:\/\/imagazine.it\/home_desk\/wp-json\/wp\/v2\/posts"}],"about":[{"href":"https:\/\/imagazine.it\/home_desk\/wp-json\/wp\/v2\/types\/post"}],"author":[{"embeddable":true,"href":"https:\/\/imagazine.it\/home_desk\/wp-json\/wp\/v2\/users\/28"}],"replies":[{"embeddable":true,"href":"https:\/\/imagazine.it\/home_desk\/wp-json\/wp\/v2\/comments?post=34800"}],"version-history":[{"count":0,"href":"https:\/\/imagazine.it\/home_desk\/wp-json\/wp\/v2\/posts\/34800\/revisions"}],"wp:featuredmedia":[{"embeddable":true,"href":"https:\/\/imagazine.it\/home_desk\/wp-json\/wp\/v2\/media\/34801"}],"wp:attachment":[{"href":"https:\/\/imagazine.it\/home_desk\/wp-json\/wp\/v2\/media?parent=34800"}],"wp:term":[{"taxonomy":"category","embeddable":true,"href":"https:\/\/imagazine.it\/home_desk\/wp-json\/wp\/v2\/categories?post=34800"},{"taxonomy":"post_tag","embeddable":true,"href":"https:\/\/imagazine.it\/home_desk\/wp-json\/wp\/v2\/tags?post=34800"}],"curies":[{"name":"wp","href":"https:\/\/api.w.org\/{rel}","templated":true}]}}