{"id":34788,"date":"2020-10-19T00:00:00","date_gmt":"2020-10-18T23:00:00","guid":{"rendered":"https:\/\/imagazine.it\/?p=34788"},"modified":"2020-10-19T00:00:00","modified_gmt":"2020-10-18T23:00:00","slug":"coronavirus-inaugurato-punto-tamponi-a-codroipo","status":"publish","type":"post","link":"https:\/\/imagazine.it\/home_desk\/coronavirus-inaugurato-punto-tamponi-a-codroipo\/","title":{"rendered":"Coronavirus, inaugurato punto tamponi a Codroipo"},"content":{"rendered":"<p>Il vicegovernatore con delega alla Salute, <strong>Riccardo Riccardi<\/strong>, ha inaugurato oggi il nuovo punto tamponi a disposizione degli 11 Comuni serviti dal Distretto sanitario di viale Duodo a Codroipo.<\/p>\n<p>&#8220;La capillare distribuzione territoriale di questi punti dove potersi sottoporre ai test riduce il disagio della popolazione, crea meno rischi di code e assembramenti, velocizza le operazioni di verifica dell&#39;eventuale positivit\u00e0 e del tracciamento. A questo proposito &#8211; ha sottolineato Riccardi &#8211; l&#39;invito alla popolazione \u00e8 anche ad attivare la funzionalit\u00e0 di Sesamo, strumento che mai come in questa emergenza dimostra la sua utilit\u00e0, visto che permette di ridurre contatti e spostamenti per verificare dati e esiti diagnostici&#8221;.<br \/> Il punto tamponi di Codroipo ha aperto oggi, con all&#39;attivo gi\u00e0 50 persone prenotate, e sar\u00e0 operativo dal luned\u00ec al venerd\u00ec dalle ore 10 alle 14.<\/p>\n<p>La prenotazione avverr\u00e0 tramite richiesta al medico di medicina generale o al pediatra da parte di persone che manifestino sintomi sospetti. Il medico e il pediatra hanno a loro disposizione una mail dedicata con cui richiedere al Distretto gli appuntamenti che verranno fissati seguendo tre fasce orarie suddivise per tipologia di utenza: nelle prime due ore (10-12) gli adulti; nella seguente ora (12-13) i bambini e ragazzi; dalle 13 alle 14 le persone inviate direttamente dal Dipartimento di prevenzione per effettuare il tracciamento a seguito di contatto con positivo.<\/p>\n<p>L&#39;esito del tampone sar\u00e0 comunicato con maggiore velocit\u00e0 a chi ha abilitato l&#39;applicativo Sesamo, per la cui attivazione e raccolta di consenso informato sono a disposizione con servizio di assistenza gli sportelli del Cup del Distretto.<\/p>\n<p>L&#39;azienda sta valutando anche in questi giorni la possibilit\u00e0 di inviare con sms su utenze di telefonia mobile l&#39;esito (se negativo) del tampone.<\/p>\n<p>La capacit\u00e0 media giornaliera \u00e8 stata stimata per il momento a 60 tamponi, con la messa a disposizione di due infermiere, un medico Usca e un dipendente Oos per il back office.<\/p>\n<p><a href=\"http:\/\/imagazinevideotruck.it\/outlet\/relink.html\" target=\"_top\" rel=\"noopener\"><img loading=\"lazy\" decoding=\"async\" align=\"LEFT\" height=\"250\" src=\"http:\/\/imagazinevideotruck.it\/outlet\/outlet30.gif\" width=\"300\" alt=\"\" title=\"\"><\/a><\/p>\n<p>\u00a0<\/p>\n<p>\u00a0<\/p>\n<p>\u00a0<\/p>\n<p>\u00a0<\/p>\n<p>\u00a0<\/p>\n<p>\u00a0<\/p>\n<p>\u00a0<\/p>\n<p>\u00a0<\/p>\n<p>\u00a0<\/p>\n<p>&#8220;Restano assicurati sempre &#8211; spiega la direttrice del distretto, <strong>Bruna Mattiussi<\/strong> &#8211; i tamponi a domicilio per persone con sintomi sospetti da Covid-19 o intrasportabili e quelli a disposizione dei pazienti che devono sottoporsi a lunghi cicli di cure specialistiche&#8221;.<\/p>\n","protected":false},"excerpt":{"rendered":"<p>Operativo dal luned\u00ec al venerd\u00ec<\/p>\n","protected":false},"author":28,"featured_media":34789,"comment_status":"closed","ping_status":"closed","sticky":false,"template":"","format":"standard","meta":{"dwc-title":[],"dwc-content":[],"footnotes":""},"categories":[5],"tags":[],"class_list":["post-34788","post","type-post","status-publish","format-standard","has-post-thumbnail","hentry","category-attualita"],"rttpg_featured_image_url":{"full":["https:\/\/imagazine.it\/wp-content\/uploads\/2024\/01\/36586-1.webp",1000,784,false],"landscape":["https:\/\/imagazine.it\/wp-content\/uploads\/2024\/01\/36586-1.webp",1000,784,false],"portraits":["https:\/\/imagazine.it\/wp-content\/uploads\/2024\/01\/36586-1.webp",1000,784,false],"thumbnail":["https:\/\/imagazine.it\/wp-content\/uploads\/2024\/01\/36586-1-150x150.webp",150,150,true],"medium":["https:\/\/imagazine.it\/wp-content\/uploads\/2024\/01\/36586-1-300x235.webp",300,235,true],"large":["https:\/\/imagazine.it\/wp-content\/uploads\/2024\/01\/36586-1.webp",640,502,false],"thumblist":["https:\/\/imagazine.it\/wp-content\/uploads\/2024\/01\/36586-1.webp",300,235,false],"thumbrelated":["https:\/\/imagazine.it\/wp-content\/uploads\/2024\/01\/36586-1.webp",500,392,false],"meccarouselthumb":["https:\/\/imagazine.it\/wp-content\/uploads\/2024\/01\/36586-1.webp",413,324,false],"gridsquare":["https:\/\/imagazine.it\/wp-content\/uploads\/2024\/01\/36586-1.webp",332,260,false],"tileview":["https:\/\/imagazine.it\/wp-content\/uploads\/2024\/01\/36586-1.webp",300,235,false],"1536x1536":["https:\/\/imagazine.it\/wp-content\/uploads\/2024\/01\/36586-1.webp",1000,784,false],"2048x2048":["https:\/\/imagazine.it\/wp-content\/uploads\/2024\/01\/36586-1.webp",1000,784,false],"newsup-slider-full":["https:\/\/imagazine.it\/wp-content\/uploads\/2024\/01\/36586-1-1000x720.webp",1000,720,true],"newsup-featured":["https:\/\/imagazine.it\/wp-content\/uploads\/2024\/01\/36586-1.webp",1000,784,false],"newsup-medium":["https:\/\/imagazine.it\/wp-content\/uploads\/2024\/01\/36586-1-720x380.webp",720,380,true],"tptn_thumbnail":["https:\/\/imagazine.it\/wp-content\/uploads\/2024\/01\/36586-1.webp",250,196,false],"sow-carousel-default":["https:\/\/imagazine.it\/wp-content\/uploads\/2024\/01\/36586-1-272x182.webp",272,182,true]},"rttpg_author":{"display_name":"redazione","author_link":"https:\/\/imagazine.it\/home_desk\/author\/redazione\/"},"rttpg_comment":0,"rttpg_category":"<a href=\"https:\/\/imagazine.it\/home_desk\/category\/attualita\/\" rel=\"category tag\">ATTUALIT\u00c0<\/a>","rttpg_excerpt":"Operativo dal luned\u00ec al venerd\u00ec","_links":{"self":[{"href":"https:\/\/imagazine.it\/home_desk\/wp-json\/wp\/v2\/posts\/34788","targetHints":{"allow":["GET"]}}],"collection":[{"href":"https:\/\/imagazine.it\/home_desk\/wp-json\/wp\/v2\/posts"}],"about":[{"href":"https:\/\/imagazine.it\/home_desk\/wp-json\/wp\/v2\/types\/post"}],"author":[{"embeddable":true,"href":"https:\/\/imagazine.it\/home_desk\/wp-json\/wp\/v2\/users\/28"}],"replies":[{"embeddable":true,"href":"https:\/\/imagazine.it\/home_desk\/wp-json\/wp\/v2\/comments?post=34788"}],"version-history":[{"count":0,"href":"https:\/\/imagazine.it\/home_desk\/wp-json\/wp\/v2\/posts\/34788\/revisions"}],"wp:featuredmedia":[{"embeddable":true,"href":"https:\/\/imagazine.it\/home_desk\/wp-json\/wp\/v2\/media\/34789"}],"wp:attachment":[{"href":"https:\/\/imagazine.it\/home_desk\/wp-json\/wp\/v2\/media?parent=34788"}],"wp:term":[{"taxonomy":"category","embeddable":true,"href":"https:\/\/imagazine.it\/home_desk\/wp-json\/wp\/v2\/categories?post=34788"},{"taxonomy":"post_tag","embeddable":true,"href":"https:\/\/imagazine.it\/home_desk\/wp-json\/wp\/v2\/tags?post=34788"}],"curies":[{"name":"wp","href":"https:\/\/api.w.org\/{rel}","templated":true}]}}