{"id":34782,"date":"2020-10-14T00:00:00","date_gmt":"2020-10-13T23:00:00","guid":{"rendered":"https:\/\/imagazine.it\/?p=34782"},"modified":"2020-10-14T00:00:00","modified_gmt":"2020-10-13T23:00:00","slug":"staranzano-lacli-progetta-il-futuro","status":"publish","type":"post","link":"https:\/\/imagazine.it\/home_desk\/staranzano-lacli-progetta-il-futuro\/","title":{"rendered":"Staranzano, l&#8217;ACLI progetta il futuro"},"content":{"rendered":"<p>Si \u00e8 svolta a Staranzano l&#39;annuale assemblea del Circolo ACLI \u2013 US \u201cMons. Francesco Plet\u201d alla presenza del sindaco <strong>Riccardo Marchesan<\/strong>, dell\u2019accompagnatore spirituale <strong>don Valter Milocco<\/strong> e del consigliere regionale <strong>Diego Moretti.<\/strong><\/p>\n<p>L\u2019assemblea, presieduta dall\u2019attuale presidente <strong>Davide Ronca<\/strong>, ha svolto i lavori assemblali necessari allo svolgimento delle attivit\u00e0 ordinarie, approvando la relazione dell\u2019anno 2019 e il relativo bilancio. Successivamente sono state discusse le linee programmatiche del 2020 e degli anni futuri.<\/p>\n<p>Fiore all\u2019occhiello del Circolo sono le attivit\u00e0 aggregative per ragazzi, proposte dal progetto \u201ceSTAte in STAlle\u201d che dal 2016 si attua a Staranzano, grazie anche ad importanti contributi della Fondazione Cassa di Risparmio di Gorizia e la Regione Friuli Venezia Giulia. \u00c8 stato poi adeguato ufficialmente lo statuto del Circolo rispetto al Codice del Terzo Settore, azione necessaria per allinearsi all\u2019attuale quadro normativo per coloro che operano nel tessuto sociale del nostro territorio.<\/p>\n<p>Con la collaborazione di <strong>Paolo Fragiacomo<\/strong> e l\u2019aiuto del socio <strong>Graziano Frate<\/strong>, \u00e8 stata presentata la pubblicazione &#8220;<em>Da un seme, un albero \u2013 I 60 anni del Circolo Acli di Staranzano<\/em>\u201d. Tale libro riassume in poche pagine una storia di passione, volont\u00e0 di dedicarsi al prossimo, alla comunit\u00e0 e al territorio che ancora oggi perdura nei tanti soci (giovani e meno giovani) che fanno parte del Circolo e si riconoscono nei suoi valori.<\/p>\n<p>Ricco di spunti di riflessione \u00e8 stato il dibattito tra i soci sull\u2019operato locale e provinciale, in quanto il Circolo di Staranzano rappresenta circa un quarto dei tesserati di tutte le Acli provinciali di Gorizia.<\/p>\n<p>Significativo \u00e8 stato anche il contributo di <strong>Franco Brussa<\/strong>, ex-consigliere regionale e socio storico che, assieme all\u2019Assemblea tutta, augura e concorda che il Circolo \u00e8 una realt\u00e0 viva e presente in Staranzano, capace di fare propri nuovi strumenti e opportunit\u00e0 per portare avanti nuovi progetti e attivit\u00e0 per i soci e la comunit\u00e0 tutta.<\/p>\n","protected":false},"excerpt":{"rendered":"<p>Svolta l&#8217;assemblea annuale<\/p>\n","protected":false},"author":22,"featured_media":34783,"comment_status":"closed","ping_status":"closed","sticky":false,"template":"","format":"standard","meta":{"dwc-title":[],"dwc-content":[],"footnotes":""},"categories":[5],"tags":[],"class_list":["post-34782","post","type-post","status-publish","format-standard","has-post-thumbnail","hentry","category-attualita"],"rttpg_featured_image_url":{"full":["https:\/\/imagazine.it\/wp-content\/uploads\/2024\/01\/36579-1.webp",1000,597,false],"landscape":["https:\/\/imagazine.it\/wp-content\/uploads\/2024\/01\/36579-1.webp",1000,597,false],"portraits":["https:\/\/imagazine.it\/wp-content\/uploads\/2024\/01\/36579-1.webp",1000,597,false],"thumbnail":["https:\/\/imagazine.it\/wp-content\/uploads\/2024\/01\/36579-1-150x150.webp",150,150,true],"medium":["https:\/\/imagazine.it\/wp-content\/uploads\/2024\/01\/36579-1-300x179.webp",300,179,true],"large":["https:\/\/imagazine.it\/wp-content\/uploads\/2024\/01\/36579-1.webp",640,382,false],"thumblist":["https:\/\/imagazine.it\/wp-content\/uploads\/2024\/01\/36579-1.webp",300,179,false],"thumbrelated":["https:\/\/imagazine.it\/wp-content\/uploads\/2024\/01\/36579-1.webp",500,299,false],"meccarouselthumb":["https:\/\/imagazine.it\/wp-content\/uploads\/2024\/01\/36579-1.webp",474,283,false],"gridsquare":["https:\/\/imagazine.it\/wp-content\/uploads\/2024\/01\/36579-1.webp",391,233,false],"tileview":["https:\/\/imagazine.it\/wp-content\/uploads\/2024\/01\/36579-1.webp",300,179,false],"1536x1536":["https:\/\/imagazine.it\/wp-content\/uploads\/2024\/01\/36579-1.webp",1000,597,false],"2048x2048":["https:\/\/imagazine.it\/wp-content\/uploads\/2024\/01\/36579-1.webp",1000,597,false],"newsup-slider-full":["https:\/\/imagazine.it\/wp-content\/uploads\/2024\/01\/36579-1.webp",1000,597,false],"newsup-featured":["https:\/\/imagazine.it\/wp-content\/uploads\/2024\/01\/36579-1.webp",1000,597,false],"newsup-medium":["https:\/\/imagazine.it\/wp-content\/uploads\/2024\/01\/36579-1-720x380.webp",720,380,true],"tptn_thumbnail":["https:\/\/imagazine.it\/wp-content\/uploads\/2024\/01\/36579-1.webp",250,149,false],"sow-carousel-default":["https:\/\/imagazine.it\/wp-content\/uploads\/2024\/01\/36579-1-272x182.webp",272,182,true]},"rttpg_author":{"display_name":"Livio Nonis","author_link":"https:\/\/imagazine.it\/home_desk\/author\/nonis\/"},"rttpg_comment":0,"rttpg_category":"<a href=\"https:\/\/imagazine.it\/home_desk\/category\/attualita\/\" rel=\"category tag\">ATTUALIT\u00c0<\/a>","rttpg_excerpt":"Svolta l'assemblea annuale","_links":{"self":[{"href":"https:\/\/imagazine.it\/home_desk\/wp-json\/wp\/v2\/posts\/34782","targetHints":{"allow":["GET"]}}],"collection":[{"href":"https:\/\/imagazine.it\/home_desk\/wp-json\/wp\/v2\/posts"}],"about":[{"href":"https:\/\/imagazine.it\/home_desk\/wp-json\/wp\/v2\/types\/post"}],"author":[{"embeddable":true,"href":"https:\/\/imagazine.it\/home_desk\/wp-json\/wp\/v2\/users\/22"}],"replies":[{"embeddable":true,"href":"https:\/\/imagazine.it\/home_desk\/wp-json\/wp\/v2\/comments?post=34782"}],"version-history":[{"count":0,"href":"https:\/\/imagazine.it\/home_desk\/wp-json\/wp\/v2\/posts\/34782\/revisions"}],"wp:featuredmedia":[{"embeddable":true,"href":"https:\/\/imagazine.it\/home_desk\/wp-json\/wp\/v2\/media\/34783"}],"wp:attachment":[{"href":"https:\/\/imagazine.it\/home_desk\/wp-json\/wp\/v2\/media?parent=34782"}],"wp:term":[{"taxonomy":"category","embeddable":true,"href":"https:\/\/imagazine.it\/home_desk\/wp-json\/wp\/v2\/categories?post=34782"},{"taxonomy":"post_tag","embeddable":true,"href":"https:\/\/imagazine.it\/home_desk\/wp-json\/wp\/v2\/tags?post=34782"}],"curies":[{"name":"wp","href":"https:\/\/api.w.org\/{rel}","templated":true}]}}