{"id":34774,"date":"2020-10-19T00:00:00","date_gmt":"2020-10-18T23:00:00","guid":{"rendered":"https:\/\/imagazine.it\/?p=34774"},"modified":"2020-10-19T00:00:00","modified_gmt":"2020-10-18T23:00:00","slug":"la-gorizia-ebraica-svela-la-sua-storia","status":"publish","type":"post","link":"https:\/\/imagazine.it\/home_desk\/la-gorizia-ebraica-svela-la-sua-storia\/","title":{"rendered":"La Gorizia ebraica svela la sua storia"},"content":{"rendered":"<p>Il 24 e 25 ottobre, fra le vie della citt\u00e0, nel cuore di <strong>Gorizia<\/strong> andr\u00e0 in scena &#8220;Gorizia nascosta. Le voci del silenzio&#8221;. Estemporanea proposta del CTA &#8211; Centro Teatro Animazione e Figure che ha pensato di riprendere e approfondire il tema legato alla comunit\u00e0 ebraica goriziana.<\/p>\n<p>I partecipanti, dotati di cuffie, percorreranno le strade della citt\u00e0 immersi in un\u2019atmosfera ovattata, dove spazio e tempo s\u2019intrecciano e permettono di scoprire storie lontane dalle nostre vite, ma molto vicine al sentire umano. Una voce narrante, che si muove tra presente e passato, suggerisce un percorso ricco di evocazioni, suggestioni, canti, video e interventi dal vivo.<\/p>\n<p>Attraverso la parola di chi ha avuto un legame con alcune strade o palazzi della citt\u00e0, sar\u00e0 possibile ascoltare la memoria dei luoghi, gli odori e i suoni. Si potr\u00e0 cos\u00ec conoscere l\u2019ex quartiere ebraico di Gorizia e la Sinagoga, il teatrino di Lele Luzzati e la storia di Esther; Graziadio Isaia Ascoli e la sua Casa; la via Rastello, che \u00e8 la pi\u00f9 antica via di Gorizia, e le vicende del giovane\u00a0Carlo\u00a0Michelstaedter. Fino a &#8220;sconfinare&#8221; in Slovenia per arrivare al cimitero ebraico, in un finale di poesia e canto. Sar\u00e0 un vero e proprio tour di circa due ore, con approfondimenti storico-teatrali in citt\u00e0.<\/p>\n<p>Appuntamento, quindi, sabato 24 ottobre alle ore 15 e domenica 25 ottobre alle 10 e alle 15 con ritrovo al Giardino\u00a0Farber,\u00a0in via Ascoli 19, venti minuti prima\u00a0dell\u2019orario\u00a0di partenza, al fine di facilitare la procedura di registrazione. La prenotazione \u00e8 obbligatoria e il biglietto unico ha un costo di 10 euro.\u00a0Sar\u00e0 importante avere con s\u00e9 un documento d\u2019identit\u00e0. Inoltre, come previsto dalla normativa anti-Covid vigente, sar\u00e0 obbligatorio indossare la mascherina per tutta la durata del percorso e mantenere la distanza fisica di un metro.<\/p>\n","protected":false},"excerpt":{"rendered":"<p>Il 24 e 25 ottobre<\/p>\n","protected":false},"author":28,"featured_media":34775,"comment_status":"closed","ping_status":"closed","sticky":false,"template":"","format":"standard","meta":{"dwc-title":[],"dwc-content":[],"footnotes":""},"categories":[8],"tags":[],"class_list":["post-34774","post","type-post","status-publish","format-standard","has-post-thumbnail","hentry","category-turismo"],"rttpg_featured_image_url":{"full":["https:\/\/imagazine.it\/wp-content\/uploads\/2024\/01\/36573-1.webp",1000,667,false],"landscape":["https:\/\/imagazine.it\/wp-content\/uploads\/2024\/01\/36573-1.webp",1000,667,false],"portraits":["https:\/\/imagazine.it\/wp-content\/uploads\/2024\/01\/36573-1.webp",1000,667,false],"thumbnail":["https:\/\/imagazine.it\/wp-content\/uploads\/2024\/01\/36573-1-150x150.webp",150,150,true],"medium":["https:\/\/imagazine.it\/wp-content\/uploads\/2024\/01\/36573-1-300x200.webp",300,200,true],"large":["https:\/\/imagazine.it\/wp-content\/uploads\/2024\/01\/36573-1.webp",640,427,false],"thumblist":["https:\/\/imagazine.it\/wp-content\/uploads\/2024\/01\/36573-1.webp",300,200,false],"thumbrelated":["https:\/\/imagazine.it\/wp-content\/uploads\/2024\/01\/36573-1.webp",500,334,false],"meccarouselthumb":["https:\/\/imagazine.it\/wp-content\/uploads\/2024\/01\/36573-1.webp",474,316,false],"gridsquare":["https:\/\/imagazine.it\/wp-content\/uploads\/2024\/01\/36573-1.webp",391,260,false],"tileview":["https:\/\/imagazine.it\/wp-content\/uploads\/2024\/01\/36573-1.webp",300,200,false],"1536x1536":["https:\/\/imagazine.it\/wp-content\/uploads\/2024\/01\/36573-1.webp",1000,667,false],"2048x2048":["https:\/\/imagazine.it\/wp-content\/uploads\/2024\/01\/36573-1.webp",1000,667,false],"newsup-slider-full":["https:\/\/imagazine.it\/wp-content\/uploads\/2024\/01\/36573-1.webp",1000,667,false],"newsup-featured":["https:\/\/imagazine.it\/wp-content\/uploads\/2024\/01\/36573-1.webp",1000,667,false],"newsup-medium":["https:\/\/imagazine.it\/wp-content\/uploads\/2024\/01\/36573-1-720x380.webp",720,380,true],"tptn_thumbnail":["https:\/\/imagazine.it\/wp-content\/uploads\/2024\/01\/36573-1.webp",250,167,false],"sow-carousel-default":["https:\/\/imagazine.it\/wp-content\/uploads\/2024\/01\/36573-1-272x182.webp",272,182,true]},"rttpg_author":{"display_name":"redazione","author_link":"https:\/\/imagazine.it\/home_desk\/author\/redazione\/"},"rttpg_comment":0,"rttpg_category":"<a href=\"https:\/\/imagazine.it\/home_desk\/category\/turismo\/\" rel=\"category tag\">TURISMO<\/a>","rttpg_excerpt":"Il 24 e 25 ottobre","_links":{"self":[{"href":"https:\/\/imagazine.it\/home_desk\/wp-json\/wp\/v2\/posts\/34774","targetHints":{"allow":["GET"]}}],"collection":[{"href":"https:\/\/imagazine.it\/home_desk\/wp-json\/wp\/v2\/posts"}],"about":[{"href":"https:\/\/imagazine.it\/home_desk\/wp-json\/wp\/v2\/types\/post"}],"author":[{"embeddable":true,"href":"https:\/\/imagazine.it\/home_desk\/wp-json\/wp\/v2\/users\/28"}],"replies":[{"embeddable":true,"href":"https:\/\/imagazine.it\/home_desk\/wp-json\/wp\/v2\/comments?post=34774"}],"version-history":[{"count":0,"href":"https:\/\/imagazine.it\/home_desk\/wp-json\/wp\/v2\/posts\/34774\/revisions"}],"wp:featuredmedia":[{"embeddable":true,"href":"https:\/\/imagazine.it\/home_desk\/wp-json\/wp\/v2\/media\/34775"}],"wp:attachment":[{"href":"https:\/\/imagazine.it\/home_desk\/wp-json\/wp\/v2\/media?parent=34774"}],"wp:term":[{"taxonomy":"category","embeddable":true,"href":"https:\/\/imagazine.it\/home_desk\/wp-json\/wp\/v2\/categories?post=34774"},{"taxonomy":"post_tag","embeddable":true,"href":"https:\/\/imagazine.it\/home_desk\/wp-json\/wp\/v2\/tags?post=34774"}],"curies":[{"name":"wp","href":"https:\/\/api.w.org\/{rel}","templated":true}]}}