{"id":34772,"date":"2020-10-19T00:00:00","date_gmt":"2020-10-18T23:00:00","guid":{"rendered":"https:\/\/imagazine.it\/?p=34772"},"modified":"2020-10-19T00:00:00","modified_gmt":"2020-10-18T23:00:00","slug":"trieste-porta-i-reportage-del-mondo-al-grande-pubblico","status":"publish","type":"post","link":"https:\/\/imagazine.it\/home_desk\/trieste-porta-i-reportage-del-mondo-al-grande-pubblico\/","title":{"rendered":"Trieste porta i reportage del mondo al grande pubblico"},"content":{"rendered":"<p>L\u2019appuntamento con la 17^ edizione de <strong>I Nostri Angeli<\/strong> \u00e8 <strong>sabato 24 ottobre, in seconda serata su Rai1 <\/strong>con due giornaliste d\u2019eccezione: <strong>Emma D\u2019Aquino<\/strong>, volto noto dell\u2019edizione principale del TG1, e <strong>Giovanna Botteri, <\/strong>corrispondente RAI da Pechino e Presidente della Giuria 2020 del Premio Luchetta.\u00a0<\/p>\n<p>Insieme accompagneranno il pubblico in <strong>un viaggio che esplora l\u2019attualit\u00e0 del nostro tempo<\/strong>, con i reportage internazionali che restituiscono testimonianze in presa diretta dalle trincee del mondo in cui <strong>\u00e8 l\u2019infanzia, soprattutto, a pagare il prezzo pi\u00f9 alto.<\/strong><\/p>\n<p>Un viaggio che inizia a Trieste, la citt\u00e0 di <strong>Marco Luchetta, Alessandro Ota, Dario D\u2019Angelo, \u00a0<\/strong>i primi inviati RAI a perdere la vita in missione di lavoro a Mostar Est nel gennaio del 1994 per documentare la difficile condizione dei bambini vittime della guerra balcanica.\u00a0 Solo due mesi dopo, un altro operatore triestino, <strong>Miran Hrovatin<\/strong>, assassinato in Somalia assieme alla giornalista Ilaria Alpi.<\/p>\n<p>Lo sguardo di Giovanna Botteri ed Emma D\u2019Aquino su \u201cche mondo che fa\u201d parte proprio dal cuore della citt\u00e0, <strong>Piazza Unit\u00e0<\/strong>, il <strong>Molo Audace<\/strong> sino al <strong>Magazzino 26<\/strong> nel Porto Vecchio della citt\u00e0 e all\u2019<strong>ex Arsenale del Lloyd austriaco<\/strong>.<\/p>\n<p>In questi luoghi <strong>la storia della citt\u00e0 si fonder\u00e0 idealmente con le storie altrettanto intense del nostro tempo:<\/strong> le racconteranno <strong>Sara Giudice<\/strong>, vincitrice del Premio Luchetta TV News, con il servizio trasmesso da <em>Piazza Pulita La7<\/em> sulle migliaia di minorenni che provano ad attraversare la rotta balcanica che proprio a Trieste trova il suo capolinea d\u2019occidente; <strong>Adnan Sarwar<\/strong> di <em>Channel 4<\/em> e il suo toccante reportage dal ghetto nero di Citt\u00e0 del Capo, dove le prime vittime nella guerra fra gang sono proprio i bambini; il giornalista spagnolo <strong>Antonio Pampliega<\/strong> che ha testimoniato per il suo giornale, <em>El Independiente<\/em>, i soprusi sulle spose bambine in Afghanistan; dell\u2019inviato di <em>Avvenire<\/em> <strong>Nello Scavo<\/strong> che ha ripercorso l\u2019odissea del bimbo ivoriano Simba sopravvissuto ai campi di prigionia libici fino all\u2019abbraccio in Italia con la sua mamma; del fotoreporter <strong>Andrea Frazzetta<\/strong>, con il reportage fotografico dalle coste inondate del Bangladesh, pubblicato sul <em>New York Times<\/em>.<\/p>\n<p>Con Emma D\u2019Aquino e Giovanna Botteri anche gli altri protagonisti del Premio Luchetta e di Link Festival del giornalismo 2020: <strong>Corrado Augias e Giovanni Minoli<\/strong>. E ci saranno <strong>Giulio Sapelli<\/strong>, vincitore del Premio Fieri, <strong>Andrea Vianello<\/strong> direttore di Rai News 24, <strong>Simona Sala<\/strong> alla guida del Gr Rai e di Radiouno,<strong> Corrado Formigli<\/strong> e <strong>Serena Bortone<\/strong>.<\/p>\n<p>Insieme a loro <strong>Daniela Luchetta<\/strong>, presidente della <strong>Fondazione Luchetta Ota D\u2019Angelo Hrovatin,<\/strong> che ha istituito il Premio per accendere i riflettori sulle realt\u00e0 pi\u00f9 drammatiche sollevando cos\u00ec il velo dell&#39;indifferenza e contribuire alla sensibilizzazione e alla tutela dei bambini vittime di ogni forma di violenza, alla promozione della solidariet\u00e0 tra i popoli e al rispetto delle diversit\u00e0 etniche e politiche. Principi sui quali si fonda anche il riconoscimento del Premio Speciale, quest\u2019anno assegnato alla Senatrice <strong>Liliana Segre.<\/strong>\u00a0<\/p>\n<p><a href=\"http:\/\/imagazinevideotruck.it\/outlet\/relink.html\" target=\"_top\" rel=\"noopener\"><img loading=\"lazy\" decoding=\"async\" align=\"LEFT\" height=\"250\" src=\"http:\/\/imagazinevideotruck.it\/outlet\/outlet30.gif\" width=\"300\" alt=\"\" title=\"\"><\/a><\/p>\n<p>\u00a0<\/p>\n<p>\u00a0<\/p>\n<p>\u00a0<\/p>\n<p>\u00a0<\/p>\n<p>\u00a0<\/p>\n<p>\u00a0<\/p>\n<p>\u00a0<\/p>\n<p>\u00a0<\/p>\n<p>\u00a0<\/p>\n<p>I Nostri Angeli \u00e8 un programma scritto da <strong>Laura Piazzi e Mirko Nazzaro<\/strong> per la regia di<strong> Cristiano Strambi<\/strong>. Produttore esecutivo<strong> Monica Gallella<\/strong>, a cura di <strong>Pierpaola Di Sabatino<\/strong>.<\/p>\n","protected":false},"excerpt":{"rendered":"<p>Grazie a &#8220;I nostri Angeli&#8221;<\/p>\n","protected":false},"author":28,"featured_media":34773,"comment_status":"closed","ping_status":"closed","sticky":false,"template":"","format":"standard","meta":{"dwc-title":[],"dwc-content":[],"footnotes":""},"categories":[37],"tags":[],"class_list":["post-34772","post","type-post","status-publish","format-standard","has-post-thumbnail","hentry","category-cultura-e-spettacolo"],"rttpg_featured_image_url":{"full":["https:\/\/imagazine.it\/wp-content\/uploads\/2024\/01\/36569-1.webp",1000,747,false],"landscape":["https:\/\/imagazine.it\/wp-content\/uploads\/2024\/01\/36569-1.webp",1000,747,false],"portraits":["https:\/\/imagazine.it\/wp-content\/uploads\/2024\/01\/36569-1.webp",1000,747,false],"thumbnail":["https:\/\/imagazine.it\/wp-content\/uploads\/2024\/01\/36569-1-150x150.webp",150,150,true],"medium":["https:\/\/imagazine.it\/wp-content\/uploads\/2024\/01\/36569-1-300x224.webp",300,224,true],"large":["https:\/\/imagazine.it\/wp-content\/uploads\/2024\/01\/36569-1.webp",640,478,false],"thumblist":["https:\/\/imagazine.it\/wp-content\/uploads\/2024\/01\/36569-1.webp",300,224,false],"thumbrelated":["https:\/\/imagazine.it\/wp-content\/uploads\/2024\/01\/36569-1.webp",500,374,false],"meccarouselthumb":["https:\/\/imagazine.it\/wp-content\/uploads\/2024\/01\/36569-1.webp",434,324,false],"gridsquare":["https:\/\/imagazine.it\/wp-content\/uploads\/2024\/01\/36569-1.webp",348,260,false],"tileview":["https:\/\/imagazine.it\/wp-content\/uploads\/2024\/01\/36569-1.webp",300,224,false],"1536x1536":["https:\/\/imagazine.it\/wp-content\/uploads\/2024\/01\/36569-1.webp",1000,747,false],"2048x2048":["https:\/\/imagazine.it\/wp-content\/uploads\/2024\/01\/36569-1.webp",1000,747,false],"newsup-slider-full":["https:\/\/imagazine.it\/wp-content\/uploads\/2024\/01\/36569-1-1000x720.webp",1000,720,true],"newsup-featured":["https:\/\/imagazine.it\/wp-content\/uploads\/2024\/01\/36569-1.webp",1000,747,false],"newsup-medium":["https:\/\/imagazine.it\/wp-content\/uploads\/2024\/01\/36569-1-720x380.webp",720,380,true],"tptn_thumbnail":["https:\/\/imagazine.it\/wp-content\/uploads\/2024\/01\/36569-1.webp",250,187,false],"sow-carousel-default":["https:\/\/imagazine.it\/wp-content\/uploads\/2024\/01\/36569-1-272x182.webp",272,182,true]},"rttpg_author":{"display_name":"redazione","author_link":"https:\/\/imagazine.it\/home_desk\/author\/redazione\/"},"rttpg_comment":0,"rttpg_category":"<a href=\"https:\/\/imagazine.it\/home_desk\/category\/cultura-e-spettacolo\/\" rel=\"category tag\">CULTURA&amp;SPETTACOLO<\/a>","rttpg_excerpt":"Grazie a \"I nostri Angeli\"","_links":{"self":[{"href":"https:\/\/imagazine.it\/home_desk\/wp-json\/wp\/v2\/posts\/34772","targetHints":{"allow":["GET"]}}],"collection":[{"href":"https:\/\/imagazine.it\/home_desk\/wp-json\/wp\/v2\/posts"}],"about":[{"href":"https:\/\/imagazine.it\/home_desk\/wp-json\/wp\/v2\/types\/post"}],"author":[{"embeddable":true,"href":"https:\/\/imagazine.it\/home_desk\/wp-json\/wp\/v2\/users\/28"}],"replies":[{"embeddable":true,"href":"https:\/\/imagazine.it\/home_desk\/wp-json\/wp\/v2\/comments?post=34772"}],"version-history":[{"count":0,"href":"https:\/\/imagazine.it\/home_desk\/wp-json\/wp\/v2\/posts\/34772\/revisions"}],"wp:featuredmedia":[{"embeddable":true,"href":"https:\/\/imagazine.it\/home_desk\/wp-json\/wp\/v2\/media\/34773"}],"wp:attachment":[{"href":"https:\/\/imagazine.it\/home_desk\/wp-json\/wp\/v2\/media?parent=34772"}],"wp:term":[{"taxonomy":"category","embeddable":true,"href":"https:\/\/imagazine.it\/home_desk\/wp-json\/wp\/v2\/categories?post=34772"},{"taxonomy":"post_tag","embeddable":true,"href":"https:\/\/imagazine.it\/home_desk\/wp-json\/wp\/v2\/tags?post=34772"}],"curies":[{"name":"wp","href":"https:\/\/api.w.org\/{rel}","templated":true}]}}