{"id":34748,"date":"2020-10-14T00:00:00","date_gmt":"2020-10-13T23:00:00","guid":{"rendered":"https:\/\/imagazine.it\/?p=34748"},"modified":"2020-10-14T00:00:00","modified_gmt":"2020-10-13T23:00:00","slug":"coronavirus-in-fvg-cresce-il-numero-dei-sintomatici","status":"publish","type":"post","link":"https:\/\/imagazine.it\/home_desk\/coronavirus-in-fvg-cresce-il-numero-dei-sintomatici\/","title":{"rendered":"Coronavirus, in FVG cresce il numero dei sintomatici"},"content":{"rendered":"<p>5.610 casi positivi, et\u00e0 media 51 anni, 454.083 i tamponi effettuati, 200.782 le persone testate e 356 decessi con una letalit\u00e0 &#8220;grezza&#8221;, l&#39;incidenza cio\u00e8 del numero di morti sulla popolazione malata nell&#39;arco di un determinato periodo, del 6,3% contro il dato medio italiano del 9,9%.<\/p>\n<p>Sono questi alcuni dei dati sull&#39;evoluzione della pandemia, elaborati dalla Task Force Covid-19, e presentati oggi dal governatore del Friuli Venezia Giulia, <strong>Massimiliano Fedriga<\/strong>, dal vice governatore con delega alla Salute, <strong>Riccardo Riccardi<\/strong>, e dall&#39;assessore all&#39;Istruzione, <strong>Alessia Rosolen<\/strong>, nel corso di una conferenza stampa tenutasi nel Palazzo della Regione.<\/p>\n<p>Per quanto riguarda i casi di Covid-19 ogni mille abitanti l&#39;incidenza cumulativa \u00e8 del 4,6% contro il 12,2% della Valle d&#39;Aosta, il 12% della Provincia Autonoma di Trento e l&#39;11,4% della Lombardia.<\/p>\n<p>Sono 165,7 le persone testate ogni mille abitanti, dato che porta il Friuli Venezia Giulia ai livelli di monitoraggio del Veneto (165,1) e preceduto solo da Trentino Alto Adige e Valle d&#39;Aosta.<\/p>\n<p>Negli ultimi mesi l&#39;et\u00e0 media dei positivi \u00e8 passata da 60,5 anni di luglio a 41 della scorsa settimana, con una curva che tende nuovamente a salire; cos\u00ec come tende a salire il numero dei casi positivi autoctoni rispetto a quelli importati dall&#39;estero o da altra regione (297 contro 10 da estero e 11 da altra regione nella settimana dal 5 all&#39;11 ottobre; nella settimana dal 24 al 30 agosto erano stati 56 i casi autoctoni, 58 dall&#39;estero e 18 da fuori regione).<\/p>\n<p><a href=\"http:\/\/imagazinevideotruck.it\/outlet\/relink.html\" target=\"_top\" rel=\"noopener\"><img loading=\"lazy\" decoding=\"async\" align=\"LEFT\" height=\"250\" src=\"http:\/\/imagazinevideotruck.it\/outlet\/outlet30.gif\" width=\"300\" alt=\"\" title=\"\"><\/a><\/p>\n<p>\u00a0<\/p>\n<p>\u00a0<\/p>\n<p>\u00a0<\/p>\n<p>\u00a0<\/p>\n<p>\u00a0<\/p>\n<p>\u00a0<\/p>\n<p>\u00a0<\/p>\n<p>\u00a0<\/p>\n<p>\u00a0<\/p>\n<p>Un dato rilevante riguarda l&#39;andamento dei casi positivi in rapporto allo stato clinico che evidenzia un aumento sia dei casi sintomatici che di quelli asintomatici (numero sintomatici e asintomatici nelle ultime tre settimane: 103 -99, 156-103, 121-197).<br \/> Tornando all&#39;analisi dell&#39;epidemia dal momento del suo insorgere a oggi, nelle residenze protette per anziani i tamponi eseguiti sono stati in tutto 36.803, con 8.859 (91,2% del totale) di persone testate, di cui 741 casi positivi e 168 decessi. Sugli operatori delle case di riposo sono stati eseguiti 47.109 tamponi, per 6.848 (97,5% del totale) persone testate, di cui 326 positive. Per quanto concerne il controllo tra i dipendenti del Sistema sanitario regionale: sono stati eseguiti 111.729 tamponi su 19.669 dipendenti testati (97,4% del totale), rilevando 374 casi positivi.<\/p>\n<p>L&#39;andamento del contagio nell&#39;Azienda sanitaria universitaria giuliano isontina (Asugi) fotografa 163.703 tamponi effettuati su residenti, per un totale di persone sottoposte a test di 68.637, con 2.459 casi positivi. Di questi gli ospiti di residenze per anziani risultati positivi sono stati 444 (18,1%), gli operatori in residenze per anziani 211 (8,6%), i dipendenti del SSR 203 (8,3%). I decessi nell&#39;area triestino giuliana sono stati 207 di cui quasi la met\u00e0, 93 (44,9%), erano ospiti di residenze per anziani. In Asugi i casi in terapia intensiva sono stati 72, in altri reparti 372.<\/p>\n<p>L&#39;andamento del contagio nell&#39;Azienda sanitaria universitaria Friuli centrale (Asufc) fotografa 208.185 tamponi effettuati su residenti, per un totale di 85.139 persone sottoposte a test, con 1.910 casi positivi. Di questi gli ospiti di residenze per anziani risultati positivi sono stati 205 (10,7%), gli operatori in residenze per anziani 82 (4,3%), i dipendenti del SSR 98 (5,1%). I decessi nell&#39;area friulana sono stati 77 di cui 53 (68,8%) erano ospiti di residenze per anziani. In Asufc i casi in terapia intensiva sono stati 88, in altri reparti 422.<\/p>\n<p>La fotografia dell&#39;andamento del contagio nell&#39;Azienda sanitaria Friuli orientale (Asfo) evidenzia 59.655 tamponi effettuati su residenti, per un totale di 30.990 persone sottoposte a test, con 1.214 casi positivi. Di questi gli ospiti di residenze per anziani risultati positivi sono stati 92 (7,6%), gli operatori in residenze per anziani 33 (2,7%), i dipendenti del SSR 71 (5,8%). I decessi nell&#39;area pordenonese sono stati 72 di cui 22 (30,6%) tra gli ospiti di residenze per anziani. In Asfo i casi in terapia intensiva sono stati 25, in altri reparti 198.<\/p>\n<p>\u00a0<\/p>\n","protected":false},"excerpt":{"rendered":"<p>Il punto sull&#8217;evoluzione della pandemia<\/p>\n","protected":false},"author":28,"featured_media":34749,"comment_status":"closed","ping_status":"closed","sticky":false,"template":"","format":"standard","meta":{"dwc-title":[],"dwc-content":[],"footnotes":""},"categories":[5],"tags":[],"class_list":["post-34748","post","type-post","status-publish","format-standard","has-post-thumbnail","hentry","category-attualita"],"rttpg_featured_image_url":{"full":["https:\/\/imagazine.it\/wp-content\/uploads\/2024\/01\/36508-1.webp",1000,636,false],"landscape":["https:\/\/imagazine.it\/wp-content\/uploads\/2024\/01\/36508-1.webp",1000,636,false],"portraits":["https:\/\/imagazine.it\/wp-content\/uploads\/2024\/01\/36508-1.webp",1000,636,false],"thumbnail":["https:\/\/imagazine.it\/wp-content\/uploads\/2024\/01\/36508-1-150x150.webp",150,150,true],"medium":["https:\/\/imagazine.it\/wp-content\/uploads\/2024\/01\/36508-1-300x191.webp",300,191,true],"large":["https:\/\/imagazine.it\/wp-content\/uploads\/2024\/01\/36508-1.webp",640,407,false],"thumblist":["https:\/\/imagazine.it\/wp-content\/uploads\/2024\/01\/36508-1.webp",300,191,false],"thumbrelated":["https:\/\/imagazine.it\/wp-content\/uploads\/2024\/01\/36508-1.webp",500,318,false],"meccarouselthumb":["https:\/\/imagazine.it\/wp-content\/uploads\/2024\/01\/36508-1.webp",474,301,false],"gridsquare":["https:\/\/imagazine.it\/wp-content\/uploads\/2024\/01\/36508-1.webp",391,249,false],"tileview":["https:\/\/imagazine.it\/wp-content\/uploads\/2024\/01\/36508-1.webp",300,191,false],"1536x1536":["https:\/\/imagazine.it\/wp-content\/uploads\/2024\/01\/36508-1.webp",1000,636,false],"2048x2048":["https:\/\/imagazine.it\/wp-content\/uploads\/2024\/01\/36508-1.webp",1000,636,false],"newsup-slider-full":["https:\/\/imagazine.it\/wp-content\/uploads\/2024\/01\/36508-1.webp",1000,636,false],"newsup-featured":["https:\/\/imagazine.it\/wp-content\/uploads\/2024\/01\/36508-1.webp",1000,636,false],"newsup-medium":["https:\/\/imagazine.it\/wp-content\/uploads\/2024\/01\/36508-1-720x380.webp",720,380,true],"tptn_thumbnail":["https:\/\/imagazine.it\/wp-content\/uploads\/2024\/01\/36508-1.webp",250,159,false],"sow-carousel-default":["https:\/\/imagazine.it\/wp-content\/uploads\/2024\/01\/36508-1-272x182.webp",272,182,true]},"rttpg_author":{"display_name":"redazione","author_link":"https:\/\/imagazine.it\/home_desk\/author\/redazione\/"},"rttpg_comment":0,"rttpg_category":"<a href=\"https:\/\/imagazine.it\/home_desk\/category\/attualita\/\" rel=\"category tag\">ATTUALIT\u00c0<\/a>","rttpg_excerpt":"Il punto sull'evoluzione della pandemia","_links":{"self":[{"href":"https:\/\/imagazine.it\/home_desk\/wp-json\/wp\/v2\/posts\/34748","targetHints":{"allow":["GET"]}}],"collection":[{"href":"https:\/\/imagazine.it\/home_desk\/wp-json\/wp\/v2\/posts"}],"about":[{"href":"https:\/\/imagazine.it\/home_desk\/wp-json\/wp\/v2\/types\/post"}],"author":[{"embeddable":true,"href":"https:\/\/imagazine.it\/home_desk\/wp-json\/wp\/v2\/users\/28"}],"replies":[{"embeddable":true,"href":"https:\/\/imagazine.it\/home_desk\/wp-json\/wp\/v2\/comments?post=34748"}],"version-history":[{"count":0,"href":"https:\/\/imagazine.it\/home_desk\/wp-json\/wp\/v2\/posts\/34748\/revisions"}],"wp:featuredmedia":[{"embeddable":true,"href":"https:\/\/imagazine.it\/home_desk\/wp-json\/wp\/v2\/media\/34749"}],"wp:attachment":[{"href":"https:\/\/imagazine.it\/home_desk\/wp-json\/wp\/v2\/media?parent=34748"}],"wp:term":[{"taxonomy":"category","embeddable":true,"href":"https:\/\/imagazine.it\/home_desk\/wp-json\/wp\/v2\/categories?post=34748"},{"taxonomy":"post_tag","embeddable":true,"href":"https:\/\/imagazine.it\/home_desk\/wp-json\/wp\/v2\/tags?post=34748"}],"curies":[{"name":"wp","href":"https:\/\/api.w.org\/{rel}","templated":true}]}}