{"id":34730,"date":"2020-10-13T00:00:00","date_gmt":"2020-10-12T23:00:00","guid":{"rendered":"https:\/\/imagazine.it\/?p=34730"},"modified":"2020-10-13T00:00:00","modified_gmt":"2020-10-12T23:00:00","slug":"coronavirus-riaperto-il-dodicesimo-piano-di-cattinara","status":"publish","type":"post","link":"https:\/\/imagazine.it\/home_desk\/coronavirus-riaperto-il-dodicesimo-piano-di-cattinara\/","title":{"rendered":"Coronavirus, riaperto il dodicesimo piano di Cattinara"},"content":{"rendered":"<p>Riaperto il dodicesimo piano dell&#39;Ospedale di Cattinara a Trieste, <u><a href=\"http:\/\/www.imagazine.it\/notizie-trieste-gorizia-udine-friuli\/7855\" target=\"_blank\" rel=\"noopener\">attrezzato per la terapia intensiva e semintensiva<\/a><\/u>, dove opereranno equipe di anestesisti e pneumologi per l&#39;assistenza ai pazienti Covid.<\/p>\n<p>Lo ha annunciato il vicegovernatore con delega alla Salute, <strong>Riccardo Riccardi<\/strong>, evidenziando che &#8220;al momento \u00e8 stato trasferito nella terapia intensiva Covid di Cattinara un sessantaquattrenne intubato proveniente da Udine gi\u00e0 collocato da ieri sera in una stanza isolata a pressione negativa ed \u00e8 in fase di trasferimento un secondo paziente intubato proveniente da San Vito. Nella semintensiva si trovano, invece, tre pazienti: uno proveniente dal reparto di malattie infettive dell&#39;Ospedale Maggiore, uno arrivato questa mattina all&#39;Ospedale di Cattinara con problemi pneumologici e un terzo paziente dializzato gi\u00e0 ricoverato da venerd\u00ec, che fino ad ora era rimasto isolato in una stanza dedicata alle persone colpite da Covid-19&#8221;.<\/p>\n<p>Riccardi ha spiegato &#8220;come previsto dal coordinamento regionale per l&#39;emergenza, fino a ora Udine ha ospitato i pazienti Covid positivi provenienti da tutto il Friuli Venezia Giulia utilizzando tutti i posti letto disponibili. Fino alle 15 di ieri i pazienti in terapia intensiva nel capoluogo friulano erano 5, mentre alle 21 sono saliti a 9; ma gi\u00e0 questa mattina uno di loro \u00e8 stato trasferito in altro reparto, dato che non necessita pi\u00f9 di terapia intensiva&#8221;.<\/p>\n<p>Secondo quanto evidenziato dall&#39;Azienda sanitaria universitaria Giuliano Isontina, a seguito dello spostamento del personale per la riattivazione dei reparti del dodicesimo piano di Cattinara \u00e8 stata sospesa la normale attivit\u00e0 della camera iperbarica, che rimarr\u00e0 attiva solo per le urgenze. Inoltre, da oggi, viene ridotta l&#39;attivit\u00e0 ambulatoriale anestesiologica e di terapia antalgica per consentire il mantenimento dell&#39;attivit\u00e0 chirurgica programmata. Per questa settimana non ci sar\u00e0 quindi alcuna sospensione degli interventi, mentre dalla prossima la programmazione sar\u00e0 rivista in funzione dell&#39;emergenza in atto. In ogni caso non ci sar\u00e0 alcuna sospensione degli interventi urgenti e di carattere oncologico e dell&#39;attivit\u00e0 dell&#39;emergenza-urgenza.<\/p>\n<p><a href=\"http:\/\/imagazinevideotruck.it\/outlet\/relink.html\" target=\"_top\" rel=\"noopener\"><img loading=\"lazy\" decoding=\"async\" align=\"LEFT\" height=\"250\" src=\"http:\/\/imagazinevideotruck.it\/outlet\/outlet30.gif\" width=\"300\" alt=\"\" title=\"\"><\/a><\/p>\n<p>\u00a0<\/p>\n<p>\u00a0<\/p>\n<p>\u00a0<\/p>\n<p>\u00a0<\/p>\n<p>\u00a0<\/p>\n<p>\u00a0<\/p>\n<p>\u00a0<\/p>\n<p>\u00a0<\/p>\n<p>\u00a0<\/p>\n<p>&#8220;La riorganizzazione attuata da Asugi (Azienda Sanitaria Universitaria Giuliano Isontina) \u00e8 stata attuata per garantire il massimo livello di sicurezza a pazienti e operatori attraverso la diversificazione dei percorsi &#8211; ha sottolineato Riccardi -. Le aree Covid di Cattinara sono infatti ben definite e isolate dalle altre, pertanto non c&#39;\u00e8 commistione di pazienti Covid positivi e negativi nello stesso reparto&#8221;.<\/p>\n<p>&#8220;Il piano pandemico di Asugi prevede, in caso di ripresa della pandemia, la concentrazione delle degenze intensive e semi-intensive Covid all&#39;ospedale di Cattinara, utilizzando il reparto allestito al dodicesimo piano della Torre medica, mentre al tredicesimo \u00e8 gi\u00e0 stata trasferita la Medicina d&#39;urgenza che svolge anche funzione di filtro indirizzando i pazienti che necessitano di ricovero ai reparti Covid e non Covid &#8211; ha confermato il vicegovernatore -. Questa organizzazione garantisce un alto grado di flessibilit\u00e0, non essendo possibile a priori prevedere n\u00e9 il numero totale di pazienti affetti da coronavirus, n\u00e9 la gravit\u00e0 della loro sintomatologia. Comunque a Cattinara rimangono disponibili i 15 posti letto di Terapia intensiva riservati ai pazienti non colpiti dal Covid. Sempre al dodicesimo piano \u00e8 stata resa operativa anche la degenza integrata Covid con la Pneumologia semintensiva, per un totale di 30 posti letto disponibili intensivi e semintensivi. Questa fase di gestione dell&#39;emergenza richiede un significativo aumento dell&#39;organico; pertanto \u00e8 gi\u00e0 stato attivato un rinforzo di personale, compresa un&#39;apposita equipe di anestesisti&#8221;.<\/p>\n","protected":false},"excerpt":{"rendered":"<p>La conferma dell&#8217;assessore Riccardi<\/p>\n","protected":false},"author":28,"featured_media":34731,"comment_status":"closed","ping_status":"closed","sticky":false,"template":"","format":"standard","meta":{"dwc-title":[],"dwc-content":[],"footnotes":""},"categories":[5],"tags":[],"class_list":["post-34730","post","type-post","status-publish","format-standard","has-post-thumbnail","hentry","category-attualita"],"rttpg_featured_image_url":{"full":["https:\/\/imagazine.it\/wp-content\/uploads\/2024\/01\/36454-1.webp",750,489,false],"landscape":["https:\/\/imagazine.it\/wp-content\/uploads\/2024\/01\/36454-1.webp",750,489,false],"portraits":["https:\/\/imagazine.it\/wp-content\/uploads\/2024\/01\/36454-1.webp",750,489,false],"thumbnail":["https:\/\/imagazine.it\/wp-content\/uploads\/2024\/01\/36454-1-150x150.webp",150,150,true],"medium":["https:\/\/imagazine.it\/wp-content\/uploads\/2024\/01\/36454-1-300x196.webp",300,196,true],"large":["https:\/\/imagazine.it\/wp-content\/uploads\/2024\/01\/36454-1.webp",640,417,false],"thumblist":["https:\/\/imagazine.it\/wp-content\/uploads\/2024\/01\/36454-1.webp",300,196,false],"thumbrelated":["https:\/\/imagazine.it\/wp-content\/uploads\/2024\/01\/36454-1.webp",500,326,false],"meccarouselthumb":["https:\/\/imagazine.it\/wp-content\/uploads\/2024\/01\/36454-1.webp",474,309,false],"gridsquare":["https:\/\/imagazine.it\/wp-content\/uploads\/2024\/01\/36454-1.webp",391,255,false],"tileview":["https:\/\/imagazine.it\/wp-content\/uploads\/2024\/01\/36454-1.webp",300,196,false],"1536x1536":["https:\/\/imagazine.it\/wp-content\/uploads\/2024\/01\/36454-1.webp",750,489,false],"2048x2048":["https:\/\/imagazine.it\/wp-content\/uploads\/2024\/01\/36454-1.webp",750,489,false],"newsup-slider-full":["https:\/\/imagazine.it\/wp-content\/uploads\/2024\/01\/36454-1.webp",750,489,false],"newsup-featured":["https:\/\/imagazine.it\/wp-content\/uploads\/2024\/01\/36454-1.webp",750,489,false],"newsup-medium":["https:\/\/imagazine.it\/wp-content\/uploads\/2024\/01\/36454-1-720x380.webp",720,380,true],"tptn_thumbnail":["https:\/\/imagazine.it\/wp-content\/uploads\/2024\/01\/36454-1.webp",250,163,false],"sow-carousel-default":["https:\/\/imagazine.it\/wp-content\/uploads\/2024\/01\/36454-1-272x182.webp",272,182,true]},"rttpg_author":{"display_name":"redazione","author_link":"https:\/\/imagazine.it\/home_desk\/author\/redazione\/"},"rttpg_comment":0,"rttpg_category":"<a href=\"https:\/\/imagazine.it\/home_desk\/category\/attualita\/\" rel=\"category tag\">ATTUALIT\u00c0<\/a>","rttpg_excerpt":"La conferma dell'assessore Riccardi","_links":{"self":[{"href":"https:\/\/imagazine.it\/home_desk\/wp-json\/wp\/v2\/posts\/34730","targetHints":{"allow":["GET"]}}],"collection":[{"href":"https:\/\/imagazine.it\/home_desk\/wp-json\/wp\/v2\/posts"}],"about":[{"href":"https:\/\/imagazine.it\/home_desk\/wp-json\/wp\/v2\/types\/post"}],"author":[{"embeddable":true,"href":"https:\/\/imagazine.it\/home_desk\/wp-json\/wp\/v2\/users\/28"}],"replies":[{"embeddable":true,"href":"https:\/\/imagazine.it\/home_desk\/wp-json\/wp\/v2\/comments?post=34730"}],"version-history":[{"count":0,"href":"https:\/\/imagazine.it\/home_desk\/wp-json\/wp\/v2\/posts\/34730\/revisions"}],"wp:featuredmedia":[{"embeddable":true,"href":"https:\/\/imagazine.it\/home_desk\/wp-json\/wp\/v2\/media\/34731"}],"wp:attachment":[{"href":"https:\/\/imagazine.it\/home_desk\/wp-json\/wp\/v2\/media?parent=34730"}],"wp:term":[{"taxonomy":"category","embeddable":true,"href":"https:\/\/imagazine.it\/home_desk\/wp-json\/wp\/v2\/categories?post=34730"},{"taxonomy":"post_tag","embeddable":true,"href":"https:\/\/imagazine.it\/home_desk\/wp-json\/wp\/v2\/tags?post=34730"}],"curies":[{"name":"wp","href":"https:\/\/api.w.org\/{rel}","templated":true}]}}