{"id":34726,"date":"2020-10-13T00:00:00","date_gmt":"2020-10-12T23:00:00","guid":{"rendered":"https:\/\/imagazine.it\/?p=34726"},"modified":"2020-10-13T00:00:00","modified_gmt":"2020-10-12T23:00:00","slug":"monfalcone-donata-piattaforma-per-videointubazione","status":"publish","type":"post","link":"https:\/\/imagazine.it\/home_desk\/monfalcone-donata-piattaforma-per-videointubazione\/","title":{"rendered":"Monfalcone, donata piattaforma per videointubazione"},"content":{"rendered":"<p>Si \u00e8 svolta presso l\u2019Auditorium dell\u2019Ospedale San Polo di Monfalcone la cerimonia di ringraziamento da parte di ASUGI per la donazione ricevuta dall\u2019Associazione Dinamici &#8211; Insieme per il volontariato e BCC di Staranzano e Villesse, una collaborazione che si \u00e8 consolidata con la raccolta fondi \u201cProgetto flash COVID 19\u201d indetta a marzo dall\u2019Associazione Dinamici e che ha visto la realizzazione dei container, corredati di tutto il necessario, per l\u2019ampliamento del Pronto Soccorso di Monfalcone e la consegna di ventilatori polmonari in uso a ASUGI, traguardo raggiunto grazie alla partecipazione massiva di tutto il territorio.<\/p>\n<p>All\u2019ospedale \u00e8 stato donato, a proseguimento dell\u2019iniziativa, un fibroscopio del valore di 47.580,32 euro ed \u00e8 stato inoltre possibile potenziare la Terapia Intensiva di Monfalcone con due posti letto aggiuntivi grazie ai complementi e ai materiali ricevuti per 8.529,78 euro. I lavori di ampliamento hanno consentito la creazione di una stanza di isolamento in cui \u00e8 possibile applicare una pressione negativa per la gestione delle patologie infettive.<\/p>\n<p>\u201cIn un periodo cos\u00ec intenso e problematico, siamo orgogliosi della risposta che la collettivit\u00e0 ha dato alla nostra iniziativa \u2013 ha dichiarato <strong>Manuela Fumis<\/strong>, presidentessa di Associazione Dinamici \u2013 un segnale forte ha regalato alla nostra associazione nuova energia per il proseguimento della nostra opera di volontariato sul e per il territorio\u201d.<\/p>\n<p><strong>Piattaforma video per la gestione delle vie aeree<\/strong><\/p>\n<p>La gestione delle vie aeree \u00e8 cruciale nell\u2019attivit\u00e0 clinica dell\u2019anestesista rianimatore. L\u2019intubazione tracheale \u00e8 una manovra necessaria per la conduzione dell\u2019anestesia generale e diventa salvavita nei casi di insufficienza respiratoria. La criticit\u00e0 principale per questa specialit\u00e0 \u00e8 rappresentata dai pazienti che presentano una difficolt\u00e0 di accesso alle vie aeree, che pu\u00f2 essere causata da particolari condizioni anatomiche, patologie croniche, condizioni acute quale l\u2019edema della glottide o il trauma. La mancata intubazione di un paziente pu\u00f2 comportare conseguenze estremamente gravi. Per questo motivo nel corso degli anni sono stati introdotti degli strumenti avanzati che consentono di ridurre il rischio anche nei casi difficili. L\u2019ultima generazione di questi strumenti sfrutta la tecnologia di un sistema video che consente di ridurre la difficolt\u00e0 di accesso alle vie aeree, rende possibile la didattica, riduce la possibilit\u00e0 di diffusione di agenti infettivi verso gli operatori. Il sistema \u00e8 modulare, consente l\u2019impiego degli strumenti a fibre ottiche, \u00e8 suscettibile di implementazione.<\/p>\n<p>Il sistema per la gestione delle vie aeree Storz unisce in un\u2019unica piattaforma tutti i presidi necessari alla gestione avanzata delle vie aeree, compresa la broncoscopia, per i pazienti ricoverati in terapia intensiva o sottoposti ad anestesia generale per intervento chirurgico. L\u2019impiego del videolaringoscopio per intubazione, per il quale \u00e8 documentata la possibilit\u00e0 di risolvere situazioni di intubazione difficile in laringoscopia diretta, si \u00e8 dimostrato in grado di ridurre il rischio di trasmissione di agenti infettivi dal paziente all\u2019operatore. Durante la recente pandemia tale strumento \u00e8 stato fortemente raccomandato da tutte le societ\u00e0 scientifiche.<\/p>\n<p><a href=\"http:\/\/imagazinevideotruck.it\/outlet\/relink.html\" target=\"_top\" rel=\"noopener\"><img loading=\"lazy\" decoding=\"async\" align=\"LEFT\" height=\"250\" src=\"http:\/\/imagazinevideotruck.it\/outlet\/outlet30.gif\" width=\"300\" alt=\"\" title=\"\"><\/a><\/p>\n<p>\u00a0<\/p>\n<p>\u00a0<\/p>\n<p>\u00a0<\/p>\n<p>\u00a0<\/p>\n<p>\u00a0<\/p>\n<p>\u00a0<\/p>\n<p>\u00a0<\/p>\n<p>\u00a0<\/p>\n<p>\u00a0<\/p>\n<p>La piattaforma integra i seguenti componenti: carrello per endoscopia corredato di monitor, fonte luminosa a LED, sistema di archiviazione immagine; broncoscopio calibro 5.5 mm per intubazione difficile prevista, broncoscopia con possibilit\u00e0 di aspirazione di secrezione e campionamento per esami colturali; broncoscopio calibro 4 mm per posizionamento di tubo endotracheale bilume, intubazione difficile prevista con tubi di calibro ridotto; adattatore per l\u2019utilizzo dei broncoscopi a fibre ottiche; videolaringoscopio per intubazione.<\/p>\n<p>La Struttura Complessa di Anestesia e Rianimazione, afferente al Dipartimento di Emergenza, comprende la terapia intensiva, l\u2019attivit\u00e0 anestesiologica, l\u2019ambulatorio di terapia del dolore.<\/p>\n<p>La Terapia Intensiva dispone posti letto dotati di monitoraggio multiparametrico e di ventilatori meccanici per il supporto respiratorio. L\u2019attivit\u00e0 terapeutico-assistenziale si svolge nell\u2019arco delle 24 ore con presenza costante del medico anestesista-rianimatore e del personale infermieristico. Accoglie i pazienti affetti da patologie che determinano una compromissione delle funzioni vitali. In particolare le patologie respiratorie acute e croniche, le patologie cardiovascolari, la sepsi e lo shock settico, le patologie neurologiche, le intossicazioni acute, lo scompenso metabolico.<\/p>\n<p>L\u2019attivit\u00e0 prevede il monitoraggio clinico-strumentale delle funzioni vitali con metodiche invasive e non invasive, il trattamento intensivo delle insufficienze d\u2019organo, il supporto emodinamico, la ventilazione meccanica invasiva e non invasiva, la profilassi, la diagnosi e il monitoraggio delle infezioni e inoltre attivit\u00e0 post-operatoria per i pazienti che sottoposti ad interventi di chirurgia medio-alta complessit\u00e0 necessitano di controlli nelle prime 24\/48 ore.<\/p>\n<p>La gravit\u00e0 della malattia e l\u2019invasivit\u00e0 del trattamento richiedono spesso che il paziente venga sottoposto a sedazione e analgesia. Evitare la sofferenza del paziente \u00e8 impegno costante di tutto il personale.<\/p>\n","protected":false},"excerpt":{"rendered":"<p>Collaborazione tra Associazione Dinamici e BCC di Staranzano<\/p>\n","protected":false},"author":28,"featured_media":34727,"comment_status":"closed","ping_status":"closed","sticky":false,"template":"","format":"standard","meta":{"dwc-title":[],"dwc-content":[],"footnotes":""},"categories":[5],"tags":[],"class_list":["post-34726","post","type-post","status-publish","format-standard","has-post-thumbnail","hentry","category-attualita"],"rttpg_featured_image_url":{"full":["https:\/\/imagazine.it\/wp-content\/uploads\/2024\/01\/36450-1.webp",1000,696,false],"landscape":["https:\/\/imagazine.it\/wp-content\/uploads\/2024\/01\/36450-1.webp",1000,696,false],"portraits":["https:\/\/imagazine.it\/wp-content\/uploads\/2024\/01\/36450-1.webp",1000,696,false],"thumbnail":["https:\/\/imagazine.it\/wp-content\/uploads\/2024\/01\/36450-1-150x150.webp",150,150,true],"medium":["https:\/\/imagazine.it\/wp-content\/uploads\/2024\/01\/36450-1-300x209.webp",300,209,true],"large":["https:\/\/imagazine.it\/wp-content\/uploads\/2024\/01\/36450-1.webp",640,445,false],"thumblist":["https:\/\/imagazine.it\/wp-content\/uploads\/2024\/01\/36450-1.webp",300,209,false],"thumbrelated":["https:\/\/imagazine.it\/wp-content\/uploads\/2024\/01\/36450-1.webp",500,348,false],"meccarouselthumb":["https:\/\/imagazine.it\/wp-content\/uploads\/2024\/01\/36450-1.webp",466,324,false],"gridsquare":["https:\/\/imagazine.it\/wp-content\/uploads\/2024\/01\/36450-1.webp",374,260,false],"tileview":["https:\/\/imagazine.it\/wp-content\/uploads\/2024\/01\/36450-1.webp",300,209,false],"1536x1536":["https:\/\/imagazine.it\/wp-content\/uploads\/2024\/01\/36450-1.webp",1000,696,false],"2048x2048":["https:\/\/imagazine.it\/wp-content\/uploads\/2024\/01\/36450-1.webp",1000,696,false],"newsup-slider-full":["https:\/\/imagazine.it\/wp-content\/uploads\/2024\/01\/36450-1.webp",1000,696,false],"newsup-featured":["https:\/\/imagazine.it\/wp-content\/uploads\/2024\/01\/36450-1.webp",1000,696,false],"newsup-medium":["https:\/\/imagazine.it\/wp-content\/uploads\/2024\/01\/36450-1-720x380.webp",720,380,true],"tptn_thumbnail":["https:\/\/imagazine.it\/wp-content\/uploads\/2024\/01\/36450-1.webp",250,174,false],"sow-carousel-default":["https:\/\/imagazine.it\/wp-content\/uploads\/2024\/01\/36450-1-272x182.webp",272,182,true]},"rttpg_author":{"display_name":"redazione","author_link":"https:\/\/imagazine.it\/home_desk\/author\/redazione\/"},"rttpg_comment":0,"rttpg_category":"<a href=\"https:\/\/imagazine.it\/home_desk\/category\/attualita\/\" rel=\"category tag\">ATTUALIT\u00c0<\/a>","rttpg_excerpt":"Collaborazione tra Associazione Dinamici e BCC di Staranzano","_links":{"self":[{"href":"https:\/\/imagazine.it\/home_desk\/wp-json\/wp\/v2\/posts\/34726","targetHints":{"allow":["GET"]}}],"collection":[{"href":"https:\/\/imagazine.it\/home_desk\/wp-json\/wp\/v2\/posts"}],"about":[{"href":"https:\/\/imagazine.it\/home_desk\/wp-json\/wp\/v2\/types\/post"}],"author":[{"embeddable":true,"href":"https:\/\/imagazine.it\/home_desk\/wp-json\/wp\/v2\/users\/28"}],"replies":[{"embeddable":true,"href":"https:\/\/imagazine.it\/home_desk\/wp-json\/wp\/v2\/comments?post=34726"}],"version-history":[{"count":0,"href":"https:\/\/imagazine.it\/home_desk\/wp-json\/wp\/v2\/posts\/34726\/revisions"}],"wp:featuredmedia":[{"embeddable":true,"href":"https:\/\/imagazine.it\/home_desk\/wp-json\/wp\/v2\/media\/34727"}],"wp:attachment":[{"href":"https:\/\/imagazine.it\/home_desk\/wp-json\/wp\/v2\/media?parent=34726"}],"wp:term":[{"taxonomy":"category","embeddable":true,"href":"https:\/\/imagazine.it\/home_desk\/wp-json\/wp\/v2\/categories?post=34726"},{"taxonomy":"post_tag","embeddable":true,"href":"https:\/\/imagazine.it\/home_desk\/wp-json\/wp\/v2\/tags?post=34726"}],"curies":[{"name":"wp","href":"https:\/\/api.w.org\/{rel}","templated":true}]}}