{"id":34724,"date":"2020-10-13T00:00:00","date_gmt":"2020-10-12T23:00:00","guid":{"rendered":"https:\/\/imagazine.it\/?p=34724"},"modified":"2020-10-13T00:00:00","modified_gmt":"2020-10-12T23:00:00","slug":"palmanova-village-cambia-nome-il-centro-dello-shopping-del-fvg","status":"publish","type":"post","link":"https:\/\/imagazine.it\/home_desk\/palmanova-village-cambia-nome-il-centro-dello-shopping-del-fvg\/","title":{"rendered":"Palmanova Village: cambia nome il centro dello shopping del FVG"},"content":{"rendered":"<p>Si chiamer\u00e0 <strong>Palmanova Village<\/strong>: dopo 12 anni dall\u2019apertura, il centro dello shopping FVG di Aiello del Friuli cambia nome in linea con il nuovo posizionamento del gruppo Land of Fashion che controlla anche i village di Franciacorta, Mantova, Valdichiana e Puglia.<\/p>\n<p>Scompare quindi dal nome la parola outlet, resta la convenienza della formula che garantisce sconti fino al 70% rispetto ai negozi tradizionali e, parallelamente, si rafforzano le strategie di mercato e di comunicazione del gruppo che punta a rafforzare l\u2019immagine dei Village come poli attrattivi di shopping, relax e divertimento in cui l\u2019esperienza del cliente \u00e8 fulcro di tutto.<\/p>\n<p>Nuova \u00e8 anche l\u2019immagine della comunicazione Land of Fashion che si ispira alla \u201c<strong><em>Dolce vita<\/em><\/strong>\u201d, quell\u2019attitudine conosciuta in tutto il mondo, quello stile di vita che caratterizza gli italiani per eleganza, fantasia e creativit\u00e0.<\/p>\n<p>L\u2019obiettivo dell\u2019amministratore delegato <strong>Volker Stinnes<\/strong>, infatti, \u00a0\u00e8 mettere il visitatore al centro di una rinnovata esperienza di shopping, radicando la natura esclusivamente italiana dei village non solo nel legame con i singoli territori ma anche attraverso l\u2019immagine dell\u2019italianit\u00e0 con immagini, allestimenti speciali, piccoli eventi e degustazioni a tema.<\/p>\n<p><a href=\"http:\/\/imagazinevideotruck.it\/outlet\/relink.html\" target=\"_top\" rel=\"noopener\"><img loading=\"lazy\" decoding=\"async\" align=\"LEFT\" height=\"250\" src=\"http:\/\/imagazinevideotruck.it\/outlet\/outlet30.gif\" width=\"300\" alt=\"\" title=\"\"><\/a><\/p>\n<p>\u00a0<\/p>\n<p>\u00a0<\/p>\n<p>\u00a0<\/p>\n<p>\u00a0<\/p>\n<p>\u00a0<\/p>\n<p>\u00a0<\/p>\n<p>\u00a0<\/p>\n<p>\u00a0<\/p>\n<p>\u00a0<\/p>\n<p><em>\u201cIl valore strategico del Palmanova Village \u00e8 duplice: \u00e8 riconosciuto in FVG come punto di riferimento per lo shopping di qualit\u00e0, ma \u00e8 anche destinazione nel senso pi\u00f9 turistico del termine, polo attrattivo per gli stranieri sul territorio regionale e a esso strettamente connesso <\/em>\u2013 spiega il direttore generale <strong>Domenico Casagrande <\/strong>\u2013. <em>L\u2019emergenza Covid e i mesi di chiusura hanno indubbiamente segnato l\u2019andamento del 2020 ma non ci fermiamo, come dimostrano le aperture di nuovi brand post lockdown e la Village Night organizzata a fine agosto. Proprio per la nostra posizione di confine, soffriamo pi\u00f9 di altri il calo dei visitatori stranieri ma la nuova strategia commerciale rappresenta un ottimo volano per attrarre proprio i clienti oltreconfine che cercano relax e lo stile italiano dello shopping nella massima sicurezza\u201d.<\/em><\/p>\n<p>Palmanova Village, infatti, protegge la salute e la sicurezza di clienti e dipendenti con speciali procedure igieniche di sanificazione nei negozi, lungo le vie del Village e negli spazi comuni. \u00c8 rafforzato il presidio di vigilanza e ci sono dispositivi per il controllo dei flussi di accesso nel rispetto della distanza minima di sicurezza insieme al controllo della temperatura corporea.<\/p>\n","protected":false},"excerpt":{"rendered":"<p>Obiettivo: far tornare i clienti da oltreconfine<\/p>\n","protected":false},"author":12,"featured_media":34725,"comment_status":"closed","ping_status":"closed","sticky":false,"template":"","format":"standard","meta":{"dwc-title":[],"dwc-content":[],"footnotes":""},"categories":[6],"tags":[],"class_list":["post-34724","post","type-post","status-publish","format-standard","has-post-thumbnail","hentry","category-societa"],"rttpg_featured_image_url":{"full":["https:\/\/imagazine.it\/wp-content\/uploads\/2024\/01\/36445-1.webp",1000,667,false],"landscape":["https:\/\/imagazine.it\/wp-content\/uploads\/2024\/01\/36445-1.webp",1000,667,false],"portraits":["https:\/\/imagazine.it\/wp-content\/uploads\/2024\/01\/36445-1.webp",1000,667,false],"thumbnail":["https:\/\/imagazine.it\/wp-content\/uploads\/2024\/01\/36445-1-150x150.webp",150,150,true],"medium":["https:\/\/imagazine.it\/wp-content\/uploads\/2024\/01\/36445-1-300x200.webp",300,200,true],"large":["https:\/\/imagazine.it\/wp-content\/uploads\/2024\/01\/36445-1.webp",640,427,false],"thumblist":["https:\/\/imagazine.it\/wp-content\/uploads\/2024\/01\/36445-1.webp",300,200,false],"thumbrelated":["https:\/\/imagazine.it\/wp-content\/uploads\/2024\/01\/36445-1.webp",500,334,false],"meccarouselthumb":["https:\/\/imagazine.it\/wp-content\/uploads\/2024\/01\/36445-1.webp",474,316,false],"gridsquare":["https:\/\/imagazine.it\/wp-content\/uploads\/2024\/01\/36445-1.webp",391,260,false],"tileview":["https:\/\/imagazine.it\/wp-content\/uploads\/2024\/01\/36445-1.webp",300,200,false],"1536x1536":["https:\/\/imagazine.it\/wp-content\/uploads\/2024\/01\/36445-1.webp",1000,667,false],"2048x2048":["https:\/\/imagazine.it\/wp-content\/uploads\/2024\/01\/36445-1.webp",1000,667,false],"newsup-slider-full":["https:\/\/imagazine.it\/wp-content\/uploads\/2024\/01\/36445-1.webp",1000,667,false],"newsup-featured":["https:\/\/imagazine.it\/wp-content\/uploads\/2024\/01\/36445-1.webp",1000,667,false],"newsup-medium":["https:\/\/imagazine.it\/wp-content\/uploads\/2024\/01\/36445-1-720x380.webp",720,380,true],"tptn_thumbnail":["https:\/\/imagazine.it\/wp-content\/uploads\/2024\/01\/36445-1.webp",250,167,false],"sow-carousel-default":["https:\/\/imagazine.it\/wp-content\/uploads\/2024\/01\/36445-1-272x182.webp",272,182,true]},"rttpg_author":{"display_name":"Claudio Pizzin","author_link":"https:\/\/imagazine.it\/home_desk\/author\/pizzin\/"},"rttpg_comment":0,"rttpg_category":"<a href=\"https:\/\/imagazine.it\/home_desk\/category\/societa\/\" rel=\"category tag\">SOCIET\u00c0<\/a>","rttpg_excerpt":"Obiettivo: far tornare i clienti da oltreconfine","_links":{"self":[{"href":"https:\/\/imagazine.it\/home_desk\/wp-json\/wp\/v2\/posts\/34724","targetHints":{"allow":["GET"]}}],"collection":[{"href":"https:\/\/imagazine.it\/home_desk\/wp-json\/wp\/v2\/posts"}],"about":[{"href":"https:\/\/imagazine.it\/home_desk\/wp-json\/wp\/v2\/types\/post"}],"author":[{"embeddable":true,"href":"https:\/\/imagazine.it\/home_desk\/wp-json\/wp\/v2\/users\/12"}],"replies":[{"embeddable":true,"href":"https:\/\/imagazine.it\/home_desk\/wp-json\/wp\/v2\/comments?post=34724"}],"version-history":[{"count":0,"href":"https:\/\/imagazine.it\/home_desk\/wp-json\/wp\/v2\/posts\/34724\/revisions"}],"wp:featuredmedia":[{"embeddable":true,"href":"https:\/\/imagazine.it\/home_desk\/wp-json\/wp\/v2\/media\/34725"}],"wp:attachment":[{"href":"https:\/\/imagazine.it\/home_desk\/wp-json\/wp\/v2\/media?parent=34724"}],"wp:term":[{"taxonomy":"category","embeddable":true,"href":"https:\/\/imagazine.it\/home_desk\/wp-json\/wp\/v2\/categories?post=34724"},{"taxonomy":"post_tag","embeddable":true,"href":"https:\/\/imagazine.it\/home_desk\/wp-json\/wp\/v2\/tags?post=34724"}],"curies":[{"name":"wp","href":"https:\/\/api.w.org\/{rel}","templated":true}]}}