{"id":34720,"date":"2020-10-08T00:00:00","date_gmt":"2020-10-07T23:00:00","guid":{"rendered":"https:\/\/imagazine.it\/?p=34720"},"modified":"2020-10-08T00:00:00","modified_gmt":"2020-10-07T23:00:00","slug":"elisa-si-sdoppia-per-contrastare-il-covid","status":"publish","type":"post","link":"https:\/\/imagazine.it\/home_desk\/elisa-si-sdoppia-per-contrastare-il-covid\/","title":{"rendered":"Elisa si sdoppia per contrastare il Covid"},"content":{"rendered":"<p>In considerazione della proroga dello stato di emergenza di recente approvazione, il concerto di\u00a0<strong>Elisa<\/strong>, previsto per\u00a0<strong>sabato 10 ottobre<\/strong>\u00a0a\u00a0<strong>Udine<\/strong>\u00a0(<u><a href=\"http:\/\/www.imagazine.it\/notizie-trieste-gorizia-udine-friuli\/8839\" target=\"_blank\" rel=\"noopener\">recupero della data del 3 ottobre<\/a><\/u>), sar\u00e0 rimodulato in\u00a0<strong>due diverse esibizioni,\u00a0<\/strong>che avranno luogo nella stessa giornata del 10 ottobre.\u00a0Questa soluzione permetter\u00e0 al pubblico che ha acquistato regolare biglietto di poter assistere al concerto.\u00a0<\/p>\n<p>La\u00a0<strong>prima esibizione<\/strong>\u00a0si terr\u00e0\u00a0alle ore\u00a0<strong>15\u00a0<\/strong>ed \u00e8 riservata agli spettatori possessori dei biglietti dei settori: 24, 25, 26, 27, 28, 29, 30, 31, 32, 33, 34, 35, 36, 37, 38, 39, 40, 41, 42, 43, 44 e del settore 23, dalla fila 6 alla fila 10.\u00a0La\u00a0<strong>seconda esibizione<\/strong>\u00a0si terr\u00e0\u00a0alle ore\u00a0<strong>18.30<\/strong>\u00a0ed \u00e8 riservata agli spettatori possessori dei biglietti dei settori: 1, 2, 3, 4, 5, 6, 7, 8, 9, 10, 11, 12, 13, 14, 15, 16, 17, 18, 19, 20, 21, 22 e del settore 23, file dalla 1 alla 5.<\/p>\n<p><strong>Per chi fosse impossibilitato a partecipare<\/strong> potr\u00e0 rivendere il proprio biglietto sulla piattaforma <strong>Fansale<\/strong> del circuito <strong>Ticketone<\/strong> (<u><a href=\"https:\/\/www.fansale.it\/fansale\/\" target=\"_blank\" rel=\"noopener\">https:\/\/www.fansale.it\/fansale\/<\/a><\/u>). Per chi volesse cedere il proprio tagliando a terzi sar\u00e0 possibile la procedura del cambio nominativo, da effettuare in uno dei punti vendita autorizzati (per chi ha acquistato in un punto fisico) o direttamente su <strong>Ticketone.it<\/strong> (per chi ha acquistato il biglietto online) entro il giorno 9 ottobre, quello cio\u00e8 precedente ai concerti.<\/p>\n<p><a href=\"http:\/\/imagazinevideotruck.it\/outlet\/relink.html\" target=\"_top\" rel=\"noopener\"><img loading=\"lazy\" decoding=\"async\" align=\"LEFT\" height=\"250\" src=\"http:\/\/imagazinevideotruck.it\/outlet\/outlet30.gif\" width=\"300\" alt=\"\" title=\"\"><\/a><\/p>\n<p>\u00a0<\/p>\n<p>\u00a0<\/p>\n<p>\u00a0<\/p>\n<p>\u00a0<\/p>\n<p>\u00a0<\/p>\n<p>\u00a0<\/p>\n<p>\u00a0<\/p>\n<p>\u00a0<\/p>\n<p>\u00a0<\/p>\n<p>Non sar\u00e0 invece possibile cambiare il nominativo dei biglietti acquistati il giorno stesso alla biglietteria del concerto. Sar\u00e0 anche attivato un rimborso del biglietto, effettuabile dal giorno 9 ottobre e entro e non oltre il giorno venerd\u00ec 16 ottobre, nel punto vendita dove \u00e8 stato effettuato l\u2019acquisto, consegnando i biglietti in originale, o direttamente su Ticketone.it per gli acquisti online. Per info <a href=\"mailto:ecomm.customerservice@ticketone.it\">ecomm.customerservice@ticketone.it<\/a> o chiamando al numero 892.101. Ulteriori informazioni sui biglietti su <u><a href=\"http:\/\/www.azalea.it\/\" target=\"_blank\" rel=\"noopener\">www.azalea.it<\/a><\/u> e <u><a href=\"http:\/\/www.friendsandpartners.it\/\" target=\"_blank\" rel=\"noopener\">www.friendsandpartners.it<\/a><\/u> o scrivendo a <a href=\"mailto:servizioclienti@friendsandpartners.it\">servizioclienti@friendsandpartners.it<\/a> .<\/p>\n","protected":false},"excerpt":{"rendered":"<p>Sabato in piazza Primo Maggio<\/p>\n","protected":false},"author":28,"featured_media":34721,"comment_status":"closed","ping_status":"closed","sticky":false,"template":"","format":"standard","meta":{"dwc-title":[],"dwc-content":[],"footnotes":""},"categories":[37],"tags":[],"class_list":["post-34720","post","type-post","status-publish","format-standard","has-post-thumbnail","hentry","category-cultura-e-spettacolo"],"rttpg_featured_image_url":{"full":["https:\/\/imagazine.it\/wp-content\/uploads\/2024\/01\/36441-1.webp",1024,657,false],"landscape":["https:\/\/imagazine.it\/wp-content\/uploads\/2024\/01\/36441-1.webp",1024,657,false],"portraits":["https:\/\/imagazine.it\/wp-content\/uploads\/2024\/01\/36441-1.webp",1024,657,false],"thumbnail":["https:\/\/imagazine.it\/wp-content\/uploads\/2024\/01\/36441-1-150x150.webp",150,150,true],"medium":["https:\/\/imagazine.it\/wp-content\/uploads\/2024\/01\/36441-1-300x192.webp",300,192,true],"large":["https:\/\/imagazine.it\/wp-content\/uploads\/2024\/01\/36441-1.webp",640,411,false],"thumblist":["https:\/\/imagazine.it\/wp-content\/uploads\/2024\/01\/36441-1.webp",300,192,false],"thumbrelated":["https:\/\/imagazine.it\/wp-content\/uploads\/2024\/01\/36441-1.webp",500,321,false],"meccarouselthumb":["https:\/\/imagazine.it\/wp-content\/uploads\/2024\/01\/36441-1.webp",474,304,false],"gridsquare":["https:\/\/imagazine.it\/wp-content\/uploads\/2024\/01\/36441-1.webp",391,251,false],"tileview":["https:\/\/imagazine.it\/wp-content\/uploads\/2024\/01\/36441-1.webp",300,192,false],"1536x1536":["https:\/\/imagazine.it\/wp-content\/uploads\/2024\/01\/36441-1.webp",1024,657,false],"2048x2048":["https:\/\/imagazine.it\/wp-content\/uploads\/2024\/01\/36441-1.webp",1024,657,false],"newsup-slider-full":["https:\/\/imagazine.it\/wp-content\/uploads\/2024\/01\/36441-1.webp",1024,657,false],"newsup-featured":["https:\/\/imagazine.it\/wp-content\/uploads\/2024\/01\/36441-1.webp",1024,657,false],"newsup-medium":["https:\/\/imagazine.it\/wp-content\/uploads\/2024\/01\/36441-1-720x380.webp",720,380,true],"tptn_thumbnail":["https:\/\/imagazine.it\/wp-content\/uploads\/2024\/01\/36441-1.webp",250,160,false],"sow-carousel-default":["https:\/\/imagazine.it\/wp-content\/uploads\/2024\/01\/36441-1-272x182.webp",272,182,true]},"rttpg_author":{"display_name":"redazione","author_link":"https:\/\/imagazine.it\/home_desk\/author\/redazione\/"},"rttpg_comment":0,"rttpg_category":"<a href=\"https:\/\/imagazine.it\/home_desk\/category\/cultura-e-spettacolo\/\" rel=\"category tag\">CULTURA&amp;SPETTACOLO<\/a>","rttpg_excerpt":"Sabato in piazza Primo Maggio","_links":{"self":[{"href":"https:\/\/imagazine.it\/home_desk\/wp-json\/wp\/v2\/posts\/34720","targetHints":{"allow":["GET"]}}],"collection":[{"href":"https:\/\/imagazine.it\/home_desk\/wp-json\/wp\/v2\/posts"}],"about":[{"href":"https:\/\/imagazine.it\/home_desk\/wp-json\/wp\/v2\/types\/post"}],"author":[{"embeddable":true,"href":"https:\/\/imagazine.it\/home_desk\/wp-json\/wp\/v2\/users\/28"}],"replies":[{"embeddable":true,"href":"https:\/\/imagazine.it\/home_desk\/wp-json\/wp\/v2\/comments?post=34720"}],"version-history":[{"count":0,"href":"https:\/\/imagazine.it\/home_desk\/wp-json\/wp\/v2\/posts\/34720\/revisions"}],"wp:featuredmedia":[{"embeddable":true,"href":"https:\/\/imagazine.it\/home_desk\/wp-json\/wp\/v2\/media\/34721"}],"wp:attachment":[{"href":"https:\/\/imagazine.it\/home_desk\/wp-json\/wp\/v2\/media?parent=34720"}],"wp:term":[{"taxonomy":"category","embeddable":true,"href":"https:\/\/imagazine.it\/home_desk\/wp-json\/wp\/v2\/categories?post=34720"},{"taxonomy":"post_tag","embeddable":true,"href":"https:\/\/imagazine.it\/home_desk\/wp-json\/wp\/v2\/tags?post=34720"}],"curies":[{"name":"wp","href":"https:\/\/api.w.org\/{rel}","templated":true}]}}