{"id":34694,"date":"2020-10-06T00:00:00","date_gmt":"2020-10-05T23:00:00","guid":{"rendered":"https:\/\/imagazine.it\/?p=34694"},"modified":"2020-10-06T00:00:00","modified_gmt":"2020-10-05T23:00:00","slug":"a-udine-leredita-europea-del-patriarcato-di-aquileia","status":"publish","type":"post","link":"https:\/\/imagazine.it\/home_desk\/a-udine-leredita-europea-del-patriarcato-di-aquileia\/","title":{"rendered":"A Udine l&#8217;eredit\u00e0 europea del Patriarcato di Aquileia"},"content":{"rendered":"<p>\u201cSe non ci fosse stato Covid, il Forum quest&#39;anno sarebbe stato una piccola Cernobbio. Costruendo questo appuntamento, ogni giorno mi sbalordivo per l&#39;entusiasmo nell&#39;adesione e per la volont\u00e0 forte e sincera di costruire relazioni internazionali\u201d. Lo ha affermato il presidente dell&#39;Associazione Mitteleuropa, il diplomatico friulano <strong>Paolo Petiziol<\/strong>,\u00a0 console della Repubblica Ceca e cittadino ungherese con tutti i diritti per i meriti acquisiti, introducendo l&#39;edizione 2020 del <strong>XVI Forum dell&#39;Euroregione Aquileiese, \u201cL&#39;eredit\u00e0 europea del Patriarcato di Aquileia. Il passato che non passa<\/strong>\u201d, che l&#39;associazione ha voluto organizzare a Udine dall&#39;8 al 10 ottobre. quale iniziativa \u201ccoraggiosa e singolare in tempi pieni di difficolt\u00e0 e incognite operative\u201d.<\/p>\n<p>La presentazione ha avuto luogo oggi, nella sala Florio di Palazzo Florio a Udine, alla presenza dell&#39;assessore regionale alla Cultura, <strong>Tiziana Gibelli<\/strong>, del presidente della Fondazione Friuli, <strong>Giuseppe Morandini<\/strong>, della vicepresidente dell&#39;Associazione Mitteleuropa, <strong>Camilla Beltramini<\/strong>, e del direttore artistico della FVG Orchestra, <strong>Claudio Mansutti<\/strong>.<\/p>\n<p>\u201cIl forum in programma il 9 ottobre in sala Aiace a Udine vuole offrire un momento di riflessione non solo sull&#39;indipendenza, ma anche sull&#39;interdipendenza tra i popoli e le comunit\u00e0 d&#39;Europa &#8211; ha proseguito Petiziol \u2013 e uno tra i punti pi\u00f9 importanti che toccheremo \u00e8 che il futuro della regione Fvg si gioca molto con la cultura da un lato e con le relazioni internazionali, dall&#39;altro. Sar\u00e0 l&#39;azione che sapremo fare all&#39;estero \u2013 ha aggiunto &#8211; che potr\u00e0 cambiare i risultati\u201d.<\/p>\n<p>L&#39;iniziativa \u00e8 sostenuta dalla Regione, dal Comune di Udine, dall&#39;Universit\u00e0, dalla Fondazione Friuli e realizzata in collaborazione con il ministero degli Affari esteri e la Central European Iniziative (Cei).<\/p>\n<p>Petiziol ha poi evidenziato l&#39;alto livello del \u201cparterre\u201d del XVI Forum, al quale interverranno le autorit\u00e0 regionali, dalla politica all&#39;universit\u00e0, fino al mondo dell&#39;economia e dell&#39;impresa, ma anche molti ospiti illustri dall&#39;estero, tra i quali <strong>Toma\u017e Kunstelj,<\/strong> Ambasciatore di Slovenia a Roma, <strong>Iztok Miro\u0161i\u010d<\/strong>, Ambasciatore Inviato Speciale del Ministro degli Esteri di Slovenia, <strong>Bernadette Kl\u00f6sch,<\/strong> vice responsabile dell&#39;Ambasciata d&#39;Austria a Roma, Jasen Mesi\u0107, Ambasciatore di Croazia in Roma e numerosi consoli. Solo per citarne alcuni.<\/p>\n<p>Commosso si \u00e8 detto Petiziol del concerto che la Fvg Orchestra diretta da <strong>Paolo Paroni<\/strong> dedicher\u00e0 al Forum (ma l&#39;evento \u00e8 aperto a tutti, anche agli studenti e alle scuole), e anche al suo presidente, venerd\u00ec 9 ottobre alle 19, prima della cena di gala.<\/p>\n<p>Per sabato 10 ottobre, Mitteleuropa ha organizzato una \u201cmissione\u201d con i diplomatici, sotto forma di tour turistico culturale della zona del Collio,\u201dper sostenere la candidatura di questa zona a Patrimonio dell&#39;Unesco\u201d, ha spiegato ancora il presidente. Al tour parteciperanno anche sindaci di Fvg e Slovenia, per dare un segnale di \u201ctransnazionalit\u00e0\u201d. Petiziol ha infine ricordato che al Forum si attende un messaggio del presidente del Parlamento Europeo, David Sassoli, invitato, ma che per motivi di agenda non potr\u00e0 essere presente. Nel corso del Forum si svolger\u00e0 anche un collegamento in streaming con l&#39;Universit\u00e0 di Udine,sede di Pordenone, per una partecipazione degli studenti a questo evento di respiro internazionale.<\/p>\n<p><a href=\"http:\/\/imagazinevideotruck.it\/outlet\/relink_udinefiera.html\" target=\"_top\" rel=\"noopener\"><img loading=\"lazy\" decoding=\"async\" align=\"LEFT\" height=\"250\" src=\"http:\/\/imagazinevideotruck.it\/outlet\/udinefiera.jpg\" width=\"300\" alt=\"\" title=\"\"><\/a><\/p>\n<p>\u00a0<\/p>\n<p>\u00a0<\/p>\n<p>\u00a0<\/p>\n<p>\u00a0<\/p>\n<p>\u00a0<\/p>\n<p>\u00a0<\/p>\n<p>\u00a0<\/p>\n<p>\u00a0<\/p>\n<p>\u00a0<\/p>\n<p>Confermando che\u00a0 \u201cil Forum di Mitteleuropa \u00e8 l&#39;appuntamento pi\u00f9i importante dell&#39;anno in regione in termini di relazioni internazionali\u201d, l&#39;assessore <strong>Gibelli <\/strong>ha espresso un plauso per l&#39;operato di Mitteleuropa e anche della Fvg Orchestra, della quale Petiziol \u00e8 presidente. \u201cA tredici mesi dalla costituzione della nuova Fvg orchestra \u2013 ha detto \u2013 con la presidenza Petiziol e la direzione artistica di Mansutti, i risultati sono buoni e si vedono\u201d. Parlando della Regione Fvg, Gibelli ha detto che \u201cnon \u00e8 una piccola regione, stiamo attendi ai complessi di inferiorit\u00e0, ma anzi lavoriamo tutti insieme, associazioni, Regione e Fondazioni, per il raggiungimento di obiettivi comuni\u201d. Sul tema del XVI Forum, infine, l&#39;assessore ha sottolineato che \u201c\u00e8 vero che la storia del Patriarcato di Aquileia non passa e meno male, perch\u00e9 l&#39;eredit\u00e0 pi\u00f9 importante e positiva che il Patriarcato ci ha lasciato \u00e8 la capacit\u00e0 di relazionarsi con gli altri, altrimenti in Europa finiamo per arrivare a quello che \u00e8 stato evitato, cio\u00e8 le sbarre ai confini\u201d.<\/p>\n<p>\u201cIl Forum organizzato da Mitteleuropa \u2013 ha sottolineato da parte sua il presidente della Fondazione Friuli <strong>Morandini <\/strong>\u2013 \u00e8 uno degli eventi a maggior tasso di internazionalit\u00e0 \u201cvera\u201d di questa regione. Continuo a seguirlo da anni, e vi si coglie il livello di amicizia e sincerit\u00e0 nei rapporti internazionali che l&#39;associazione riesce a costruire: un valore enorme \u2013 ha aggiunto &#8211; su cui dobbiamo continuare a investire. C&#39;\u00e8 bisogno di Europa vera, quella capace di affrontare dinamiche e dimensioni dei problemi che stiamo affrontando\u201d.<\/p>\n<p>La vicepresidente di Mitteleuropa, <strong>Camilla Beltramini<\/strong>, ha voluto evidenziare che \u201cnel mondo interconnesso, la diplomazia \u00e8 uscita dagli schemi tradizionali e coinvolge una molteplicit\u00e0 di attori, le istituzioni, l&#39;universit\u00e0, il mondo imprenditoriale. Mitteleruopa \u00e8 al servizio del territorio. Domani si terr\u00e0 in Confindustria a Udine un convegno sull&#39;intelligenza artificiale che abbiamo contribuito a realizzare.E&#39; la conferma del nostro spirito attuale\u201d.<\/p>\n<p><strong>Claudio Mansutti<\/strong> ha poi illustrato il concerto che, in occasione del XVI Forum internazionale dell\u2019Euroregione Aquileiese, vedr\u00e0,\u00a0 esibirsi, venerd\u00ec 9 ottobre nella ex chiesa di San Francesco, la FVG Orchestra con la solista Cecilia Barucca Sebastiani al violoncello. Sul podio il Maestro Paolo Paroni. Durante la serata, intitolata \u201cDal primo Classicismo di Joseph Haydn alla nascita del Romanticismo viennese con Franz Shubert\u201d, saranno eseguiti il Concerto n. 1 in do maggiore per violoncello e orchestra di Joseph Haydn e la Sinfonia n. 4 in do minore D417 \u201cTragica\u201d di Franz Schubert.<\/p>\n<p>\u201cIl primo Concerto \u2013 ha spiegato Mansutti \u2013 mette in luce lo strumento solista grazie a una scrittura virtuosistica, brillante e cristallina, nel contempo mai tradendo gli ordinati canoni formali e stilistici del periodo classico. La Sinfonia di Schubert, invece, scritta solo circa cinquant\u2019anni pi\u00f9 tardi apre un nuovo mondo espressivo e, pur omaggiando rispettosamente lo stile che fu di Haydn, Mozart e il primo Beethoven, contribuisce a gettare le basi per la nascita e lo sviluppo del nuovo movimento romantico\u201d.<\/p>\n","protected":false},"excerpt":{"rendered":"<p>Forum internazionale dell&#8217;Euroregione Aquileiese<\/p>\n","protected":false},"author":28,"featured_media":34695,"comment_status":"closed","ping_status":"closed","sticky":false,"template":"","format":"standard","meta":{"dwc-title":[],"dwc-content":[],"footnotes":""},"categories":[5],"tags":[],"class_list":["post-34694","post","type-post","status-publish","format-standard","has-post-thumbnail","hentry","category-attualita"],"rttpg_featured_image_url":{"full":["https:\/\/imagazine.it\/wp-content\/uploads\/2024\/01\/36377-1.webp",900,600,false],"landscape":["https:\/\/imagazine.it\/wp-content\/uploads\/2024\/01\/36377-1.webp",900,600,false],"portraits":["https:\/\/imagazine.it\/wp-content\/uploads\/2024\/01\/36377-1.webp",900,600,false],"thumbnail":["https:\/\/imagazine.it\/wp-content\/uploads\/2024\/01\/36377-1-150x150.webp",150,150,true],"medium":["https:\/\/imagazine.it\/wp-content\/uploads\/2024\/01\/36377-1-300x200.webp",300,200,true],"large":["https:\/\/imagazine.it\/wp-content\/uploads\/2024\/01\/36377-1.webp",640,427,false],"thumblist":["https:\/\/imagazine.it\/wp-content\/uploads\/2024\/01\/36377-1.webp",300,200,false],"thumbrelated":["https:\/\/imagazine.it\/wp-content\/uploads\/2024\/01\/36377-1.webp",500,333,false],"meccarouselthumb":["https:\/\/imagazine.it\/wp-content\/uploads\/2024\/01\/36377-1.webp",474,316,false],"gridsquare":["https:\/\/imagazine.it\/wp-content\/uploads\/2024\/01\/36377-1.webp",391,260,false],"tileview":["https:\/\/imagazine.it\/wp-content\/uploads\/2024\/01\/36377-1.webp",300,200,false],"1536x1536":["https:\/\/imagazine.it\/wp-content\/uploads\/2024\/01\/36377-1.webp",900,600,false],"2048x2048":["https:\/\/imagazine.it\/wp-content\/uploads\/2024\/01\/36377-1.webp",900,600,false],"newsup-slider-full":["https:\/\/imagazine.it\/wp-content\/uploads\/2024\/01\/36377-1.webp",900,600,false],"newsup-featured":["https:\/\/imagazine.it\/wp-content\/uploads\/2024\/01\/36377-1.webp",900,600,false],"newsup-medium":["https:\/\/imagazine.it\/wp-content\/uploads\/2024\/01\/36377-1-720x380.webp",720,380,true],"tptn_thumbnail":["https:\/\/imagazine.it\/wp-content\/uploads\/2024\/01\/36377-1.webp",250,167,false],"sow-carousel-default":["https:\/\/imagazine.it\/wp-content\/uploads\/2024\/01\/36377-1-272x182.webp",272,182,true]},"rttpg_author":{"display_name":"redazione","author_link":"https:\/\/imagazine.it\/home_desk\/author\/redazione\/"},"rttpg_comment":0,"rttpg_category":"<a href=\"https:\/\/imagazine.it\/home_desk\/category\/attualita\/\" rel=\"category tag\">ATTUALIT\u00c0<\/a>","rttpg_excerpt":"Forum internazionale dell'Euroregione Aquileiese","_links":{"self":[{"href":"https:\/\/imagazine.it\/home_desk\/wp-json\/wp\/v2\/posts\/34694","targetHints":{"allow":["GET"]}}],"collection":[{"href":"https:\/\/imagazine.it\/home_desk\/wp-json\/wp\/v2\/posts"}],"about":[{"href":"https:\/\/imagazine.it\/home_desk\/wp-json\/wp\/v2\/types\/post"}],"author":[{"embeddable":true,"href":"https:\/\/imagazine.it\/home_desk\/wp-json\/wp\/v2\/users\/28"}],"replies":[{"embeddable":true,"href":"https:\/\/imagazine.it\/home_desk\/wp-json\/wp\/v2\/comments?post=34694"}],"version-history":[{"count":0,"href":"https:\/\/imagazine.it\/home_desk\/wp-json\/wp\/v2\/posts\/34694\/revisions"}],"wp:featuredmedia":[{"embeddable":true,"href":"https:\/\/imagazine.it\/home_desk\/wp-json\/wp\/v2\/media\/34695"}],"wp:attachment":[{"href":"https:\/\/imagazine.it\/home_desk\/wp-json\/wp\/v2\/media?parent=34694"}],"wp:term":[{"taxonomy":"category","embeddable":true,"href":"https:\/\/imagazine.it\/home_desk\/wp-json\/wp\/v2\/categories?post=34694"},{"taxonomy":"post_tag","embeddable":true,"href":"https:\/\/imagazine.it\/home_desk\/wp-json\/wp\/v2\/tags?post=34694"}],"curies":[{"name":"wp","href":"https:\/\/api.w.org\/{rel}","templated":true}]}}