{"id":34656,"date":"2020-10-01T00:00:00","date_gmt":"2020-09-30T23:00:00","guid":{"rendered":"https:\/\/imagazine.it\/?p=34656"},"modified":"2020-10-01T00:00:00","modified_gmt":"2020-09-30T23:00:00","slug":"maltempo-in-arrivo-piogge-intense-e-mareggiate","status":"publish","type":"post","link":"https:\/\/imagazine.it\/home_desk\/maltempo-in-arrivo-piogge-intense-e-mareggiate\/","title":{"rendered":"Maltempo, in arrivo piogge intense e mareggiate"},"content":{"rendered":"<p>La Protezione Civile del FVG ha diramato <u><a href=\"https:\/\/www.protezionecivile.fvg.it\/sites\/default\/files\/allerta\/2020-10\/allerta_regionale_28_del_2020.pdf\" target=\"_blank\" rel=\"noopener\">un\u2019allerta meteo dalle ore 10 di venerd\u00ec 2 ottobre alle ore 24 di sabato 3 ottobre<\/a><\/u>, per piogge intense, vento forte, acqua alta e mareggiate. In particolare dalla giornata di sabato \u00e8 atteso un innalzamento dei principali corsi d&#39;acqua, in\u00a0particolare nel bacino del Cellina-Meduna e vento forte con acqua alta e mareggiate sulla costa.<\/p>\n<p>Secondo le previsioni, una saccatura atlantica, entrando nel Mediterraneo, determiner\u00e0 l&#39;afflusso di forti correnti umide sudoccidentali in quota, sciroccali nei bassi strati, pi\u00f9 intense da venerd\u00ec sera; sabato passer\u00e0 un marcato fronte.<\/p>\n<p><a href=\"http:\/\/imagazinevideotruck.it\/outlet\/relink_udinefiera.html\" target=\"_top\" rel=\"noopener\"><img loading=\"lazy\" decoding=\"async\" align=\"LEFT\" height=\"250\" src=\"http:\/\/imagazinevideotruck.it\/outlet\/udinefiera.jpg\" width=\"300\" alt=\"\" title=\"\"><\/a><\/p>\n<p>\u00a0<\/p>\n<p>\u00a0<\/p>\n<p>\u00a0<\/p>\n<p>\u00a0<\/p>\n<p>\u00a0<\/p>\n<p>\u00a0<\/p>\n<p>\u00a0<\/p>\n<p>\u00a0<\/p>\n<p>\u00a0<\/p>\n<p>Venerd\u00ec inizialmente le piogge dovrebbero essere moderate, poi dal tardo pomeriggio-sera diventeranno pi\u00f9 intense sulle Prealpi e in Carnia, abbondanti altrove, anche temporalesche, meno sulla costa. Sulla costa soffier\u00e0 Scirocco moderato, anche sostenuto dalla sera. Possibili mareggiate e acqua alta. Vento sostenuto in quota.<\/p>\n<p>Sabato saranno probabili piogge molto intense sulle Prealpi, in genere intense altrove. Possibile qualche temporale forte. Soffier\u00e0 Scirocco da sostenuto a temporaneamente forte. Vento forte anche in quota. Probabili mareggiate e acqua alta. Dal pomeriggio-sera il vento girer\u00e0 a Libeccio e poi i fenomeni tenderanno ad attenuarsi a iniziare da ovest.<\/p>\n","protected":false},"excerpt":{"rendered":"<p>Allerta della Protezione Civile<\/p>\n","protected":false},"author":28,"featured_media":34657,"comment_status":"closed","ping_status":"closed","sticky":false,"template":"","format":"standard","meta":{"dwc-title":[],"dwc-content":[],"footnotes":""},"categories":[5],"tags":[],"class_list":["post-34656","post","type-post","status-publish","format-standard","has-post-thumbnail","hentry","category-attualita"],"rttpg_featured_image_url":{"full":["https:\/\/imagazine.it\/wp-content\/uploads\/2024\/01\/36327-1.webp",1000,662,false],"landscape":["https:\/\/imagazine.it\/wp-content\/uploads\/2024\/01\/36327-1.webp",1000,662,false],"portraits":["https:\/\/imagazine.it\/wp-content\/uploads\/2024\/01\/36327-1.webp",1000,662,false],"thumbnail":["https:\/\/imagazine.it\/wp-content\/uploads\/2024\/01\/36327-1-150x150.webp",150,150,true],"medium":["https:\/\/imagazine.it\/wp-content\/uploads\/2024\/01\/36327-1-300x199.webp",300,199,true],"large":["https:\/\/imagazine.it\/wp-content\/uploads\/2024\/01\/36327-1.webp",640,424,false],"thumblist":["https:\/\/imagazine.it\/wp-content\/uploads\/2024\/01\/36327-1.webp",300,199,false],"thumbrelated":["https:\/\/imagazine.it\/wp-content\/uploads\/2024\/01\/36327-1.webp",500,331,false],"meccarouselthumb":["https:\/\/imagazine.it\/wp-content\/uploads\/2024\/01\/36327-1.webp",474,314,false],"gridsquare":["https:\/\/imagazine.it\/wp-content\/uploads\/2024\/01\/36327-1.webp",391,260,false],"tileview":["https:\/\/imagazine.it\/wp-content\/uploads\/2024\/01\/36327-1.webp",300,199,false],"1536x1536":["https:\/\/imagazine.it\/wp-content\/uploads\/2024\/01\/36327-1.webp",1000,662,false],"2048x2048":["https:\/\/imagazine.it\/wp-content\/uploads\/2024\/01\/36327-1.webp",1000,662,false],"newsup-slider-full":["https:\/\/imagazine.it\/wp-content\/uploads\/2024\/01\/36327-1.webp",1000,662,false],"newsup-featured":["https:\/\/imagazine.it\/wp-content\/uploads\/2024\/01\/36327-1.webp",1000,662,false],"newsup-medium":["https:\/\/imagazine.it\/wp-content\/uploads\/2024\/01\/36327-1-720x380.webp",720,380,true],"tptn_thumbnail":["https:\/\/imagazine.it\/wp-content\/uploads\/2024\/01\/36327-1.webp",250,166,false],"sow-carousel-default":["https:\/\/imagazine.it\/wp-content\/uploads\/2024\/01\/36327-1-272x182.webp",272,182,true]},"rttpg_author":{"display_name":"redazione","author_link":"https:\/\/imagazine.it\/home_desk\/author\/redazione\/"},"rttpg_comment":0,"rttpg_category":"<a href=\"https:\/\/imagazine.it\/home_desk\/category\/attualita\/\" rel=\"category tag\">ATTUALIT\u00c0<\/a>","rttpg_excerpt":"Allerta della Protezione Civile","_links":{"self":[{"href":"https:\/\/imagazine.it\/home_desk\/wp-json\/wp\/v2\/posts\/34656","targetHints":{"allow":["GET"]}}],"collection":[{"href":"https:\/\/imagazine.it\/home_desk\/wp-json\/wp\/v2\/posts"}],"about":[{"href":"https:\/\/imagazine.it\/home_desk\/wp-json\/wp\/v2\/types\/post"}],"author":[{"embeddable":true,"href":"https:\/\/imagazine.it\/home_desk\/wp-json\/wp\/v2\/users\/28"}],"replies":[{"embeddable":true,"href":"https:\/\/imagazine.it\/home_desk\/wp-json\/wp\/v2\/comments?post=34656"}],"version-history":[{"count":0,"href":"https:\/\/imagazine.it\/home_desk\/wp-json\/wp\/v2\/posts\/34656\/revisions"}],"wp:featuredmedia":[{"embeddable":true,"href":"https:\/\/imagazine.it\/home_desk\/wp-json\/wp\/v2\/media\/34657"}],"wp:attachment":[{"href":"https:\/\/imagazine.it\/home_desk\/wp-json\/wp\/v2\/media?parent=34656"}],"wp:term":[{"taxonomy":"category","embeddable":true,"href":"https:\/\/imagazine.it\/home_desk\/wp-json\/wp\/v2\/categories?post=34656"},{"taxonomy":"post_tag","embeddable":true,"href":"https:\/\/imagazine.it\/home_desk\/wp-json\/wp\/v2\/tags?post=34656"}],"curies":[{"name":"wp","href":"https:\/\/api.w.org\/{rel}","templated":true}]}}